{"id":2941,"date":"2010-12-08T17:28:34","date_gmt":"2010-12-08T17:28:34","guid":{"rendered":"http:\/\/www.agriatv.hu\/?p=2941"},"modified":"2010-12-08T17:28:34","modified_gmt":"2010-12-08T17:28:34","slug":"europa-filmjei-heves-megyeben","status":"publish","type":"post","link":"https:\/\/www.agriatv.hu\/?p=2941","title":{"rendered":"Eur\u00f3pa filmjei Heves megy\u00e9ben"},"content":{"rendered":"<p><img loading=\"lazy\" decoding=\"async\" class=\"alignleft\" src=\"http:\/\/www.egriszin.hu\/RenderedContents\/IndexImages\/6\/6921-20101208090326-1.jpg\" alt=\"\" width=\"150\" height=\"113\" \/><strong>A Heves Megyei Europe Direct Inform\u00e1ci\u00f3s Pont id\u00e9n 10. alkalommal  rendezi meg\u00a0 az &#8222;Eur\u00f3pa Filmjei Heves megy\u00e9ben&#8221; c\u00edm\u0171 rendezv\u00e9ny\u00e9t. A  programban h\u00e9t filmet l\u00e1that a k\u00f6z\u00f6ns\u00e9g.<\/strong><\/p>\n<p>A Heves Megyei Europe Direct Inform\u00e1ci\u00f3s Pont 2010.  december 9-15. k\u00f6z\u00f6tt &#8222;Eur\u00f3pa filmjei Heves megy\u00e9ben&#8221; c\u00edmmel\u00a0 az Ur\u00e1nia  Filmsz\u00ednh\u00e1z Kamaraterm\u00e9ben 17.30 \u00e9s 19.30 \u00f3ra\u00a0 kezdettel\u00a0 h\u00e9t alkot\u00e1st  mutat be az Eur\u00f3pai Uni\u00f3 filmes m\u0171helyeib\u0151l. A kedvezm\u00e9nyes jegyek 200  Ft-os egys\u00e9g\u00e1ron az el\u0151ad\u00e1sok el\u0151tt a mozi p\u00e9nzt\u00e1r\u00e1ban v\u00e1s\u00e1rolhat\u00f3k meg.<br \/>\n<strong>AZ EUR\u00d3PAI UNI\u00d3S FILMH\u00c9T PROGRAMJA<br \/>\n<\/strong>Ur\u00e1nia Filmsz\u00ednh\u00e1z, Kamaraterem<br \/>\n17.30, 19.30 \u00f3rai kezdettel.<\/p>\n<p>December 9.<br \/>\nIfj\u00fa Vikt\u00f3ria kir\u00e1lyn\u0151<br \/>\nfeliratos, angol-amerikai t\u00f6rt\u00e9nelmi dr\u00e1ma,<br \/>\n105 perc, 2009<\/p>\n<p>December 10.<br \/>\n51-es bolyg\u00f3<br \/>\nmagyarul besz\u00e9l\u0151, spanyol-angol anim\u00e1ci\u00f3s film,<br \/>\n91 perc, 2009<\/p>\n<p>December 11.<br \/>\nCalifornia dreamin<br \/>\nrom\u00e1n filmdr\u00e1ma,<br \/>\n149 perc, 2007<\/p>\n<p>December 12.<br \/>\nM\u00e1sok vagyunk!<br \/>\nfeliratos, n\u00e9met romantikus dr\u00e1ma,<br \/>\n119 perc, 2009<\/p>\n<p>December 13.<br \/>\nA bels\u0151 k\u00f6r<br \/>\nfeliratos, francia-olasz krimi,<br \/>\n95 perc, 2009<\/p>\n<p>December 14.<br \/>\nA F\u00f6ld szeret\u0151je<br \/>\nmagyar j\u00e1t\u00e9kfilm,<br \/>\n100 perc, 2010<\/p>\n<p>December 15.<br \/>\nSemmit magamr\u00f3l<br \/>\nfeliratos, \u00edr-holland filmdr\u00e1ma,<br \/>\n85 perc, 2009<\/p>\n","protected":false},"excerpt":{"rendered":"<p>A Heves Megyei Europe Direct Inform\u00e1ci\u00f3s Pont id\u00e9n 10. alkalommal  rendezi meg\u00a0 az &#8222;Eur\u00f3pa Filmjei Heves megy\u00e9ben&#8221; c\u00edm\u0171 rendezv\u00e9ny\u00e9t. A  programban h\u00e9t filmet l\u00e1that a k\u00f6z\u00f6ns\u00e9g.<br \/>\nA Heves Megyei Europe Direct Inform\u00e1ci\u00f3s Pont 2010.  december 9-15. k\u00f6z\u00f6tt &#8222;Eur\u00f3pa filmjei Heves megy\u00e9ben&#8221; c\u00edmmel\u00a0 az Ur\u00e1nia  Filmsz\u00ednh\u00e1z Kamaraterm\u00e9ben 17.30 \u00e9s 19.30 \u00f3ra\u00a0 kezdettel\u00a0 h\u00e9t [&#8230;]<\/p>\n","protected":false},"author":4,"featured_media":0,"comment_status":"open","ping_status":"closed","sticky":false,"template":"","format":"standard","meta":{"footnotes":""},"categories":[8,4],"tags":[],"class_list":["post-2941","post","type-post","status-publish","format-standard","hentry","category-kultura","category-szabadido"],"_links":{"self":[{"href":"https:\/\/www.agriatv.hu\/index.php?rest_route=\/wp\/v2\/posts\/2941","targetHints":{"allow":["GET"]}}],"collection":[{"href":"https:\/\/www.agriatv.hu\/index.php?rest_route=\/wp\/v2\/posts"}],"about":[{"href":"https:\/\/www.agriatv.hu\/index.php?rest_route=\/wp\/v2\/types\/post"}],"author":[{"embeddable":true,"href":"https:\/\/www.agriatv.hu\/index.php?rest_route=\/wp\/v2\/users\/4"}],"replies":[{"embeddable":true,"href":"https:\/\/www.agriatv.hu\/index.php?rest_route=%2Fwp%2Fv2%2Fcomments&post=2941"}],"version-history":[{"count":1,"href":"https:\/\/www.agriatv.hu\/index.php?rest_route=\/wp\/v2\/posts\/2941\/revisions"}],"predecessor-version":[{"id":2942,"href":"https:\/\/www.agriatv.hu\/index.php?rest_route=\/wp\/v2\/posts\/2941\/revisions\/2942"}],"wp:attachment":[{"href":"https:\/\/www.agriatv.hu\/index.php?rest_route=%2Fwp%2Fv2%2Fmedia&parent=2941"}],"wp:term":[{"taxonomy":"category","embeddable":true,"href":"https:\/\/www.agriatv.hu\/index.php?rest_route=%2Fwp%2Fv2%2Fcategories&post=2941"},{"taxonomy":"post_tag","embeddable":true,"href":"https:\/\/www.agriatv.hu\/index.php?rest_route=%2Fwp%2Fv2%2Ftags&post=2941"}],"curies":[{"name":"wp","href":"https:\/\/api.w.org\/{rel}","templated":true}]}}