{"id":295,"date":"2010-07-03T17:44:51","date_gmt":"2010-07-03T17:44:51","guid":{"rendered":"http:\/\/www.agriatv.hu\/?p=295"},"modified":"2010-07-03T17:44:51","modified_gmt":"2010-07-03T17:44:51","slug":"a-korcsarnokban-lettek-diplomasok","status":"publish","type":"post","link":"https:\/\/www.agriatv.hu\/?p=295","title":{"rendered":"A k\u00f6rcsarnokban lettek diplom\u00e1sok"},"content":{"rendered":"<p><a href=\"javascript: void(0);\" onclick=\"javascript:window.open('\/galeria\/40683','kepgaleria','height=690,width=1020,status=no,toolbar=no,menubar=no,resizable=no,scrollbars=no,titlebar=no')\"><img loading=\"lazy\" decoding=\"async\" align=\"left\" alt=\"\u00daj helysz\u00edn, de ugyanaz az \u00e9rz\u00e9s. Fot\u00f3: G\u00e1l G\u00e1bor\" height=\"109\" src=\"http:\/\/heol.hu\/lapokkepek\/cikkek\/118000\/118722_diploma.jpg\" style=\"width: 145px; height: 109px;\" title=\"\u00daj \nhelysz\u00edn, de ugyanaz az \u00e9rz\u00e9s. Fot\u00f3: G\u00e1l G\u00e1bor\" width=\"145\" \/> <\/a> <span class=\"cap\">&Uacute;j helysz&iacute;n, de ugyanaz az &eacute;rz&eacute;s. Fot&oacute;: G&aacute;l G&aacute;bor<\/span><strong>A L&iacute;ceum rekonstrukci&oacute;ja miatt az &eacute;rsekkerti sportcsarnok adott otthont az egri f\u0151iskola diploma&aacute;tad&oacute; &uuml;nnepi szen&aacute;tus&uuml;l&eacute;s&eacute;nek szombaton.<\/strong><\/p>\n<p>&#8211; A diploma &aacute;tad&aacute;s&aacute;nak &uuml;nnepi szen&aacute;tus&uuml;l&eacute;se lez&aacute;r egy t&ouml;bb &eacute;vre is kiterjed\u0151 fels\u0151oktat&aacute;si tanulm&aacute;nyi ciklust. Sz&aacute;mvet&eacute;sre okot ad&oacute;, gondolatokat &eacute;breszt\u0151, &uuml;nnepi pillanat ez. Eltelt a suhan&oacute;nak csak t\u0171n\u0151 id\u0151, de nem m&uacute;lt el nyomtalanul. Nem, mert nagy id\u0151 ez, nagy utat tettek meg! Felismert&eacute;k, s err\u0151l meggy\u0151z\u0151dhett&uuml;nk: csak az a tud&aacute;s &eacute;r valamit, amelyet magunk szerz&uuml;nk magunknak, vel&uuml;nk sz&uuml;letett &eacute;rdekl\u0151d&eacute;sb\u0151l &eacute;s szenved&eacute;lyes tud&aacute;sv&aacute;gyb&oacute;l. Biztos vagyok abban, hogy oktat&oacute;ink a megker&uuml;lhetetlen&uuml;l fontos kompetenci&aacute;k form&aacute;l&aacute;s&aacute;n t&uacute;l nem csup&aacute;n a sz&uuml;ks&eacute;ges ismeretekre tan&iacute;tott&aacute;k meg &Ouml;n&ouml;ket, hanem arra is, hogyan k&eacute;pezhetik tov&aacute;bb majd magukat, mik&eacute;nt &uacute;j&iacute;thatj&aacute;k meg &eacute;letp&aacute;ly&aacute;juk sor&aacute;n tud&aacute;sukat &#8211; fogalmazott k&ouml;sz&ouml;nt\u0151j&eacute;ben <strong>dr. Hauser Zolt&aacute;n<\/strong>, az Eszterh&aacute;zy K&aacute;roly F\u0151iskola rektora a dr. Kem&eacute;ny Ferenc Sportcsarnokban megtartott diploma&aacute;tad&oacute; &uuml;nnepi szen&aacute;tus&uuml;l&eacute;sen.<\/p>\n<p>A rendezv&eacute;nyt a szok&aacute;sos k&uuml;ls\u0151s&eacute;gek k&ouml;zepette, &aacute;m szokatlan helysz&iacute;nen tartott&aacute;k, aminek az oka a L&iacute;ceum &eacute;p&uuml;let&eacute;ben foly&oacute; rekonstrukci&oacute;. A v&eacute;gzett hallgat&oacute;k a l&eacute;tes&iacute;tm&eacute;ny befogad&oacute;k&eacute;pess&eacute;ge miatt k&eacute;t &bdquo;r&eacute;szletben&rdquo; &#8211; d&eacute;lel\u0151tt &eacute;s d&eacute;lut&aacute;n &#8211; vehett&eacute;k &aacute;t diplom&aacute;jukat, oklevel&uuml;ket, illetve bizony&iacute;tv&aacute;nyukat.<\/p>\n<p>A hagyom&aacute;nyos &eacute;s a Bologna-rendszer\u0171 k&eacute;pz&eacute;sben, valamint szakir&aacute;ny&uacute; tov&aacute;bbk&eacute;pz&eacute;sben &eacute;s fels\u0151fok&uacute; szakk&eacute;pz&eacute;sben, &ouml;sszesen 1781-en tettek sikeres z&aacute;r&oacute;vizsg&aacute;t, illetve szakmai vizsg&aacute;t az elm&uacute;lt h&oacute;napban az Eszterh&aacute;zy K&aacute;roly F\u0151iskol&aacute;n.<\/p>\n<p><center>&nbsp;<\/center><\/p>\n<p>Az &uuml;nnepi esem&eacute;nyen 1.023 f\u0151 vehetett &aacute;t oklevelet, amelyb\u0151l alapk&eacute;pz&eacute;sben mintegy 300-an, mesterk&eacute;pz&eacute;sben tov&aacute;bbi 250-en teljes&iacute;tett&eacute;k az okm&aacute;ny &aacute;tad&aacute;s&aacute;hoz sz&uuml;ks&eacute;ges tanulm&aacute;nyi felt&eacute;teleket. Szakir&aacute;ny&uacute; tov&aacute;bbk&eacute;pz&eacute;sben, szakvizsgaprogramban k&ouml;zel 150-en szereztek &uacute;jabb szakk&eacute;pzetts&eacute;get. Fels\u0151fok&uacute; szakk&eacute;pz&eacute;sben pedig 11 szakon k&ouml;zel 200-an szereztek OKJ bizony&iacute;tv&aacute;nyt. A v&eacute;gzett hallgat&oacute;k t&ouml;bb mint egynegyede nem rendelkezett m&eacute;g az oklev&eacute;l ki&aacute;ll&iacute;t&aacute;s&aacute;hoz sz&uuml;ks&eacute;ges nyelvvizsga bizony&iacute;tv&aacute;nnyal. \u0150k a tanulm&aacute;nyuk sikeres befejez&eacute;s&eacute;r\u0151l szombaton&nbsp;igazol&aacute;st kaptak.<\/p>\n<p>Az &uuml;nnepi szen&aacute;tus&uuml;l&eacute;sen a rektori k&ouml;sz&ouml;nt\u0151ben Hauser Zolt&aacute;n nagy jelent\u0151s&eacute;g\u0171 bejelent&eacute;st tett egy az Eszterh&aacute;zy K&aacute;roly F\u0151iskola, az egri fels\u0151oktat&aacute;s t&ouml;rt&eacute;net&eacute;ben is m&eacute;rf&ouml;ldk\u0151nek sz&aacute;m&iacute;t&oacute; eredm&eacute;nyr\u0151l:<\/p>\n<p>&#8211;&nbsp; A Magyar Fels\u0151oktat&aacute;si Akkredit&aacute;ci&oacute;s Bizotts&aacute;g tegnapi plen&aacute;ris &uuml;l&eacute;s&eacute;n alkalmasnak &iacute;t&eacute;lte, teh&aacute;t akkredit&aacute;lta az int&eacute;zm&eacute;ny els\u0151 doktori k&eacute;pz&eacute;si programj&aacute;t t&ouml;rt&eacute;nelemtudom&aacute;nyban. Ezzel az Eszterh&aacute;zy K&aacute;roly F\u0151iskola k&eacute;pz&eacute;si szerkezete is kiteljesedett: minden szinten k&iacute;n&aacute;l tanulm&aacute;nyi lehet\u0151s&eacute;get az \u0151t v&aacute;laszt&oacute;nak. Sz&oacute;ljon h&aacute;t a k&ouml;sz&ouml;net innen, els\u0151sorban a B&ouml;lcs&eacute;szettudom&aacute;nyi Kar T&ouml;rt&eacute;nelemtudom&aacute;nyi Int&eacute;zet&eacute;nek, k&uuml;l&ouml;n&ouml;sen <strong>Romsics Ign&aacute;c<\/strong> akad&eacute;mikus &uacute;rnak a Doktori Iskola vezet\u0151j&eacute;nek, &eacute;s <strong>Gebei S&aacute;ndor<\/strong> professzor &uacute;rnak, az int&eacute;zm&eacute;ny Doktori Tan&aacute;csa eln&ouml;k&eacute;nek. De mindenkinek, aki saj&aacute;t tehets&eacute;g&eacute;vel &eacute;s lehet\u0151s&eacute;g&eacute;vel hozz&aacute; tudott j&aacute;rulni e nagyszer\u0171 eredm&eacute;nyhez, a sikerhez! &#8211; fogalmazott a rektor.<\/p>\n<p>A k&ouml;sz&ouml;nt\u0151t k&ouml;vet\u0151en a diplom&aacute;juk &aacute;tv&eacute;tel&eacute;re v&aacute;r&oacute;khoz &eacute;s az \u0151ket az &uuml;nneps&eacute;gre elk&iacute;s&eacute;r\u0151 sz&uuml;l\u0151kh&ouml;z, rokonokhoz, bar&aacute;tokhoz <strong>Sz&ouml;v&eacute;nyi Zsolt<\/strong>, a Nemzeti Er\u0151forr&aacute;sok Miniszt&eacute;rium&aacute;nak f\u0151oszt&aacute;lyvezet\u0151je sz&oacute;lt. Szavai szerint az &eacute;v 365 napj&aacute;b&oacute;l vannak megjel&ouml;lt napok, mely jelet a k&ouml;z&ouml;ss&eacute;g adja. Az egyetemek, f\u0151iskol&aacute;k &eacute;let&eacute;ben ilyen jeles nap az &eacute;vnyit&oacute; &eacute;s tan&eacute;vz&aacute;r&oacute; &uuml;nneps&eacute;g. Jeles &eacute;s Jannus-arc&uacute; nap ez a diplom&aacute;soknak: egyr&eacute;szt visszatekint&eacute;s a m&uacute;ltba, m&aacute;sr&eacute;szt pedig nyit&aacute;s a j&ouml;v\u0151 fel&eacute;.<\/p>\n<p>A f\u0151oszt&aacute;lyvezet\u0151 megfogalmaz&aacute;sa szerint a &uuml;nnep ez a nap a diploma &aacute;tvev\u0151j&eacute;nek, &uuml;nnep a csal&aacute;dnak, de &uuml;nnepe a f\u0151iskol&aacute;nak is. Sz&ouml;v&eacute;nyi Zsolt a k&eacute;s\u0151bbiekben m&eacute;ltatta a n&eacute;vad&oacute; Eszterh&aacute;zy K&aacute;roly &eacute;let&uacute;tj&aacute;t, aki 250 &eacute;vvel ezel\u0151tt nem csak megfogalmazta az egyetemalap&iacute;t&aacute;s gondolat&aacute;t, de tett is &eacute;rte. Tett oly m&oacute;don, hogy &eacute;p&iacute;ttetett. Nem csak k\u0151b\u0151l &eacute;s t&eacute;gl&aacute;b&oacute;l, de &eacute;p&iacute;tette a szellemi fundamentumokat is. L&eacute;trehozta p&eacute;ld&aacute;ul Magyarorsz&aacute;g m&aacute;sodik nyilv&aacute;nos k&ouml;nyvt&aacute;r&aacute;t. Szem&eacute;lyeket is gy\u0171jt&ouml;tt az egyetem mell&eacute;, melynek kiv&aacute;l&oacute; p&eacute;ld&aacute;ja Markhot Ferenc, akit Eszterh&aacute;zy hozott Egerbe.<\/p>\n<p>A NEFM f\u0151oszt&aacute;lyvezet\u0151j&eacute;nek szavai ut&aacute;n <strong>N&aacute;dasy Erika<\/strong> sz&iacute;nm\u0171v&eacute;sz egy musical-el k&ouml;sz&ouml;nt&ouml;tte az &uuml;nnepl\u0151ket, majd <strong>dr. Koncsos Ferenc<\/strong> f\u0151titk&aacute;r tett bejelent&eacute;st d&iacute;jakr&oacute;l, el\u0151l&eacute;ptet&eacute;sekr\u0151l &eacute;s kit&uuml;ntet&eacute;sekr\u0151l.<\/p>\n<p>A hallgat&oacute;k az Agria Voces egy&uuml;ttes zen&eacute;j&eacute;nek hangjaira vehett&eacute;k &aacute;t oklevel&uuml;ket a f\u0151iskola rektor&aacute;t&oacute;l &eacute;s a karok d&eacute;k&aacute;njait&oacute;l. Az &uuml;nnep z&aacute;r&aacute;sak&eacute;nt <strong>Tunyogi P&eacute;ter<\/strong> sz&iacute;nm\u0171v&eacute;sz szavalta el a Sz&oacute;zatot.<\/p>\n<p>Forr&aacute;s: Heol<\/p>\n","protected":false},"excerpt":{"rendered":"<p>  &Uacute;j helysz&iacute;n, de ugyanaz az &eacute;rz&eacute;s. Fot&oacute;: G&aacute;l G&aacute;borA L&iacute;ceum rekonstrukci&oacute;ja miatt az &eacute;rsekkerti sportcsarnok adott otthont az egri f\u0151iskola diploma&aacute;tad&oacute; &uuml;nnepi szen&aacute;tus&uuml;l&eacute;s&eacute;nek szombaton.<br \/>\n&#8211; A diploma &aacute;tad&aacute;s&aacute;nak &uuml;nnepi szen&aacute;tus&uuml;l&eacute;se lez&aacute;r egy t&ouml;bb &eacute;vre is kiterjed\u0151 fels\u0151oktat&aacute;si tanulm&aacute;nyi ciklust. Sz&aacute;mvet&eacute;sre okot ad&oacute;, gondolatokat &eacute;breszt\u0151, &uuml;nnepi pillanat ez. Eltelt a suhan&oacute;nak csak t\u0171n\u0151 id\u0151, de [&#8230;]<\/p>\n","protected":false},"author":4,"featured_media":0,"comment_status":"closed","ping_status":"open","sticky":false,"template":"","format":"standard","meta":{"footnotes":""},"categories":[9],"tags":[],"class_list":["post-295","post","type-post","status-publish","format-standard","hentry","category-oktatas"],"_links":{"self":[{"href":"https:\/\/www.agriatv.hu\/index.php?rest_route=\/wp\/v2\/posts\/295","targetHints":{"allow":["GET"]}}],"collection":[{"href":"https:\/\/www.agriatv.hu\/index.php?rest_route=\/wp\/v2\/posts"}],"about":[{"href":"https:\/\/www.agriatv.hu\/index.php?rest_route=\/wp\/v2\/types\/post"}],"author":[{"embeddable":true,"href":"https:\/\/www.agriatv.hu\/index.php?rest_route=\/wp\/v2\/users\/4"}],"replies":[{"embeddable":true,"href":"https:\/\/www.agriatv.hu\/index.php?rest_route=%2Fwp%2Fv2%2Fcomments&post=295"}],"version-history":[{"count":1,"href":"https:\/\/www.agriatv.hu\/index.php?rest_route=\/wp\/v2\/posts\/295\/revisions"}],"predecessor-version":[{"id":296,"href":"https:\/\/www.agriatv.hu\/index.php?rest_route=\/wp\/v2\/posts\/295\/revisions\/296"}],"wp:attachment":[{"href":"https:\/\/www.agriatv.hu\/index.php?rest_route=%2Fwp%2Fv2%2Fmedia&parent=295"}],"wp:term":[{"taxonomy":"category","embeddable":true,"href":"https:\/\/www.agriatv.hu\/index.php?rest_route=%2Fwp%2Fv2%2Fcategories&post=295"},{"taxonomy":"post_tag","embeddable":true,"href":"https:\/\/www.agriatv.hu\/index.php?rest_route=%2Fwp%2Fv2%2Ftags&post=295"}],"curies":[{"name":"wp","href":"https:\/\/api.w.org\/{rel}","templated":true}]}}