{"id":2953,"date":"2010-12-11T14:17:45","date_gmt":"2010-12-11T14:17:45","guid":{"rendered":"http:\/\/www.agriatv.hu\/?p=2953"},"modified":"2010-12-11T14:17:45","modified_gmt":"2010-12-11T14:17:45","slug":"az-lmp-egerben-sem-tetlenkedik","status":"publish","type":"post","link":"https:\/\/www.agriatv.hu\/?p=2953","title":{"rendered":"Az LMP Egerben sem t\u00e9tlenkedik"},"content":{"rendered":"<p><img loading=\"lazy\" decoding=\"async\" class=\"alignleft\" src=\"http:\/\/www.egriszin.hu\/RenderedContents\/IndexImages\/6\/6946-20101211143642-SANY0414.JPG\" alt=\"\" width=\"150\" height=\"113\" \/><strong>A Lehet M\u00e1s a Politika az \u00f6nkorm\u00e1nyzati v\u00e1laszt\u00e1sok \u00f3ta eltelt  id\u0151ben sem d\u0151lt h\u00e1tra k\u00e9nyelmesen, sz\u00e1molt be keddi t\u00e1j\u00e9koztat\u00f3j\u00e1n dr.  Csarn\u00f3 \u00c1kos, a p\u00e1rt \u00f6nkorm\u00e1nyzati\u00a0k\u00e9pvisel\u0151je, a P\u00e9nz\u00fcgyi \u00e9s \u00dcgyrendi  Bizotts\u00e1g eln\u00f6ke .<\/strong><\/p>\n<p>A k\u00e9pvisel\u0151 on-line fogad\u00f3\u00f3r\u00e1t tart, a p\u00e1rt tagjai \u00e9s  szimpatiz\u00e1nsai pedig el\u0151ad\u00e1sokat szerveznek, a folyamatosan friss\u00fcl\u0151  tartalm\u00fa internetes oldalukon pedig a v\u00e1rosban t\u00f6rt\u00e9n\u0151 esem\u00e9nyekr\u0151l \u00e9s  v\u00e9lem\u00e9ny\u00fckr\u0151l t\u00e1j\u00e9koztatj\u00e1k az olvas\u00f3kat. A p\u00e1rt folytatja elkezdett  munk\u00e1j\u00e1t, t\u00f6bb tervet \u00e9s elk\u00e9pzel\u00e9st is szeretn\u00e9nek megval\u00f3s\u00edtani a  k\u00f6zelj\u00f6v\u0151ben.<\/p>\n<p>Dr. Csarn\u00f3 \u00c1kos szerint fontos  id\u0151szak el\u0151tt \u00e1ll a K\u00f6zgy\u0171l\u00e9s, mert k\u00f6zeleg a k\u00f6vetkez\u0151 \u00e9v k\u00f6lts\u00e9gvet\u00e9si  koncepci\u00f3j\u00e1nak t\u00e1rgyal\u00e1sa.<br \/>\nAz LMP a v\u00e1laszt\u00e1si programj\u00e1val  \u00f6sszhangban a k\u00f6lts\u00e9gvet\u00e9ssel kapcsolatos elk\u00e9pzel\u00e9seit hat\u00e1rozottan  k\u00e9pviseli. T\u00e9ny, hogy a v\u00e1ros k\u00f6lts\u00e9gvet\u00e9s\u00e9ben vannak lyukak, ezek  befoltoz\u00e1s\u00e1ra r\u00f6vid t\u00e1v\u00fa megold\u00e1sk\u00e9nt csak a hitelek \u00e9s a  k\u00f6tv\u00e9nykibocs\u00e1t\u00e1s haszn\u00e1lhat\u00f3. Azonban az \u00edgy nyert p\u00e9nzek  felhaszn\u00e1l\u00e1sakor arra kell t\u00f6rekedni, hogy ne l\u00e1tv\u00e1nyberuh\u00e1z\u00e1sokra,  l\u00e1tv\u00e1nyelemekre \u00e9s m\u0171k\u00f6d\u00e9si k\u00f6lts\u00e9gekre menjenek el \u00f6sszegek, hanem  olyan beruh\u00e1z\u00e1sokra, amikre a r\u00e1ford\u00edtott p\u00e9nzek el\u0151bb-ut\u00f3bb  megt\u00e9r\u00fclnek: v\u00e1llalkoz\u00e1s-fejleszt\u00e9sre, oktat\u00e1sra, munkahely-teremt\u00e9s  el\u0151seg\u00edt\u00e9s\u00e9re. Kiemelt jelent\u0151ss\u00e9g\u0171nek tartja a p\u00e1rt, hogy a Civil Alap  forr\u00e1sa magasabb legyen, mert nemcsak az el\u0151z\u0151 n\u00e9gy \u00e9vben, de azel\u0151tt  sem n\u0151tt a civil szervezetek t\u00e1mogat\u00e1sa, \u00e9s az is fontos, hogy annak  felhaszn\u00e1l\u00e1s\u00e1r\u00f3l tov\u00e1bbra is a helyi civilek d\u00f6ntsenek \u00e9s ne m\u0171k\u00f6d\u00e9sre,  hanem programt\u00e1mogat\u00e1sokra lehessen ford\u00edtani a forr\u00e1sokat.<\/p>\n<p>Az  Lehet M\u00e1s a Politika egri k\u00e9pvisel\u0151je elmondta: a v\u00e1ros \u00e9let\u00e9t  befoly\u00e1sol\u00f3 d\u00f6nt\u00e9sek meghozatala el\u0151tt folyamatosan konzult\u00e1lnak  szakemberekkel \u00e9s civil szervezetekkel, azonban fontosnak tartj\u00e1k, hogy a  sz\u00e9lesebb k\u00f6z\u00f6ns\u00e9ghez, a v\u00e1rosban \u00e9l\u0151kh\u00f6z is eljusson minden  inform\u00e1ci\u00f3. A nyilv\u00e1noss\u00e1g \u00e9s az \u00e1tl\u00e1that\u00f3s\u00e1g k\u00f6vetelm\u00e9ny\u00e9nek  megfelel\u0151en szeretn\u00e9k el\u00e9rni, hogy a K\u00f6zgy\u0171l\u00e9s mellett m\u0171k\u00f6d\u0151  bizotts\u00e1gok k\u00fcls\u0151s tagjainak \u00f6n\u00e9letrajza is megismerhet\u0151 legyen, hiszen a  szakemberek szakmai ismereteiket tartalmaz\u00f3 inform\u00e1ci\u00f3k legal\u00e1bb olyan  fontosak, mint a k\u00e9pvisel\u0151 tagok \u00f6n\u00e9letrajzai.<\/p>\n<p>Az LMP k\u00e9pvisel\u0151je eml\u00edtette, hogy mind \u0151, mind a p\u00e1rt kihaszn\u00e1lja az internet ny\u00fajtotta lehet\u0151s\u00e9geket. A <a href=\"http:\/\/www.facebook.com\/pages\/Csarno-Akos-kepviselo\/167356306620183\">http:\/\/www.facebook.com\/pages\/Csarno-Akos-kepviselo\/167356306620183<\/a> \u00e9s a <a href=\"http:\/\/lmpeger.blog.hu\/\">http:\/\/lmpeger.blog.hu\/<\/a> c\u00edmen blogbejegyz\u00e9sekben, cikkekben k\u00f6vethet\u0151k a v\u00e9lem\u00e9nyek \u00e9s  \u00e1ll\u00e1sfoglal\u00e1sok az v\u00e1rosban \u00e9s az orsz\u00e1gban t\u00f6rt\u00e9n\u0151 esem\u00e9nyekr\u0151l, legyen  sz\u00f3 a k\u00f6zgy\u0171l\u00e9sen t\u00f6rt\u00e9ntekr\u0151l, a civil kezdem\u00e9nyez\u00e9sek t\u00e1mogat\u00e1s\u00e1r\u00f3l, a  patakszennyez\u00e9sr\u0151l, az \u00e9ghajlatv\u00e9delmi strat\u00e9gi\u00e1r\u00f3l, a biomassza  f\u0171t\u0151m\u0171r\u0151l vagy a ker\u00e9kp\u00e1rutakr\u00f3l. V\u00e9gezet\u00fcl kit\u00e9rt arra is a k\u00e9pvisel\u0151,  hogy a v\u00e1ros k\u00e9pvisel\u0151i k\u00f6z\u00fcl els\u0151k\u00e9nt \u0151 tart folyamatos, on-line  \u201efogad\u00f3\u00f3r\u00e1t\u201d, ahol v\u00e1rja az \u00e9rdekl\u0151d\u0151k v\u00e9lem\u00e9ny\u00e9t \u00e9s k\u00e9rd\u00e9seit.<\/p>\n","protected":false},"excerpt":{"rendered":"<p>A Lehet M\u00e1s a Politika az \u00f6nkorm\u00e1nyzati v\u00e1laszt\u00e1sok \u00f3ta eltelt  id\u0151ben sem d\u0151lt h\u00e1tra k\u00e9nyelmesen, sz\u00e1molt be keddi t\u00e1j\u00e9koztat\u00f3j\u00e1n dr.  Csarn\u00f3 \u00c1kos, a p\u00e1rt \u00f6nkorm\u00e1nyzati\u00a0k\u00e9pvisel\u0151je, a P\u00e9nz\u00fcgyi \u00e9s \u00dcgyrendi  Bizotts\u00e1g eln\u00f6ke .<br \/>\nA k\u00e9pvisel\u0151 on-line fogad\u00f3\u00f3r\u00e1t tart, a p\u00e1rt tagjai \u00e9s  szimpatiz\u00e1nsai pedig el\u0151ad\u00e1sokat szerveznek, a folyamatosan friss\u00fcl\u0151  tartalm\u00fa internetes oldalukon [&#8230;]<\/p>\n","protected":false},"author":4,"featured_media":0,"comment_status":"open","ping_status":"closed","sticky":false,"template":"","format":"standard","meta":{"footnotes":""},"categories":[3],"tags":[],"class_list":["post-2953","post","type-post","status-publish","format-standard","hentry","category-politika"],"_links":{"self":[{"href":"https:\/\/www.agriatv.hu\/index.php?rest_route=\/wp\/v2\/posts\/2953","targetHints":{"allow":["GET"]}}],"collection":[{"href":"https:\/\/www.agriatv.hu\/index.php?rest_route=\/wp\/v2\/posts"}],"about":[{"href":"https:\/\/www.agriatv.hu\/index.php?rest_route=\/wp\/v2\/types\/post"}],"author":[{"embeddable":true,"href":"https:\/\/www.agriatv.hu\/index.php?rest_route=\/wp\/v2\/users\/4"}],"replies":[{"embeddable":true,"href":"https:\/\/www.agriatv.hu\/index.php?rest_route=%2Fwp%2Fv2%2Fcomments&post=2953"}],"version-history":[{"count":1,"href":"https:\/\/www.agriatv.hu\/index.php?rest_route=\/wp\/v2\/posts\/2953\/revisions"}],"predecessor-version":[{"id":2954,"href":"https:\/\/www.agriatv.hu\/index.php?rest_route=\/wp\/v2\/posts\/2953\/revisions\/2954"}],"wp:attachment":[{"href":"https:\/\/www.agriatv.hu\/index.php?rest_route=%2Fwp%2Fv2%2Fmedia&parent=2953"}],"wp:term":[{"taxonomy":"category","embeddable":true,"href":"https:\/\/www.agriatv.hu\/index.php?rest_route=%2Fwp%2Fv2%2Fcategories&post=2953"},{"taxonomy":"post_tag","embeddable":true,"href":"https:\/\/www.agriatv.hu\/index.php?rest_route=%2Fwp%2Fv2%2Ftags&post=2953"}],"curies":[{"name":"wp","href":"https:\/\/api.w.org\/{rel}","templated":true}]}}