{"id":2955,"date":"2010-12-11T14:21:02","date_gmt":"2010-12-11T14:21:02","guid":{"rendered":"http:\/\/www.agriatv.hu\/?p=2955"},"modified":"2010-12-11T14:21:02","modified_gmt":"2010-12-11T14:21:02","slug":"civil-randevu","status":"publish","type":"post","link":"https:\/\/www.agriatv.hu\/?p=2955","title":{"rendered":"Civil randev\u00fa"},"content":{"rendered":"<p><img loading=\"lazy\" decoding=\"async\" class=\"alignleft\" src=\"http:\/\/www.egriszin.hu\/RenderedContents\/IndexImages\/6\/6945-20101211141547-SANY0628.JPG\" alt=\"\" width=\"150\" height=\"113\" \/><strong>Civil Randev\u00fa c\u00edmmel rendezt\u00e9k meg \u00e9vz\u00e1r\u00f3 rendezv\u00e9ny\u00fcket az Egri  Civil Kerekasztalba t\u00f6m\u00f6r\u00fclt szervezetek tegnap este. Az \u00e9v\u00e9rt\u00e9kel\u0151  zen\u00e9s \u00f6sszej\u00f6vetelen kilenc szekci\u00f3tag munk\u00e1ja mellett, k\u00e9t  sajt\u00f3munkat\u00e1rs tev\u00e9kenys\u00e9g\u00e9t is elismer\u00e9ssel jutalmazt\u00e1k.<\/strong><\/p>\n<p>Meleg szavakkal \u00e9s Platon id\u00e9zettel k\u00f6sz\u00f6nt\u00f6tte az  esztend\u0151 harmadik nagy civil rendezv\u00e9ny\u00e9n Eger szervezeteinek  k\u00e9pvisel\u0151it F\u0171r\u00e9sz J\u00e1nos a Civil randev\u00fa szervez\u0151je p\u00e9nteken este, az  Expressz \u00e9tteremben rendezett hagyom\u00e1nyos \u00f6sszej\u00f6vetelen.<br \/>\nHagyom\u00e1ny,  hogy az Egri Civil Kerekasztalba t\u00f6m\u00f6r\u00fclt szervezetek tagjai, valamint  t\u00e1mogat\u00f3k, bar\u00e1tok adnak egym\u00e1snak randev\u00fat zen\u00e9s t\u00e1ncos vacsoraest  keret\u00e9ben minden \u00e9vben. Az esem\u00e9nyen a szekci\u00f3k besz\u00e1molnak az \u00e9ves  munk\u00e1r\u00f3l, majd minden szekci\u00f3b\u00f3l egy szem\u00e9ly munk\u00e1j\u00e1t elismer\u00e9ssel  jutalmazz\u00e1k.<\/p>\n<p>G\u00e1l S\u00e1ndor az Egri Civil Kerekasztal  eln\u00f6ke k\u00f6sz\u00f6nt\u0151j\u00e9ben a v\u00e1rost, az el\u0151deink \u00e1ltal l\u00e9trehozott tud\u00e1st,  soksz\u00edn\u0171s\u00e9get, tenni akar\u00e1st reprezent\u00e1l\u00f3 Egri Civil Kerekasztal  munk\u00e1j\u00e1t m\u00e9ltatta.<br \/>\nAz Egri Civil Kerekasztal \u00e9s az \u00f6nkorm\u00e1nyzat  egy\u00fcttm\u0171k\u00f6d\u00e9se r\u00e9v\u00e9n ebben az \u00e9vben is jelent\u0151s el\u0151rel\u00e9p\u00e9s t\u00f6rt\u00e9nt a  szervezet \u00e9let\u00e9ben. L\u00e9trehozt\u00e1k a kommunik\u00e1ci\u00f3s bizotts\u00e1got,  megrendezt\u00e9k a 15. Eger \u00dcnnep\u00e9t, k\u00f6z\u00f6s p\u00e1ly\u00e1zatokkal teremtettek forr\u00e1st  munk\u00e1jukhoz.<br \/>\nR\u00e9szt vettek a Civil Alap m\u0171k\u00f6dtet\u00e9s\u00e9ben \u00e9s a  d\u00f6nt\u00e9sel\u0151k\u00e9sz\u00edt\u00e9si munk\u00e1r\u00f3l konzult\u00e1ltak a polg\u00e1rmesterrel, valamint a  tan\u00e1csnokokkal.<br \/>\nNincs m\u00e9g egy v\u00e1ros az orsz\u00e1gban, ahol sz\u00e1mos civil  szervezet tagjai \u00e9s vezet\u0151i ilyen hossz\u00fa id\u0151 \u00f3ta k\u00e9pesek a b\u00e9k\u00e9s  egy\u00fcttm\u0171k\u00f6d\u00e9s, a t\u00fcrelmes konszenzus \u00fatj\u00e1n egy\u00fctt cselekedni, egy\u00fctt  gondolkodni hangs\u00falyozta az eln\u00f6k, nem feledkezve meg arr\u00f3l, hogy a  civil id\u0151 a legdr\u00e1g\u00e1bb.<br \/>\nHabis L\u00e1szl\u00f3 polg\u00e1rmester k\u00f6sz\u00f6nt\u0151j\u00e9ben  kijelentette, hogy hisz abban, hogy a neh\u00e9zs\u00e9gek ellen\u00e9re a civil er\u0151, a  civil kur\u00e1zsi, tov\u00e1bbra is \u00e9rv\u00e9nyes\u00fclni fog Egerben, \u00e9s 2011-ben is  lesz alkalom megk\u00f6sz\u00f6nni a civilek munk\u00e1j\u00e1t, \u00e1ldozatk\u00e9szs\u00e9g\u00e9t. A  polg\u00e1rmester, a k\u00f6zel negyven szervezet k\u00e9pvisel\u0151je el\u0151tt felh\u00edvta a  figyelmet arra, hogy az orsz\u00e1gban szerte ismerik \u00e9s tudj\u00e1k, hogy az egri  civil szervezetek milyen er\u0151t k\u00e9pviselnek.<\/p>\n<p>Az  idei tal\u00e1lkoz\u00f3n k\u00e9t m\u00e9diamunkat\u00e1rs civil \u00fcgyek\u00e9rt folytatott  tev\u00e9kenys\u00e9g\u00e9t is elismert\u00e9k. Az oklevelet Simon Gy\u00f6rgy, a Szent Istv\u00e1n  R\u00e1di\u00f3 f\u0151szerkeszt\u0151je \u00e9s B\u00e9rczessy Andr\u00e1s az Egri M\u00e9dia Centrum  \u00fcgyvezet\u0151je vehette \u00e1t.<br \/>\nA rendezv\u00e9ny hivatalos r\u00e9sz\u00e9t k\u00f6vet\u0151en a Szatelit zenekar j\u00f3volt\u00e1b\u00f3l a zen\u00e9\u00e9 \u00e9s a t\u00e1nc\u00e9 volt a f\u0151szerep az esem\u00e9nyen.<\/p>\n<p>Forr\u00e1s :<a href=\"www.egriszin.hu\">Egrisz\u00edn<\/a><\/p>\n","protected":false},"excerpt":{"rendered":"<p>Civil Randev\u00fa c\u00edmmel rendezt\u00e9k meg \u00e9vz\u00e1r\u00f3 rendezv\u00e9ny\u00fcket az Egri  Civil Kerekasztalba t\u00f6m\u00f6r\u00fclt szervezetek tegnap este. Az \u00e9v\u00e9rt\u00e9kel\u0151  zen\u00e9s \u00f6sszej\u00f6vetelen kilenc szekci\u00f3tag munk\u00e1ja mellett, k\u00e9t  sajt\u00f3munkat\u00e1rs tev\u00e9kenys\u00e9g\u00e9t is elismer\u00e9ssel jutalmazt\u00e1k.<br \/>\nMeleg szavakkal \u00e9s Platon id\u00e9zettel k\u00f6sz\u00f6nt\u00f6tte az  esztend\u0151 harmadik nagy civil rendezv\u00e9ny\u00e9n Eger szervezeteinek  k\u00e9pvisel\u0151it F\u0171r\u00e9sz J\u00e1nos a Civil randev\u00fa szervez\u0151je p\u00e9nteken [&#8230;]<\/p>\n","protected":false},"author":4,"featured_media":0,"comment_status":"open","ping_status":"closed","sticky":false,"template":"","format":"standard","meta":{"footnotes":""},"categories":[4],"tags":[],"class_list":["post-2955","post","type-post","status-publish","format-standard","hentry","category-szabadido"],"_links":{"self":[{"href":"https:\/\/www.agriatv.hu\/index.php?rest_route=\/wp\/v2\/posts\/2955","targetHints":{"allow":["GET"]}}],"collection":[{"href":"https:\/\/www.agriatv.hu\/index.php?rest_route=\/wp\/v2\/posts"}],"about":[{"href":"https:\/\/www.agriatv.hu\/index.php?rest_route=\/wp\/v2\/types\/post"}],"author":[{"embeddable":true,"href":"https:\/\/www.agriatv.hu\/index.php?rest_route=\/wp\/v2\/users\/4"}],"replies":[{"embeddable":true,"href":"https:\/\/www.agriatv.hu\/index.php?rest_route=%2Fwp%2Fv2%2Fcomments&post=2955"}],"version-history":[{"count":1,"href":"https:\/\/www.agriatv.hu\/index.php?rest_route=\/wp\/v2\/posts\/2955\/revisions"}],"predecessor-version":[{"id":2956,"href":"https:\/\/www.agriatv.hu\/index.php?rest_route=\/wp\/v2\/posts\/2955\/revisions\/2956"}],"wp:attachment":[{"href":"https:\/\/www.agriatv.hu\/index.php?rest_route=%2Fwp%2Fv2%2Fmedia&parent=2955"}],"wp:term":[{"taxonomy":"category","embeddable":true,"href":"https:\/\/www.agriatv.hu\/index.php?rest_route=%2Fwp%2Fv2%2Fcategories&post=2955"},{"taxonomy":"post_tag","embeddable":true,"href":"https:\/\/www.agriatv.hu\/index.php?rest_route=%2Fwp%2Fv2%2Ftags&post=2955"}],"curies":[{"name":"wp","href":"https:\/\/api.w.org\/{rel}","templated":true}]}}