{"id":2960,"date":"2010-12-12T17:29:28","date_gmt":"2010-12-12T17:29:28","guid":{"rendered":"http:\/\/www.agriatv.hu\/?p=2960"},"modified":"2010-12-12T17:30:42","modified_gmt":"2010-12-12T17:30:42","slug":"aldozatok-koszoruk-hatalmi-harcok","status":"publish","type":"post","link":"https:\/\/www.agriatv.hu\/?p=2960","title":{"rendered":"\u00c1ldozatok, koszor\u00fak &#8211; hatalmi harcok"},"content":{"rendered":"<p><a href=\"https:\/\/www.agriatv.hu\/wp-content\/uploads\/2010\/12\/1212_v.jpg\"><img loading=\"lazy\" decoding=\"async\" class=\"alignleft size-medium wp-image-2964\" title=\"1212_v\" src=\"https:\/\/www.agriatv.hu\/wp-content\/uploads\/2010\/12\/1212_v-300x240.jpg\" alt=\"\" width=\"93\" height=\"74\" srcset=\"https:\/\/www.agriatv.hu\/wp-content\/uploads\/2010\/12\/1212_v-300x240.jpg 300w, https:\/\/www.agriatv.hu\/wp-content\/uploads\/2010\/12\/1212_v.jpg 720w\" sizes=\"auto, (max-width: 93px) 100vw, 93px\" \/><\/a>Az  1956. december 12-i\u00a0  sort\u0171z\u00a0m\u00e1rt\u00edrjaira eml\u00e9keztek ma d\u00e9lut\u00e1n az  egriek. A kegyeleti  megeml\u00e9kez\u00e9st R\u00e9ti\u00a0\u00c1rp\u00e1d sz\u00ednm\u0171v\u00e9sz nyitotta meg  Ady Endre  szavaival,\u00a0majd T\u00f3th S\u00e1ndor az\u00a0 56&#8242;-os Sz\u00f6vets\u00e9g Region\u00e1lis   Szervezet\u00e9nek vezet\u0151s\u00e9gi tagja eml\u00e9kezett a t\u00f6rt\u00e9ntekre, az \u00e1ltala \u00e1t\u00e9lt   esem\u00e9nyekre. Mondataival felid\u00e9zte azt a t\u00f6rt\u00e9nelmi napot, melyet a  legs\u00f6t\u00e9tebb  gy\u00e1szlepelk\u00e9nt emlegetett.<\/p>\n<p style=\"text-align: center;\"><span style=\"font-family: Tahoma; font-size: x-small;\"><div class=\"wordtube\">\n<div class=\"wordtube single170\" id=\"WT1_1\" style=\"width:320px; height:240px;\">\n<a href=\"http:\/\/www.macromedia.com\/go\/getflashplayer\">Get the Flash Player<\/a> to see the wordTube Media Player.\n<\/div><\/div>\n\t<script type=\"text\/javascript\" defer=\"defer\">\nvar WT1_1 = {\n\tparams : {\n\t\twmode : \"opaque\",\n\t\tallowscriptaccess : \"always\",\n\t\tallownetworking : \"all\",\n\t\tallowfullscreen : \"true\"},\n\tflashvars : {\n\t\tfile : \"http%3A%2F%2Fwww.agriatv.hu%2Fwp-content%2Fuploads%2F2010%2F12%2F1212sortuz_1.flv\",\n\t\tvolume : \"80\",\n\t\tbufferlength : \"5\",\n\t\tquality : \"false\",\n\t\t'logo.hide' : \"false\",\n\t\timage : \"http%3A%2F%2Fwww.agriatv.hu%2Fwp-content%2Fuploads%2F2010%2F12%2F1212koszoru_1.jpg\",\n\t\ttitle : \"1212sortuz_1.flv\",\n\t\tlinktarget : \"_self\"},\n\tattr : {\n\t\tid : \"WT1\",\n\t\tname : \"WT1\"},\n\tstart : function() {\n\t\tswfobject.embedSWF(\"https:\/\/www.agriatv.hu\/\/player.swf\", \"WT1_1\", \"320\", \"240\", \"9.0.0\", false, this.flashvars, this.params , this.attr );\n\t}\n}\nWT1_1.start();\n\t<\/script>\n<\/span><\/p>\n<p><span style=\"font-family: Tahoma; font-size: x-small;\"> <\/span>Megeml\u00e9kezett  bajt\u00e1rsair\u00f3l, akik v\u00e9r\u00fcket adt\u00e1k a  szabads\u00e1g\u00e9rt. A m\u00e1rt\u00edrok  eml\u00e9khely\u00e9n Budai P\u00e9ter atya \u00e9s K\u00e1d\u00e1r Zsolt esperes  mondott egy-egy  r\u00f6vid im\u00e1t.<\/p>\n<p style=\"text-align: center;\"><span style=\"font-family: Tahoma; font-size: x-small;\"> <div class=\"wordtube\">\n<div class=\"wordtube single171\" id=\"WT2_2\" style=\"width:320px; height:240px;\">\n<a href=\"http:\/\/www.macromedia.com\/go\/getflashplayer\">Get the Flash Player<\/a> to see the wordTube Media Player.\n<\/div><\/div>\n\t<script type=\"text\/javascript\" defer=\"defer\">\nvar WT2_2 = {\n\tparams : {\n\t\twmode : \"opaque\",\n\t\tallowscriptaccess : \"always\",\n\t\tallownetworking : \"all\",\n\t\tallowfullscreen : \"true\"},\n\tflashvars : {\n\t\tfile : \"http%3A%2F%2Fwww.agriatv.hu%2Fwp-content%2Fuploads%2F2010%2F12%2Fima.flv\",\n\t\tvolume : \"80\",\n\t\tbufferlength : \"5\",\n\t\tquality : \"false\",\n\t\t'logo.hide' : \"false\",\n\t\timage : \"http%3A%2F%2Fwww.agriatv.hu%2Fwp-content%2Fuploads%2F2010%2F12%2Fima.jpg\",\n\t\ttitle : \"ima.flv\",\n\t\tlinktarget : \"_self\"},\n\tattr : {\n\t\tid : \"WT2\",\n\t\tname : \"WT2\"},\n\tstart : function() {\n\t\tswfobject.embedSWF(\"https:\/\/www.agriatv.hu\/\/player.swf\", \"WT2_2\", \"320\", \"240\", \"9.0.0\", false, this.flashvars, this.params , this.attr );\n\t}\n}\nWT2_2.start();\n\t<\/script>\n<\/span><\/p>\n<p>Ezt  k\u00f6vet\u0151en a v\u00e1rosi szervezetek, p\u00e1rtok, iskol\u00e1k  helyezt\u00e9k el a  tisztelet \u00e9s a megeml\u00e9kez\u00e9s vir\u00e1gait. A csendes megeml\u00e9kez\u00e9s a  Sz\u00f3zat\u00a0  k\u00f6z\u00f6s el\u00e9nekl\u00e9s\u00e9vel z\u00e1rult.<\/p>\n<p style=\"text-align: center;\"><span style=\"font-family: Tahoma; font-size: x-small;\"><div class=\"wordtube\">\n<div class=\"wordtube single172\" id=\"WT3_3\" style=\"width:320px; height:240px;\">\n<a href=\"http:\/\/www.macromedia.com\/go\/getflashplayer\">Get the Flash Player<\/a> to see the wordTube Media Player.\n<\/div><\/div>\n\t<script type=\"text\/javascript\" defer=\"defer\">\nvar WT3_3 = {\n\tparams : {\n\t\twmode : \"opaque\",\n\t\tallowscriptaccess : \"always\",\n\t\tallownetworking : \"all\",\n\t\tallowfullscreen : \"true\"},\n\tflashvars : {\n\t\tfile : \"http%3A%2F%2Fwww.agriatv.hu%2Fwp-content%2Fuploads%2F2010%2F12%2Fkoszoru.flv\",\n\t\tvolume : \"80\",\n\t\tbufferlength : \"5\",\n\t\tquality : \"false\",\n\t\t'logo.hide' : \"false\",\n\t\timage : \"http%3A%2F%2Fwww.agriatv.hu%2Fwp-content%2Fuploads%2F2010%2F12%2Fkoszoru.jpg\",\n\t\ttitle : \"koszoru.flv\",\n\t\tlinktarget : \"_self\"},\n\tattr : {\n\t\tid : \"WT3\",\n\t\tname : \"WT3\"},\n\tstart : function() {\n\t\tswfobject.embedSWF(\"https:\/\/www.agriatv.hu\/\/player.swf\", \"WT3_3\", \"320\", \"240\", \"9.0.0\", false, this.flashvars, this.params , this.attr );\n\t}\n}\nWT3_3.start();\n\t<\/script>\n<\/span><\/p>\n","protected":false},"excerpt":{"rendered":"<p>Az  1956. december 12-i\u00a0  sort\u0171z\u00a0m\u00e1rt\u00edrjaira eml\u00e9keztek ma d\u00e9lut\u00e1n az  egriek. A kegyeleti  megeml\u00e9kez\u00e9st R\u00e9ti\u00a0\u00c1rp\u00e1d sz\u00ednm\u0171v\u00e9sz nyitotta meg  Ady Endre  szavaival,\u00a0majd T\u00f3th S\u00e1ndor az\u00a0 56&#8242;-os Sz\u00f6vets\u00e9g Region\u00e1lis   Szervezet\u00e9nek vezet\u0151s\u00e9gi tagja eml\u00e9kezett a t\u00f6rt\u00e9ntekre, az \u00e1ltala \u00e1t\u00e9lt   esem\u00e9nyekre. Mondataival felid\u00e9zte azt a t\u00f6rt\u00e9nelmi napot, melyet a  [&#8230;]<\/p>\n","protected":false},"author":4,"featured_media":0,"comment_status":"open","ping_status":"closed","sticky":false,"template":"","format":"standard","meta":{"footnotes":""},"categories":[1],"tags":[],"class_list":["post-2960","post","type-post","status-publish","format-standard","hentry","category-nincs-kategorizalva"],"_links":{"self":[{"href":"https:\/\/www.agriatv.hu\/index.php?rest_route=\/wp\/v2\/posts\/2960","targetHints":{"allow":["GET"]}}],"collection":[{"href":"https:\/\/www.agriatv.hu\/index.php?rest_route=\/wp\/v2\/posts"}],"about":[{"href":"https:\/\/www.agriatv.hu\/index.php?rest_route=\/wp\/v2\/types\/post"}],"author":[{"embeddable":true,"href":"https:\/\/www.agriatv.hu\/index.php?rest_route=\/wp\/v2\/users\/4"}],"replies":[{"embeddable":true,"href":"https:\/\/www.agriatv.hu\/index.php?rest_route=%2Fwp%2Fv2%2Fcomments&post=2960"}],"version-history":[{"count":7,"href":"https:\/\/www.agriatv.hu\/index.php?rest_route=\/wp\/v2\/posts\/2960\/revisions"}],"predecessor-version":[{"id":2969,"href":"https:\/\/www.agriatv.hu\/index.php?rest_route=\/wp\/v2\/posts\/2960\/revisions\/2969"}],"wp:attachment":[{"href":"https:\/\/www.agriatv.hu\/index.php?rest_route=%2Fwp%2Fv2%2Fmedia&parent=2960"}],"wp:term":[{"taxonomy":"category","embeddable":true,"href":"https:\/\/www.agriatv.hu\/index.php?rest_route=%2Fwp%2Fv2%2Fcategories&post=2960"},{"taxonomy":"post_tag","embeddable":true,"href":"https:\/\/www.agriatv.hu\/index.php?rest_route=%2Fwp%2Fv2%2Ftags&post=2960"}],"curies":[{"name":"wp","href":"https:\/\/api.w.org\/{rel}","templated":true}]}}