{"id":297,"date":"2010-07-03T17:49:17","date_gmt":"2010-07-03T17:49:17","guid":{"rendered":"http:\/\/www.agriatv.hu\/?p=297"},"modified":"2010-07-03T18:08:32","modified_gmt":"2010-07-03T18:08:32","slug":"poroszlon-foztek-a-polgarorok","status":"publish","type":"post","link":"https:\/\/www.agriatv.hu\/?p=297","title":{"rendered":"Poroszl\u00f3n f\u0151ztek a polg\u00e1r\u0151r\u00f6k"},"content":{"rendered":"<p><a href=\"javascript: void(0);\" onclick=\"javascript:window.open('\/galeria\/40685','kepgaleria','height=690,width=1020,status=no,toolbar=no,menubar=no,resizable=no,scrollbars=no,titlebar=no')\"> <span class=\"nagyit\"> <\/span><\/a><\/p>\n<p><a href=\"javascript: void(0);\" onclick=\"javascript:window.open('\/galeria\/40685','kepgaleria','height=690,width=1020,status=no,toolbar=no,menubar=no,resizable=no,scrollbars=no,titlebar=no')\"> <span class=\"nagyit\"> <\/span><\/a><\/p>\n<p><a href=\"javascript: void(0);\" onclick=\"javascript:window.open('\/galeria\/40685','kepgaleria','height=690,width=1020,status=no,toolbar=no,menubar=no,resizable=no,scrollbars=no,titlebar=no')\"><img loading=\"lazy\" decoding=\"async\" align=\"left\" alt=\"Id\u00e9n rendeztek el\u0151sz\u00f6r Orsz\u00e1gos Polg\u00e1r\u0151r Napot Heves megy\u00e9ben.  Fot\u00f3: \u00d6tv\u00f6s Imre\" height=\"87\" src=\"http:\/\/heol.hu\/lapokkepek\/cikkek\/118000\/118723_polgaror.jpg\" style=\"width: 130px; height: 87px;\" title=\"Id\u00e9n rendeztek el\u0151sz\u00f6r Orsz\u00e1gos Polg\u00e1r\u0151r Napot \nHeves megy\u00e9ben. Fot\u00f3: \u00d6tv\u00f6s Imre\" width=\"130\" \/><\/a><strong>Id&eacute;n Poroszl&oacute;n rendezt&eacute;k meg a 16. Orsz&aacute;gos Polg&aacute;r\u0151rnapot. Az esem&eacute;nyen rekordmennyis&eacute;g\u0171 babguly&aacute;st is f\u0151ztek.<\/strong><\/p>\n<p>Heves megye el\u0151sz&ouml;r adott otthont orsz&aacute;gos polg&aacute;r\u0151r rendezv&eacute;nynek, ez&eacute;rt is eml&eacute;kezetes a szombati nap azok sz&aacute;m&aacute;ra, akik kil&aacute;togattak a poroszl&oacute;i fesztiv&aacute;lt&eacute;rre, a 16. Orsz&aacute;gos Polg&aacute;r\u0151rnapra. El\u0151zetesen mintegy 7000-en jelentkeztek, k&ouml;z&uuml;l&uuml;k 1500 polg&aacute;r\u0151r megy&eacute;nkbeli.<\/p>\n<p>A rendezv&eacute;nyre azonban nemcsak civilek j&ouml;ttek. Jelen volt<strong> T&aacute;llai Andr&aacute;s<\/strong>, a Bel&uuml;gyminiszt&eacute;rium &aacute;llamtitk&aacute;ra, <strong>dr. Ill&eacute;s Zolt&aacute;n<\/strong> k&ouml;rnyezetv&eacute;delmi &eacute;s v&iacute;z&uuml;gyi &aacute;llamtitk&aacute;r, <strong>dr. Hatala J&oacute;zsef<\/strong>, a frissen kinevezett orsz&aacute;gos rend\u0151rf\u0151kapit&aacute;ny, valamint f\u0151v&aacute;rosi &eacute;s a megyei rend\u0151r-f\u0151kapit&aacute;nys&aacute;gok vezet\u0151i. A h&aacute;zigazda pedig term&eacute;szetesen a k&ouml;zs&eacute;g polg&aacute;rmestere, <strong>Bornemissza J&aacute;nos<\/strong> volt, \u0151 k&ouml;sz&ouml;nt&ouml;tte a vend&eacute;geket, majd felolvast&aacute;k<strong> Pint&eacute;r S&aacute;ndor<\/strong> bel&uuml;gyminiszter ez alkalomra &iacute;rt level&eacute;t.<\/p>\n<p>A polg&aacute;r\u0151r&ouml;k p&eacute;nzgy\u0171jt\u0151 akci&oacute;ja is fontos szerepet kapott a Tisza-parti telep&uuml;l&eacute;sen, kider&uuml;lt ugyanis, hogy &ouml;sszesen 4, 283 milli&oacute; forintot gy\u0171jt&ouml;ttek &ouml;ssze, amelyb\u0151l k&eacute;tmilli&oacute;t Szendr\u0151 &ouml;nkorm&aacute;nyzata kap, a&nbsp;marad&eacute;k &ouml;sszeget az akt&iacute;v &aacute;rv&iacute;zk&aacute;rosult polg&aacute;r\u0151r&ouml;k&nbsp;k&ouml;z&ouml;tt osztott&aacute;k sz&eacute;t,&nbsp;fejenk&eacute;nt 150 ezer forintnyit vihettek haza.<\/p>\n<p>Megy&eacute;nkbelieket is jutalamaztak az orsz&aacute;gos tal&aacute;lkoz&oacute;n: <strong>Rajna K&aacute;lm&aacute;n<\/strong>, Dorm&aacute;nd polg&aacute;rmestere, a Heves Megyei Polg&aacute;r\u0151r Sz&ouml;vets&eacute;g aleln&ouml;ke bel&uuml;gyminiszt&eacute;riumi elismer&eacute;st vehetett &aacute;t. <strong>Dr. T&uacute;r&oacute;s Andr&aacute;s<\/strong>, az Orsz&aacute;gos Polg&aacute;r\u0151r Sz&ouml;vets&eacute;g eln&ouml;ke Polg&aacute;r\u0151rk&ouml;zs&eacute;g kit&uuml;ntet\u0151 c&iacute;mmel jutalmazta Ad&aacute;cs telep&uuml;l&eacute;s&eacute;t, valamint Polg&aacute;r\u0151r &Eacute;rdemkeresztet adom&aacute;nyozott <strong>Farkas L&aacute;szl&oacute;nak<\/strong>, a F&uuml;zesabonyi Polg&aacute;r\u0151r Egyes&uuml;let eln&ouml;ks&eacute;gi tagj&aacute;nak.<\/p>\n<p>Poroszl&oacute;n rekormennyis&eacute;g\u0171&nbsp;eb&eacute;d is f\u0151tt: egy 3750 literes bogr&aacute;csban, mintegy 500 kil&oacute;nyi h&uacute;s felhaszn&aacute;l&aacute;s&aacute;val k&eacute;sz&uuml;lt a babguly&aacute;s.<\/p>\n<p>Forr&aacute;s: Heol<\/p>\n<p><!-- Poroszl\u00f3n f\u0151ztek a polg\u00e1r\u0151r\u00f6k  Id\u00e9n Poroszl\u00f3n rendezt\u00e9k meg a 16. Orsz\u00e1gos Polg\u00e1r\u0151rnapot. Az esem\u00e9nyen rekordmennyis\u00e9g\u0171 babguly\u00e1st is f\u0151ztek.   Id\u00e9n rendeztek el\u0151sz\u00f6r Orsz\u00e1gos Polg\u00e1r\u0151r Napot Heves megy\u00e9ben. Fot\u00f3: \u00d6tv\u00f6s Imre --><\/p>\n<div class=\"fb_reset\" id=\"fb-root\"><script async=\"\" src=\"http:\/\/connect.facebook.net\/hu_HU\/all.js\"><\/script><\/p>\n<div style=\"position: absolute; top: -10000px; height: 0pt; width: 0pt;\">\n<div><iframe class=\"FB_UI_Hidden\" id=\"f1efd6e521602a6\" name=\"faa30f24f3b192\" src=\"http:\/\/www.facebook.com\/extern\/login_status.php?api_key=120134178004736&amp;channel_url=http%3A%2F%2Fstatic.ak.fbcdn.net%2Fconnect%2Fxd_proxy.php%23%3F%3D%26cb%3Df141240ba5b6668%26origin%3Dhttp%253A%252F%252Fwww.heol.hu%252Fff05815370b7c%26relation%3Dparent.parent%26transport%3Dpostmessage&amp;display=hidden&amp;extern=2&amp;locale=hu_HU&amp;method=auth.status&amp;next=http%3A%2F%2Fstatic.ak.fbcdn.net%2Fconnect%2Fxd_proxy.php%23%3F%3D%26cb%3Df24c96a2b6b6f8c%26origin%3Dhttp%253A%252F%252Fwww.heol.hu%252Fff05815370b7c%26relation%3Dparent%26transport%3Dpostmessage%26frame%3Df1cde9da1208d4%26result%3D%2522xxRESULTTOKENxx%2522&amp;no_session=http%3A%2F%2Fstatic.ak.fbcdn.net%2Fconnect%2Fxd_proxy.php%23%3F%3D%26cb%3Df124d652e52abd%26origin%3Dhttp%253A%252F%252Fwww.heol.hu%252Fff05815370b7c%26relation%3Dparent%26transport%3Dpostmessage%26frame%3Df1cde9da1208d4%26result%3DxxRESULTTOKENxx&amp;no_user=http%3A%2F%2Fstatic.ak.fbcdn.net%2Fconnect%2Fxd_proxy.php%23%3F%3D%26cb%3Df1051a2f349ea02%26origin%3Dhttp%253A%252F%252Fwww.heol.hu%252Fff05815370b7c%26relation%3Dparent%26transport%3Dpostmessage%26frame%3Df1cde9da1208d4%26result%3DxxRESULTTOKENxx&amp;ok_session=http%3A%2F%2Fstatic.ak.fbcdn.net%2Fconnect%2Fxd_proxy.php%23%3F%3D%26cb%3Df344047cf9e3b24%26origin%3Dhttp%253A%252F%252Fwww.heol.hu%252Fff05815370b7c%26relation%3Dparent%26transport%3Dpostmessage%26frame%3Df1cde9da1208d4%26result%3DxxRESULTTOKENxx&amp;sdk=joey&amp;session_version=3\" style=\"border: medium none; overflow: hidden;\"><\/iframe><\/div>\n<\/p><\/div>\n<\/div>\n<p><script>\n\t\t\t\t\t  window.fbAsyncInit = function() {<\/p>\n<p>\t\t\t\t\t\tFB.init({appId: '120134178004736', status: true, cookie: true,\n\t\t\t\t\t\t\t\t xfbml: true});<\/p>\n<p>\t\t\t\t\t  };\n\t\t\t\t\t  (function() {\n\t\t\t\t\t\tvar e = document.createElement('script'); e.async = true;\n\t\t\t\t\t\te.src = document.location.protocol +\n\t\t\t\t\t\t  '\/\/connect.facebook.net\/hu_HU\/all.js';\n\t\t\t\t\t\tdocument.getElementById('fb-root').appendChild(e);\n\t\t\t\t\t  }());\n\t\t\t\t\t<\/script><\/p>\n","protected":false},"excerpt":{"rendered":"\n<p>Id&eacute;n Poroszl&oacute;n rendezt&eacute;k meg a 16. Orsz&aacute;gos Polg&aacute;r\u0151rnapot. Az esem&eacute;nyen rekordmennyis&eacute;g\u0171 babguly&aacute;st is f\u0151ztek.<br \/>\nHeves megye el\u0151sz&ouml;r adott otthont orsz&aacute;gos polg&aacute;r\u0151r rendezv&eacute;nynek, ez&eacute;rt is eml&eacute;kezetes a szombati nap azok sz&aacute;m&aacute;ra, akik kil&aacute;togattak a poroszl&oacute;i fesztiv&aacute;lt&eacute;rre, a 16. Orsz&aacute;gos Polg&aacute;r\u0151rnapra. El\u0151zetesen mintegy 7000-en jelentkeztek, k&ouml;z&uuml;l&uuml;k 1500 polg&aacute;r\u0151r megy&eacute;nkbeli.<br \/>\nA rendezv&eacute;nyre azonban nemcsak civilek j&ouml;ttek. [&#8230;]<\/p>\n","protected":false},"author":4,"featured_media":0,"comment_status":"closed","ping_status":"open","sticky":false,"template":"","format":"standard","meta":{"footnotes":""},"categories":[6],"tags":[],"class_list":["post-297","post","type-post","status-publish","format-standard","hentry","category-belfold"],"_links":{"self":[{"href":"https:\/\/www.agriatv.hu\/index.php?rest_route=\/wp\/v2\/posts\/297","targetHints":{"allow":["GET"]}}],"collection":[{"href":"https:\/\/www.agriatv.hu\/index.php?rest_route=\/wp\/v2\/posts"}],"about":[{"href":"https:\/\/www.agriatv.hu\/index.php?rest_route=\/wp\/v2\/types\/post"}],"author":[{"embeddable":true,"href":"https:\/\/www.agriatv.hu\/index.php?rest_route=\/wp\/v2\/users\/4"}],"replies":[{"embeddable":true,"href":"https:\/\/www.agriatv.hu\/index.php?rest_route=%2Fwp%2Fv2%2Fcomments&post=297"}],"version-history":[{"count":2,"href":"https:\/\/www.agriatv.hu\/index.php?rest_route=\/wp\/v2\/posts\/297\/revisions"}],"predecessor-version":[{"id":299,"href":"https:\/\/www.agriatv.hu\/index.php?rest_route=\/wp\/v2\/posts\/297\/revisions\/299"}],"wp:attachment":[{"href":"https:\/\/www.agriatv.hu\/index.php?rest_route=%2Fwp%2Fv2%2Fmedia&parent=297"}],"wp:term":[{"taxonomy":"category","embeddable":true,"href":"https:\/\/www.agriatv.hu\/index.php?rest_route=%2Fwp%2Fv2%2Fcategories&post=297"},{"taxonomy":"post_tag","embeddable":true,"href":"https:\/\/www.agriatv.hu\/index.php?rest_route=%2Fwp%2Fv2%2Ftags&post=297"}],"curies":[{"name":"wp","href":"https:\/\/api.w.org\/{rel}","templated":true}]}}