{"id":2978,"date":"2010-12-13T19:08:37","date_gmt":"2010-12-13T19:08:37","guid":{"rendered":"http:\/\/www.agriatv.hu\/?p=2978"},"modified":"2010-12-13T19:08:37","modified_gmt":"2010-12-13T19:08:37","slug":"karacsonyi-kedvezmeny-a-konyvtarban","status":"publish","type":"post","link":"https:\/\/www.agriatv.hu\/?p=2978","title":{"rendered":"Kar\u00e1csonyi kedvezm\u00e9ny a k\u00f6nyvt\u00e1rban"},"content":{"rendered":"<p><img loading=\"lazy\" decoding=\"async\" class=\"alignleft\" src=\"http:\/\/www.egriszin.hu\/RenderedContents\/IndexImages\/6\/6960-20101213161526-brody.jpg\" alt=\"\" width=\"150\" height=\"97\" \/><strong>Kar\u00e1csonyi kedvezm\u00e9nyt aj\u00e1nl az \u00e9rdekl\u0151d\u0151knek a Br\u00f3dy S\u00e1ndor  Megyei \u00e9s V\u00e1rosi K\u00f6nyvt\u00e1r. A tegnap kezd\u0151d\u0151 \u00fcnnepi akci\u00f3 keret\u00e9ben  december 23-ig f\u00e9l\u00e1ron v\u00e1lthat\u00f3 ki az egy \u00e9vre sz\u00f3l\u00f3 k\u00f6nyvt\u00e1ri tags\u00e1g. A  kedvezm\u00e9nyes beiratkoz\u00e1si d\u00edjjal, az eddigiekhez hasonl\u00f3an a k\u00f6nyvt\u00e1r  minden r\u00e9szlege l\u00e1togathat\u00f3.<\/strong><\/p>\n<p>A d\u00edjak:<\/p>\n<p>feln\u0151tteknek 1100,- Ft,<br \/>\ndi\u00e1koknak \u00e9s nyugd\u00edjasoknak 500,- Ft.<\/p>\n","protected":false},"excerpt":{"rendered":"<p>Kar\u00e1csonyi kedvezm\u00e9nyt aj\u00e1nl az \u00e9rdekl\u0151d\u0151knek a Br\u00f3dy S\u00e1ndor  Megyei \u00e9s V\u00e1rosi K\u00f6nyvt\u00e1r. A tegnap kezd\u0151d\u0151 \u00fcnnepi akci\u00f3 keret\u00e9ben  december 23-ig f\u00e9l\u00e1ron v\u00e1lthat\u00f3 ki az egy \u00e9vre sz\u00f3l\u00f3 k\u00f6nyvt\u00e1ri tags\u00e1g. A  kedvezm\u00e9nyes beiratkoz\u00e1si d\u00edjjal, az eddigiekhez hasonl\u00f3an a k\u00f6nyvt\u00e1r  minden r\u00e9szlege l\u00e1togathat\u00f3.<br \/>\nA d\u00edjak:<br \/>\nfeln\u0151tteknek 1100,- Ft,<br \/>\ndi\u00e1koknak \u00e9s nyugd\u00edjasoknak 500,- Ft.<\/p>\n","protected":false},"author":4,"featured_media":0,"comment_status":"open","ping_status":"closed","sticky":false,"template":"","format":"standard","meta":{"footnotes":""},"categories":[8,4],"tags":[],"class_list":["post-2978","post","type-post","status-publish","format-standard","hentry","category-kultura","category-szabadido"],"_links":{"self":[{"href":"https:\/\/www.agriatv.hu\/index.php?rest_route=\/wp\/v2\/posts\/2978","targetHints":{"allow":["GET"]}}],"collection":[{"href":"https:\/\/www.agriatv.hu\/index.php?rest_route=\/wp\/v2\/posts"}],"about":[{"href":"https:\/\/www.agriatv.hu\/index.php?rest_route=\/wp\/v2\/types\/post"}],"author":[{"embeddable":true,"href":"https:\/\/www.agriatv.hu\/index.php?rest_route=\/wp\/v2\/users\/4"}],"replies":[{"embeddable":true,"href":"https:\/\/www.agriatv.hu\/index.php?rest_route=%2Fwp%2Fv2%2Fcomments&post=2978"}],"version-history":[{"count":1,"href":"https:\/\/www.agriatv.hu\/index.php?rest_route=\/wp\/v2\/posts\/2978\/revisions"}],"predecessor-version":[{"id":2979,"href":"https:\/\/www.agriatv.hu\/index.php?rest_route=\/wp\/v2\/posts\/2978\/revisions\/2979"}],"wp:attachment":[{"href":"https:\/\/www.agriatv.hu\/index.php?rest_route=%2Fwp%2Fv2%2Fmedia&parent=2978"}],"wp:term":[{"taxonomy":"category","embeddable":true,"href":"https:\/\/www.agriatv.hu\/index.php?rest_route=%2Fwp%2Fv2%2Fcategories&post=2978"},{"taxonomy":"post_tag","embeddable":true,"href":"https:\/\/www.agriatv.hu\/index.php?rest_route=%2Fwp%2Fv2%2Ftags&post=2978"}],"curies":[{"name":"wp","href":"https:\/\/api.w.org\/{rel}","templated":true}]}}