{"id":2980,"date":"2010-12-13T19:13:13","date_gmt":"2010-12-13T19:13:13","guid":{"rendered":"http:\/\/www.agriatv.hu\/?p=2980"},"modified":"2010-12-13T19:16:14","modified_gmt":"2010-12-13T19:16:14","slug":"bizonytalan-%e2%80%9dmillenniumi-generacio%e2%80%9d","status":"publish","type":"post","link":"https:\/\/www.agriatv.hu\/?p=2980","title":{"rendered":"Bizonytalan \u201dmillenniumi gener\u00e1ci\u00f3\u201d"},"content":{"rendered":"<p><img loading=\"lazy\" decoding=\"async\" class=\"alignleft\" src=\"http:\/\/www.egriszin.hu\/RenderedContents\/IndexImages\/6\/6958-20101213151118-SANY0688.JPG\" alt=\"\" width=\"150\" height=\"95\" \/><strong>A \u201eFiatalok helyzete Egerben 2010\u201d c\u00edmmel v\u00e9gzett ifj\u00fas\u00e1gkutat\u00e1st  az  Echo Innov\u00e1ci\u00f3s M\u0171hely a hevesi megyesz\u00e9khelyen. A program  eredm\u00e9nyir\u0151l a  V\u00e1rosh\u00e1z\u00e1n tan\u00e1cskoznak ma a szakemberek, hogy a  megfogalmaz\u00f3dott  javaslatokat, elk\u00e9pzel\u00e9seket be\u00e9p\u00edthess\u00e9k a k\u00e9sz\u00fcl\u0151 \u00faj  V\u00e1rosi Ifj\u00fas\u00e1gi  Koncepci\u00f3ba.<\/strong><\/p>\n<p>Egerben az els\u0151 ifj\u00fas\u00e1gkutat\u00e1s 2005-ben k\u00e9sz\u00fclt el,  mely alapj\u00e1n a\u00a0 K\u00f6zgy\u0171l\u00e9s elfogadta a V\u00e1rosi Ifj\u00fas\u00e1gi Koncepci\u00f3t, majd a  k\u00f6vetkez\u0151 k\u00e9t \u00e9vre sz\u00f3l\u00f3 Ifj\u00fas\u00e1gi Cselekv\u00e9si Tervet. \u00d6t \u00e9v eltelt\u00e9vel  Eger Megyei Jog\u00fa V\u00e1ros \u00d6nkorm\u00e1nyzat\u00e1nak megb\u00edz\u00e1s\u00e1b\u00f3l \u00fajabb kutat\u00e1st  v\u00e9geztek, melyet \u00f6sszehasonl\u00edtanak az akkori felm\u00e9r\u00e9ssel. A k\u00e9rd\u0151\u00edves  adatgy\u0171jt\u00e9sre 2010 okt\u00f3ber\u00e9ben \u00e9s november\u00e9ben ker\u00fclt sor. A 9-14.  \u00e9vfolyamos di\u00e1kok illetve a 18-29 \u00e9v k\u00f6z\u00f6tti fiatalok, t\u00f6bb mint h\u00e1rom  ezren, k\u00f6zel 200 k\u00e9rd\u00e9st tartalmaz\u00f3 k\u00e9rd\u0151\u00edveket t\u00f6lt\u00f6ttek ki.<\/p>\n<p>Az  egyik legfontosabb tapasztalat az volt, hogy a v\u00e1rosban \u00e9l\u0151, tanul\u00f3  mostani ifj\u00fas\u00e1gi koroszt\u00e1ly a kor\u00e1bbi \u00e9vek ifj\u00fas\u00e1gi koroszt\u00e1ly\u00e1hoz  k\u00e9pest a demokr\u00e1ci\u00e1hoz val\u00f3 viszony\u00e1ban, kapcsolatrendszer\u00e9ben valamint  info-kommunik\u00e1ci\u00f3s kompetenci\u00e1j\u00e1ban alapjaiban t\u00e9r el. A fiatalok  sz\u00e1m\u00e1ra a mobiltelefon mellett nem az e-mail a legfontosabb  kommunik\u00e1ci\u00f3s eszk\u00f6z, hanem a k\u00f6z\u00f6ss\u00e9gi port\u00e1lok \u00e9s k\u00f6zvetlen  \u00fczenetv\u00e1lt\u00e1sra alkalmas fel\u00fcletek (pl. MSN, skype, chat stb.) \u2013 k\u00f6z\u00f6lte  Domokos Tam\u00e1s kutat\u00e1svezet\u0151. Mint elmondta, az \u00fagynevezett \u201emillenniumi  gener\u00e1ci\u00f3ra\u201d jellemz\u0151, hogy a \u201esz\u00e1m\u00edt\u00f3g\u00e9p illetve az internet el\u0151tt  t\u00f6lt\u00f6tt id\u0151 m\u00e1r meghaladja a telev\u00edzi\u00f3 k\u00e9perny\u0151je el\u0151tt t\u00f6lt\u00f6tt id\u0151t,  szemben az \u00f6t \u00e9vvel ezel\u0151tti helyzethez k\u00e9pest.<\/p>\n<p>A k\u00f6z\u00e9leti  t\u00e9m\u00e1kkal kapcsolatosan meglehet\u0151sen nagy \u00e9rdektelens\u00e9get m\u00e9rtek.  Demokr\u00e1ci\u00e1r\u00f3l alkotott k\u00e9p\u00fck a p\u00e1rtokt\u00f3l elfordul\u00f3, az autoriter  hatalomtechnik\u00e1k ir\u00e1ny\u00e1ba a kor\u00e1bbi \u00e9vekn\u00e9l nyitottabb.<\/p>\n<p style=\"text-align: justify;\">Az egri  fiatalok egy\u00f6t\u00f6de tervezi, hogy az Eur\u00f3pai Uni\u00f3 valamelyik orsz\u00e1g\u00e1ba  megy egy id\u0151re tanulni, k\u00f6zel 40 sz\u00e1zal\u00e9kuk pedig bizonytalan ebben a  k\u00e9rd\u00e9sben. Tov\u00e1bb\u00e1 a fiatalok t\u00f6bb mint fele tervezi azt, hogy az EU  valamelyik orsz\u00e1g\u00e1ba megy dolgozni egy id\u0151re, egyharmaduk pedig  gondolkodik m\u00e9g rajta. Az elm\u00falt \u00f6t \u00e9vben megn\u0151tt azoknak a sz\u00e1ma is,  akik az orsz\u00e1gon bel\u00fcl szeretn\u00e9nek m\u00e1s telep\u00fcl\u00e9sre menni tanulni vagy  dolgozni.<\/p>\n<p style=\"text-align: center;\"><div class=\"wordtube\">\n<div class=\"wordtube single173\" id=\"WT1_1\" style=\"width:320px; height:240px;\">\n<a href=\"http:\/\/www.macromedia.com\/go\/getflashplayer\">Get the Flash Player<\/a> to see the wordTube Media Player.\n<\/div><\/div>\n\t<script type=\"text\/javascript\" defer=\"defer\">\nvar WT1_1 = {\n\tparams : {\n\t\twmode : \"opaque\",\n\t\tallowscriptaccess : \"always\",\n\t\tallownetworking : \"all\",\n\t\tallowfullscreen : \"true\"},\n\tflashvars : {\n\t\tfile : \"http%3A%2F%2Fwww.agriatv.hu%2Fwp-content%2Fuploads%2F2010%2F12%2F1213ifjusag.flv\",\n\t\tvolume : \"80\",\n\t\tbufferlength : \"5\",\n\t\tquality : \"false\",\n\t\t'logo.hide' : \"false\",\n\t\timage : \"http%3A%2F%2Fwww.agriatv.hu%2Fwp-content%2Fuploads%2F2010%2F12%2F1213ifjusag.jpg\",\n\t\ttitle : \"1213ifjusag.flv\",\n\t\tlinktarget : \"_self\"},\n\tattr : {\n\t\tid : \"WT1\",\n\t\tname : \"WT1\"},\n\tstart : function() {\n\t\tswfobject.embedSWF(\"https:\/\/www.agriatv.hu\/\/player.swf\", \"WT1_1\", \"320\", \"240\", \"9.0.0\", false, this.flashvars, this.params , this.attr );\n\t}\n}\nWT1_1.start();\n\t<\/script>\n<\/p>\n<p>A megk\u00e9rdezett fiatalok 48 sz\u00e1zal\u00e9ka ink\u00e1bb fejl\u0151d\u0151nek  l\u00e1tja Egert, mint hanyatl\u00f3nak, ez ut\u00f3bbit csak 11 sz\u00e1zal\u00e9kuk \u00e1ll\u00edtotta.  \u00c1tlagon fel\u00fcl v\u00e9lik viszont \u00fagy, hogy sz\u00e1mukra Egerben nincs el\u00e9g  munkahely \u00e9s sz\u00f3rakoz\u00e1si lehet\u0151s\u00e9g, ugyanakkor \u00fagy l\u00e1tj\u00e1k, hogy az  elm\u00falt \u00f6t \u00e9vben javult a v\u00e1rosban a j\u00e1tsz\u00f3terek \u00e1llapota \u00e9s a kultur\u00e1lis  programk\u00edn\u00e1lat, ismerik a v\u00e1rosi beruh\u00e1z\u00e1sokat, a rekonstrukci\u00f3s  programokat \u00e9s a fejl\u0151d\u00e9si eredm\u00e9nyeket. A t\u00f6bbs\u00e9g \u00fagy v\u00e9li, romlott a  t\u00f6megk\u00f6zleked\u00e9s, a k\u00f6ztisztas\u00e1g \u00e9s a leveg\u0151min\u0151s\u00e9g.<\/p>\n<p>Domokos Tam\u00e1s  lesz\u00f6gezte, hogy n\u00f6vekedett a gazdas\u00e1gi-t\u00e1rsadalmi helyzet k\u00f6z\u00f6tti  t\u00e1vols\u00e1g a k\u00f6rnyez\u0151 telep\u00fcl\u00e9sekr\u0151l naponta bej\u00e1r\u00f3 \u00e9s helyi fiatalok  k\u00f6z\u00f6tt, s\u0151t a v\u00e1roson bel\u00fcl is kimutathat\u00f3k a kapcsol\u00f3d\u00f3 ter\u00fcleti  egyenl\u0151tlens\u00e9gek.<\/p>\n","protected":false},"excerpt":{"rendered":"<p>A \u201eFiatalok helyzete Egerben 2010\u201d c\u00edmmel v\u00e9gzett ifj\u00fas\u00e1gkutat\u00e1st  az  Echo Innov\u00e1ci\u00f3s M\u0171hely a hevesi megyesz\u00e9khelyen. A program  eredm\u00e9nyir\u0151l a  V\u00e1rosh\u00e1z\u00e1n tan\u00e1cskoznak ma a szakemberek, hogy a  megfogalmaz\u00f3dott  javaslatokat, elk\u00e9pzel\u00e9seket be\u00e9p\u00edthess\u00e9k a k\u00e9sz\u00fcl\u0151 \u00faj  V\u00e1rosi Ifj\u00fas\u00e1gi  Koncepci\u00f3ba.<br \/>\nEgerben az els\u0151 ifj\u00fas\u00e1gkutat\u00e1s 2005-ben k\u00e9sz\u00fclt el,  mely alapj\u00e1n a\u00a0 K\u00f6zgy\u0171l\u00e9s [&#8230;]<\/p>\n","protected":false},"author":4,"featured_media":0,"comment_status":"open","ping_status":"closed","sticky":false,"template":"","format":"standard","meta":{"footnotes":""},"categories":[6],"tags":[],"class_list":["post-2980","post","type-post","status-publish","format-standard","hentry","category-belfold"],"_links":{"self":[{"href":"https:\/\/www.agriatv.hu\/index.php?rest_route=\/wp\/v2\/posts\/2980","targetHints":{"allow":["GET"]}}],"collection":[{"href":"https:\/\/www.agriatv.hu\/index.php?rest_route=\/wp\/v2\/posts"}],"about":[{"href":"https:\/\/www.agriatv.hu\/index.php?rest_route=\/wp\/v2\/types\/post"}],"author":[{"embeddable":true,"href":"https:\/\/www.agriatv.hu\/index.php?rest_route=\/wp\/v2\/users\/4"}],"replies":[{"embeddable":true,"href":"https:\/\/www.agriatv.hu\/index.php?rest_route=%2Fwp%2Fv2%2Fcomments&post=2980"}],"version-history":[{"count":5,"href":"https:\/\/www.agriatv.hu\/index.php?rest_route=\/wp\/v2\/posts\/2980\/revisions"}],"predecessor-version":[{"id":2985,"href":"https:\/\/www.agriatv.hu\/index.php?rest_route=\/wp\/v2\/posts\/2980\/revisions\/2985"}],"wp:attachment":[{"href":"https:\/\/www.agriatv.hu\/index.php?rest_route=%2Fwp%2Fv2%2Fmedia&parent=2980"}],"wp:term":[{"taxonomy":"category","embeddable":true,"href":"https:\/\/www.agriatv.hu\/index.php?rest_route=%2Fwp%2Fv2%2Fcategories&post=2980"},{"taxonomy":"post_tag","embeddable":true,"href":"https:\/\/www.agriatv.hu\/index.php?rest_route=%2Fwp%2Fv2%2Ftags&post=2980"}],"curies":[{"name":"wp","href":"https:\/\/api.w.org\/{rel}","templated":true}]}}