{"id":2986,"date":"2010-12-14T15:31:15","date_gmt":"2010-12-14T15:31:15","guid":{"rendered":"http:\/\/www.agriatv.hu\/?p=2986"},"modified":"2010-12-14T15:31:15","modified_gmt":"2010-12-14T15:31:15","slug":"az-ekf-havi-hirei-holland-delegacio-es-borverseny","status":"publish","type":"post","link":"https:\/\/www.agriatv.hu\/?p=2986","title":{"rendered":"Az EKF havi h\u00edrei: holland deleg\u00e1ci\u00f3 \u00e9s borverseny"},"content":{"rendered":"<p><img loading=\"lazy\" decoding=\"async\" class=\"alignleft\" src=\"http:\/\/www.egriszin.hu\/RenderedContents\/IndexImages\/6\/6963-20101214132412-hauser.jpg\" alt=\"\" width=\"150\" height=\"144\" \/><strong>Az Eszterh\u00e1zy K\u00e1roly F\u0151iskola ez \u00e9vi utols\u00f3 sajt\u00f3t\u00e1j\u00e9koztat\u00f3j\u00e1nak  f\u0151bb t\u00e9m\u00e1i a f\u0151iskola holland partnerint\u00e9zm\u00e9nye deleg\u00e1ci\u00f3j\u00e1nak egri  l\u00e1togat\u00e1sa volt, valamint a F\u0151iskola Bora 2011 p\u00e1ly\u00e1zati felh\u00edv\u00e1s  meghosszabb\u00edt\u00e1sa.<\/strong><\/p>\n<div>2010. december 15-\u00e9n az Eszterh\u00e1zy K\u00e1roly  F\u0151iskol\u00e1ra l\u00e1togat az EKF ERASMUS partnere, az NHL Alkalmazott  Tudom\u00e1nyok Leeuwardeni Egyetem hallgat\u00f3i deleg\u00e1ci\u00f3ja \u2013 t\u00e1j\u00e9koztatott  Tarn\u00f3c Andr\u00e1s, k\u00fcl\u00fcgyi igazgat\u00f3. A 83 hallgat\u00f3b\u00f3l \u00e9s 5 k\u00eds\u00e9r\u0151tan\u00e1rb\u00f3l  \u00e1ll\u00f3 k\u00fcld\u00f6tts\u00e9g nemzetk\u00f6zi kommunik\u00e1ci\u00f3s workshop form\u00e1j\u00e1ban ismerkedhet  meg a magyar hallgat\u00f3kkal, s megvitatatj\u00e1k az \u0151ket \u00e9rint\u0151 legfontosabb  k\u00e9rd\u00e9seket, illetve helyi v\u00e1llalatok \u00e9s c\u00e9gek kommunik\u00e1ci\u00f3s  tev\u00e9kenys\u00e9g\u00e9t is tanulm\u00e1nyozz\u00e1k. A program szervez\u0151i az Eszterh\u00e1zy  K\u00e1roly F\u0151iskola Nemzetk\u00f6zi Kapcsolatok K\u00f6zpontja, Kommunik\u00e1ci\u00f3 \u00e9s  M\u00e9diatudom\u00e1nyi Tansz\u00e9ke, \u00e9s Politol\u00f3gia Tansz\u00e9ke.<\/p>\n<p>A holland  nemzetk\u00f6zi kommunik\u00e1ci\u00f3s hallgat\u00f3k jelenleg Budapesten l\u00e1togatnak meg  nagyobb c\u00e9geket, holnap pedig R\u00e1zsi Botond alpolg\u00e1rmester k\u00f6sz\u00f6nti \u0151ket  az egri V\u00e1rosh\u00e1z\u00e1n. Ezen a napon ker\u00fcl sor a workshopok-ra is, december  16-\u00e9n pedig egri c\u00e9gl\u00e1togat\u00e1sokon vesznek r\u00e9szt a deleg\u00e1ltak.<\/p>\n<p style=\"text-align: center;\"><div class=\"wordtube\">\n<div class=\"wordtube single174\" id=\"WT1_1\" style=\"width:320px; height:240px;\">\n<a href=\"http:\/\/www.macromedia.com\/go\/getflashplayer\">Get the Flash Player<\/a> to see the wordTube Media Player.\n<\/div><\/div>\n\t<script type=\"text\/javascript\" defer=\"defer\">\nvar WT1_1 = {\n\tparams : {\n\t\twmode : \"opaque\",\n\t\tallowscriptaccess : \"always\",\n\t\tallownetworking : \"all\",\n\t\tallowfullscreen : \"true\"},\n\tflashvars : {\n\t\tfile : \"http%3A%2F%2Fwww.agriatv.hu%2Fwp-content%2Fuploads%2F2010%2F12%2F1214ekf.flv\",\n\t\tvolume : \"80\",\n\t\tbufferlength : \"5\",\n\t\tquality : \"false\",\n\t\t'logo.hide' : \"false\",\n\t\timage : \"http%3A%2F%2Fwww.agriatv.hu%2Fwp-content%2Fuploads%2F2010%2F12%2F1214ekf.jpg\",\n\t\ttitle : \"1214ekf.flv\",\n\t\tlinktarget : \"_self\"},\n\tattr : {\n\t\tid : \"WT1\",\n\t\tname : \"WT1\"},\n\tstart : function() {\n\t\tswfobject.embedSWF(\"https:\/\/www.agriatv.hu\/\/player.swf\", \"WT1_1\", \"320\", \"240\", \"9.0.0\", false, this.flashvars, this.params , this.attr );\n\t}\n}\nWT1_1.start();\n\t<\/script>\n<\/p>\n<p>Dr.  Hauser Zolt\u00e1n, az EKF rektora felh\u00edvta a figyelmet az Alkalmazott  Tudom\u00e1nyokra a leeuwardeni int\u00e9zm\u00e9ny nev\u00e9ben, s elmondta, hogy az egri  k\u00e9pz\u00e9sben sem idegen az a fajta munkaer\u0151piacra val\u00f3 orient\u00e1lts\u00e1g,  amelyet a holland egyetem k\u00e9pvisel. A professzionalizmusra val\u00f3 t\u00f6rekv\u00e9s  az els\u0151dleges, nem pedig a kutat\u00f3k k\u00e9pz\u00e9s\u00e9re.<\/p>\n<p>Eszterh\u00e1zy K\u00e1roly  F\u0151iskola Bora 2011 p\u00e1ly\u00e1zat nevez\u00e9si hat\u00e1ridej\u00e9t is meghosszabb\u00edtott\u00e1k \u2013  t\u00e1j\u00e9koztatott a rektor. A nevez\u00e9senk\u00e9nti 4 palack bort az OBI igazol\u00e1s  m\u00e1solat\u00e1val december 17-ig lehet beny\u00fajtani. A b\u00edr\u00e1latn\u00e1l az Egri  Borvid\u00e9k Borverseny \u00e1ltal\u00e1nos szab\u00e1lyai az ir\u00e1nyad\u00f3ak. M\u00e1r 10.  alkalommal hirdetik meg a p\u00e1ly\u00e1zati felh\u00edv\u00e1st, a f\u0151iskola a j\u00f6v\u0151 \u00e9vben  minden rendezv\u00e9ny\u00e9n a nyertes bort aj\u00e1nlja. Dr. Hauser Zolt\u00e1n ez\u00faton is  b\u00edztatja a bor\u00e1sz t\u00e1rsait, hogy ne hagyj\u00e1k utols\u00f3 pillanatra a p\u00e1ly\u00e1zati  jelentkez\u00e9st.<\/p>\n<\/div>\n<div>Forr\u00e1s: <a href=\"www.egriszin.hu\">Egrisz\u00edn<\/a><\/div>\n","protected":false},"excerpt":{"rendered":"<p>Az Eszterh\u00e1zy K\u00e1roly F\u0151iskola ez \u00e9vi utols\u00f3 sajt\u00f3t\u00e1j\u00e9koztat\u00f3j\u00e1nak  f\u0151bb t\u00e9m\u00e1i a f\u0151iskola holland partnerint\u00e9zm\u00e9nye deleg\u00e1ci\u00f3j\u00e1nak egri  l\u00e1togat\u00e1sa volt, valamint a F\u0151iskola Bora 2011 p\u00e1ly\u00e1zati felh\u00edv\u00e1s  meghosszabb\u00edt\u00e1sa.<br \/>\n2010. december 15-\u00e9n az Eszterh\u00e1zy K\u00e1roly  F\u0151iskol\u00e1ra l\u00e1togat az EKF ERASMUS partnere, az NHL Alkalmazott  Tudom\u00e1nyok Leeuwardeni Egyetem hallgat\u00f3i deleg\u00e1ci\u00f3ja \u2013 t\u00e1j\u00e9koztatott  Tarn\u00f3c Andr\u00e1s, [&#8230;]<\/p>\n","protected":false},"author":4,"featured_media":0,"comment_status":"open","ping_status":"closed","sticky":false,"template":"","format":"standard","meta":{"footnotes":""},"categories":[9],"tags":[],"class_list":["post-2986","post","type-post","status-publish","format-standard","hentry","category-oktatas"],"_links":{"self":[{"href":"https:\/\/www.agriatv.hu\/index.php?rest_route=\/wp\/v2\/posts\/2986","targetHints":{"allow":["GET"]}}],"collection":[{"href":"https:\/\/www.agriatv.hu\/index.php?rest_route=\/wp\/v2\/posts"}],"about":[{"href":"https:\/\/www.agriatv.hu\/index.php?rest_route=\/wp\/v2\/types\/post"}],"author":[{"embeddable":true,"href":"https:\/\/www.agriatv.hu\/index.php?rest_route=\/wp\/v2\/users\/4"}],"replies":[{"embeddable":true,"href":"https:\/\/www.agriatv.hu\/index.php?rest_route=%2Fwp%2Fv2%2Fcomments&post=2986"}],"version-history":[{"count":2,"href":"https:\/\/www.agriatv.hu\/index.php?rest_route=\/wp\/v2\/posts\/2986\/revisions"}],"predecessor-version":[{"id":2988,"href":"https:\/\/www.agriatv.hu\/index.php?rest_route=\/wp\/v2\/posts\/2986\/revisions\/2988"}],"wp:attachment":[{"href":"https:\/\/www.agriatv.hu\/index.php?rest_route=%2Fwp%2Fv2%2Fmedia&parent=2986"}],"wp:term":[{"taxonomy":"category","embeddable":true,"href":"https:\/\/www.agriatv.hu\/index.php?rest_route=%2Fwp%2Fv2%2Fcategories&post=2986"},{"taxonomy":"post_tag","embeddable":true,"href":"https:\/\/www.agriatv.hu\/index.php?rest_route=%2Fwp%2Fv2%2Ftags&post=2986"}],"curies":[{"name":"wp","href":"https:\/\/api.w.org\/{rel}","templated":true}]}}