{"id":2990,"date":"2010-12-14T15:35:25","date_gmt":"2010-12-14T15:35:25","guid":{"rendered":"http:\/\/www.agriatv.hu\/?p=2990"},"modified":"2010-12-14T15:35:25","modified_gmt":"2010-12-14T15:35:25","slug":"vita-a-tettekrol-szavakkal","status":"publish","type":"post","link":"https:\/\/www.agriatv.hu\/?p=2990","title":{"rendered":"Vita a tettekr\u0151l &#8211; szavakkal"},"content":{"rendered":"<p><img loading=\"lazy\" decoding=\"async\" class=\"alignleft\" src=\"http:\/\/www.egriszin.hu\/RenderedContents\/IndexImages\/6\/6968-20101214151023-habisjo.jpg\" alt=\"\" width=\"150\" height=\"113\" \/><strong>Sajt\u00f3k\u00f6zlem\u00e9nyben reag\u00e1lt Habis L\u00e1szl\u00f3 polg\u00e1rmester az MSZP m\u00falt  h\u00e9t  p\u00e9nteki sajt\u00f3t\u00e1j\u00e9koztat\u00f3j\u00e1n elhangzottakra. \u00dagy v\u00e9li, hogy a  t\u00e9nyekkel  szemben \u00e1llnak dr. S\u00f3s Tam\u00e1s, az MSZPmegyei eln\u00f6k\u00e9nek szavai.  A v\u00e1lasz  sem maradt el, amely \u00fajabb k\u00f6zlem\u00e9ny form\u00e1j\u00e1ban \u00e9rkezett   szerkeszt\u0151s\u00e9g\u00fcnkbe.<\/strong><\/p>\n<div>\u201eAz MSZP megyei eln\u00f6k\u00e9nek megnyilv\u00e1nul\u00e1sai a  parlamentben, illetve sajt\u00f3t\u00e1j\u00e9koztat\u00f3in sz\u00f6ges ellent\u00e9tben \u00e1llnak a  t\u00e9nyekkel. A parlamentben betegjogokr\u00f3l papol, miut\u00e1n \u0151 j\u00e1tszotta \u00e1t a  megyei k\u00f3rh\u00e1zat a Hospinvestnek. Egy olyan c\u00e9gnek, amelyik azt  \u00e1ll\u00edtotta: a k\u00f3rh\u00e1z m\u0171k\u00f6dtet\u00e9se 90%-ban gazdas\u00e1gi k\u00e9rd\u00e9s \u00e9s 10%-ban  gy\u00f3gy\u00edt\u00e1s.<\/p>\n<p>Azt \u00e1ll\u00edtja: a Bajnai korm\u00e1ny rendben adta \u00e1t az  orsz\u00e1got, mik\u00f6zben az a t\u00e9ny, hogy az els\u0151 \u00f6t h\u00f3napban a teljes \u00e9ves  k\u00f6lts\u00e9gvet\u00e9si hi\u00e1nyt &#8222;teljes\u00edtett\u00e9k&#8221;. \u00cdgy az \u00faj korm\u00e1nynak az egyens\u00faly  \u00e9rdek\u00e9ben takar\u00e9koss\u00e1gi int\u00e9zked\u00e9sek mellett k\u00fcl\u00f6n ad\u00f3k bevezet\u00e9s\u00e9r\u0151l  kellett d\u00f6ntenie.<\/p>\n<p>Most az Egert az M3-as aut\u00f3p\u00e1ly\u00e1val \u00f6sszek\u00f6t\u0151  \u00fat \u00e9p\u00edt\u00e9s\u00e9r\u0151l nyilatkozik, de szeretn\u00e9m eml\u00e9keztetni r\u00e1: t\u00f6bb mint 8 \u00e9ve  \u00edg\u00e9rte meg Medgyessy P\u00e9ter: az MSZP korm\u00e1ny els\u0151 int\u00e9zked\u00e9sei k\u00f6z\u00f6tt\u00a0\u00a0  szerepel majd a beruh\u00e1z\u00e1s. K\u00e9t v\u00e1laszt\u00e1si ciklus kev\u00e9snek bizonyult az  \u00edg\u00e9ret teljes\u00edt\u00e9s\u00e9hez.<\/p>\n<p>E megnyilatkoz\u00e1sok kapcs\u00e1n hangs\u00falyozom: a tettek besz\u00e9desebbek a szavakn\u00e1l\u2026<\/p>\n<p>Habis L\u00e1szl\u00f3<\/p><\/div>\n<p>A polg\u00e1rmester szavaira v\u00e1laszolt dr. S\u00f3s Tam\u00e1s, aki az al\u00e1bbi k\u00f6zlem\u00e9nyt juttatta el szerkeszt\u0151s\u00e9g\u00fcnkh\u00f6z:<\/p>\n<p><strong>Val\u00f3ban, a szavak s\u00faly\u00e1t a tettek adj\u00e1k\u2026<\/strong><\/p>\n<p>Az  elm\u00falt esztend\u0151kben a szocialista vezet\u00e9s id\u0151szak\u00e1ban Eger kiemelt  fejleszt\u00e9sekhez jutott. Kiemelt projektek t\u00f6bbek k\u00f6z\u00f6tt a L\u00edceum &#8211;  fejleszt\u00e9s, el\u0151k\u00e9sz\u00edt\u00e9ssel ott van a v\u00e1ri projekt, az \u00c9rseki Palota  fel\u00faj\u00edt\u00e1sa, a k\u00f3rh\u00e1zi rekonstrukci\u00f3, megval\u00f3sult a T\u00f6r\u00f6k F\u00fcrd\u0151 \u2013\u00e9s Reuma  K\u00f3rh\u00e1zi beruh\u00e1z\u00e1s, csak n\u00e9h\u00e1ny a sok k\u00f6z\u00fcl.<\/p>\n<p>Az ut\u00f3bbi f\u00e9l \u00e9vben megt\u00f6rt ezen fejleszt\u00e9sek folytat\u00e1s\u00e1nak \u00fcteme.<br \/>\nAz  \u00f6nkorm\u00e1nyzatok nehezebb helyzetbe ker\u00fcltek, a FIDESZ a kamp\u00e1nyban tett  \u00edg\u00e9reteit \u00fagy t\u0171nik, hogy nem tudja megval\u00f3s\u00edtani, s\u0151t ellent\u00e9tesen  cselekszik. Ami az utakat illeti, Eger bevezet\u0151 \u00fatra a Bajnai korm\u00e1ny  id\u0151szak\u00e1ban 2,6 milli\u00e1rd forint elk\u00fcl\u00f6n\u00edt\u00e9sre ker\u00fclt. A F\u00fczesabony &#8211;  Makl\u00e1rig tart\u00f3 szakasz \u00e9p\u00edt\u00e9s\u00e9t csak meg kellene kezdeni.<br \/>\nItt a  lehet\u0151s\u00e9g, hogy a j\u00f6v\u0151 heti k\u00f6lts\u00e9gvet\u00e9si\u00a0 szavaz\u00e1skor a Heves megye  \u00fath\u00e1l\u00f3zata fejleszt\u00e9s\u00e9vel kapcsolatos m\u00f3dos\u00edt\u00f3 javaslatokat megszavazz\u00e1k  a fideszes k\u00e9pvisel\u0151k is.<\/p>\n<p>A k\u00f3rh\u00e1zra val\u00f3 4,5 milli\u00e1rdos \u00f6sszeg  rendelkez\u00e9sre \u00e1ll.\u00a0 Amikor a szavak s\u00faly\u00e1r\u00f3l besz\u00e9l\u00fcnk, akkor szeretn\u00e9m  felh\u00edvni a figyelmet arra is, hogy az Egri \u00d6nkorm\u00e1nyzat az egri  betegeket is ell\u00e1t\u00f3 k\u00f3rh\u00e1zi beruh\u00e1z\u00e1s 500 milli\u00f3s \u00f6nr\u00e9sz\u00e9b\u0151l nem v\u00e1llalt  egy fill\u00e9rt sem!<\/p>\n<p>Dr. S\u00f3s Tam\u00e1s<\/p>\n","protected":false},"excerpt":{"rendered":"<p>Sajt\u00f3k\u00f6zlem\u00e9nyben reag\u00e1lt Habis L\u00e1szl\u00f3 polg\u00e1rmester az MSZP m\u00falt  h\u00e9t  p\u00e9nteki sajt\u00f3t\u00e1j\u00e9koztat\u00f3j\u00e1n elhangzottakra. \u00dagy v\u00e9li, hogy a  t\u00e9nyekkel  szemben \u00e1llnak dr. S\u00f3s Tam\u00e1s, az MSZPmegyei eln\u00f6k\u00e9nek szavai.  A v\u00e1lasz  sem maradt el, amely \u00fajabb k\u00f6zlem\u00e9ny form\u00e1j\u00e1ban \u00e9rkezett   szerkeszt\u0151s\u00e9g\u00fcnkbe.<br \/>\n\u201eAz MSZP megyei eln\u00f6k\u00e9nek megnyilv\u00e1nul\u00e1sai a  parlamentben, illetve sajt\u00f3t\u00e1j\u00e9koztat\u00f3in sz\u00f6ges [&#8230;]<\/p>\n","protected":false},"author":4,"featured_media":0,"comment_status":"open","ping_status":"closed","sticky":false,"template":"","format":"standard","meta":{"footnotes":""},"categories":[3],"tags":[],"class_list":["post-2990","post","type-post","status-publish","format-standard","hentry","category-politika"],"_links":{"self":[{"href":"https:\/\/www.agriatv.hu\/index.php?rest_route=\/wp\/v2\/posts\/2990","targetHints":{"allow":["GET"]}}],"collection":[{"href":"https:\/\/www.agriatv.hu\/index.php?rest_route=\/wp\/v2\/posts"}],"about":[{"href":"https:\/\/www.agriatv.hu\/index.php?rest_route=\/wp\/v2\/types\/post"}],"author":[{"embeddable":true,"href":"https:\/\/www.agriatv.hu\/index.php?rest_route=\/wp\/v2\/users\/4"}],"replies":[{"embeddable":true,"href":"https:\/\/www.agriatv.hu\/index.php?rest_route=%2Fwp%2Fv2%2Fcomments&post=2990"}],"version-history":[{"count":1,"href":"https:\/\/www.agriatv.hu\/index.php?rest_route=\/wp\/v2\/posts\/2990\/revisions"}],"predecessor-version":[{"id":2991,"href":"https:\/\/www.agriatv.hu\/index.php?rest_route=\/wp\/v2\/posts\/2990\/revisions\/2991"}],"wp:attachment":[{"href":"https:\/\/www.agriatv.hu\/index.php?rest_route=%2Fwp%2Fv2%2Fmedia&parent=2990"}],"wp:term":[{"taxonomy":"category","embeddable":true,"href":"https:\/\/www.agriatv.hu\/index.php?rest_route=%2Fwp%2Fv2%2Fcategories&post=2990"},{"taxonomy":"post_tag","embeddable":true,"href":"https:\/\/www.agriatv.hu\/index.php?rest_route=%2Fwp%2Fv2%2Ftags&post=2990"}],"curies":[{"name":"wp","href":"https:\/\/api.w.org\/{rel}","templated":true}]}}