{"id":2992,"date":"2010-12-14T15:49:29","date_gmt":"2010-12-14T15:49:29","guid":{"rendered":"http:\/\/www.agriatv.hu\/?p=2992"},"modified":"2010-12-14T19:25:16","modified_gmt":"2010-12-14T19:25:16","slug":"mszp-komikus-a-kozgyules-munkaja","status":"publish","type":"post","link":"https:\/\/www.agriatv.hu\/?p=2992","title":{"rendered":"MSZP: Komikus a K\u00f6zgy\u0171l\u00e9s munk\u00e1ja"},"content":{"rendered":"<p><img loading=\"lazy\" decoding=\"async\" class=\"alignleft\" src=\"http:\/\/www.egriszin.hu\/RenderedContents\/IndexImages\/6\/6964-20101214133445-Fenykep2774.jpg\" alt=\"\" width=\"150\" height=\"113\" \/><\/p>\n<p><strong>\u201eTechnikai\u201d zavar a Heves Megyei K\u00f6zgy\u0171l\u00e9sben c\u00edmmel tartott   sajt\u00f3t\u00e1j\u00e9koztat\u00f3t dr. Nagy Imre, a Heves Megyei K\u00f6zgy\u0171l\u00e9s MSZP   Frakci\u00f3j\u00e1nak eln\u00f6ke. A politikus m\u00falt h\u00e9t szerdai soron k\u00edv\u00fcli megyei   k\u00f6zgy\u0171l\u00e9s \u00fcl\u00e9s\u00e9n kialakult \u00e1llapotr\u00f3l \u00e9s a k\u00f6zgy\u0171l\u00e9s kisz\u00e1m\u00edthatatlan   m\u0171k\u00f6d\u00e9s\u00e9r\u0151l besz\u00e9lt. <\/strong><\/p>\n<div>\u201eA K\u00f6zgy\u0171l\u00e9s kisz\u00e1m\u00edthatatlans\u00e1ga, ami igaz\u00e1n  aggaszt\u00f3 a megalakul\u00e1s \u00f3ta, nem besz\u00e9lve arr\u00f3l, hogy a legut\u00f3bbi soron  k\u00edv\u00fcli \u00fcl\u00e9st technikailag \u00e9s szakmailag is komikusnak tal\u00e1lta a  k\u00f6z\u00f6ns\u00e9g\u201d &#8211; mondta Dr. Nagy Imre. Azt, hogy valami nincs rendben, jelzi a  soron k\u00edv\u00fcli \u00fcl\u00e9s is, valamint az, hogy nincs egy\u00f6ntet\u0171 egyet\u00e9rt\u00e9s a  t\u00f6bbs\u00e9gben l\u00e9v\u0151 fideszes k\u00e9pvisel\u0151k k\u00f6z\u00f6tt. Neh\u00e9z \u00fagy ir\u00e1ny\u00edtani a Heves  Megyei \u00d6nkorm\u00e1nyzatot, hogy azokban a k\u00e9rd\u00e9sekben sincs egyet\u00e9rt\u00e9s,  amelyekt\u0151l \u2013 az \u00f6nkorm\u00e1nyzat m\u0171k\u00f6dtet\u00e9se al\u00e1 tartoz\u00f3 \u2013 t\u00f6bb, mint 30  int\u00e9zm\u00e9ny sorsa, boldogul\u00e1sa f\u00fcgg. A szocialista politikus ezt l\u00e1tja  p\u00e9ld\u00e1ul a k\u00f3rh\u00e1z eset\u00e9ben, ahol folyamatos az el\u00e9gedetlens\u00e9g a jelenlegi  \u00f6nkorm\u00e1nyzati t\u00e1mogatotts\u00e1ggal kapcsolatban.<\/div>\n<div>Sz\u00e1mos  agg\u00e1ly vet\u0151d\u00f6tt fel a jelenlegi megyei k\u00f6zgy\u0171l\u00e9si szavaz\u00f3rendszerrel  kapcsolatban, amit m\u00e1r nyolc \u00e9ve haszn\u00e1lnak, \u00e9s eddig semmilyen probl\u00e9ma  nem ad\u00f3dott a titkos szavaz\u00e1sok sor\u00e1n (sem). Tov\u00e1bbi aggodalomra adhat  okot, hogy a soron k\u00edv\u00fcli \u00fcl\u00e9s mag\u00e1val hozza a soron k\u00edv\u00fcli szab\u00e1lyokat  is, \u00edgy lehet\u0151s\u00e9g ad\u00f3dik a g\u00e9pi szavaz\u00e1s helyett a hagyom\u00e1nyos (pap\u00edrral  t\u00f6rt\u00e9n\u0151) titkos voksol\u00e1s lebonyol\u00edt\u00e1s\u00e1ra, ami azonban megs\u00e9rti annak  titkoss\u00e1g\u00e1t \u00e9s ellen\u0151rizhet\u0151v\u00e9 v\u00e1lik a szavaz\u00e1s szem\u00e9lyenk\u00e9nti  kimenetele. Ez k\u00eds\u00e9rtetiesen hasonl\u00edt az idei K\u00f6zt\u00e1rsas\u00e1gi Eln\u00f6k  v\u00e1laszt\u00e1s parlamenti lebonyol\u00edt\u00e1s\u00e1ra, amikor szint\u00e9n ezen technikai,  v\u00e9lt vagy val\u00f3s probl\u00e9m\u00e1k miatt k\u00e9nyszer\u00fcltek pap\u00edrral lefolytatni a  szavaz\u00e1st az orsz\u00e1ggy\u0171l\u00e9si k\u00e9pvisel\u0151k \u2013 hangzott el a sajt\u00f3t\u00e1j\u00e9koztat\u00f3n.<\/div>\n<div>Dr.  Nagy Imre \u00fagy l\u00e1tja, a FIDESZ akkor szeret pap\u00edron szavazni, ha m\u00e1sk\u00e9pp  \u2013 ellen\u0151rz\u00e9s n\u00e9lk\u00fcl \u2013 nem tudn\u00e1 megszerezni a kell\u0151 t\u00f6bbs\u00e9get.<\/div>\n<div><div class=\"wordtube\">\n<div class=\"wordtube single175\" id=\"WT1_1\" style=\"width:320px; height:240px;\">\n<a href=\"http:\/\/www.macromedia.com\/go\/getflashplayer\">Get the Flash Player<\/a> to see the wordTube Media Player.\n<\/div><\/div>\n\t<script type=\"text\/javascript\" defer=\"defer\">\nvar WT1_1 = {\n\tparams : {\n\t\twmode : \"opaque\",\n\t\tallowscriptaccess : \"always\",\n\t\tallownetworking : \"all\",\n\t\tallowfullscreen : \"true\"},\n\tflashvars : {\n\t\tfile : \"http%3A%2F%2Fwww.agriatv.hu%2Fwp-content%2Fuploads%2F2010%2F12%2F1214mszp.flv\",\n\t\tvolume : \"80\",\n\t\tbufferlength : \"5\",\n\t\tquality : \"false\",\n\t\t'logo.hide' : \"false\",\n\t\timage : \"http%3A%2F%2Fwww.agriatv.hu%2Fwp-content%2Fuploads%2F2010%2F12%2F1214mszp.jpg\",\n\t\ttitle : \"1214mszp.flv\",\n\t\tlinktarget : \"_self\"},\n\tattr : {\n\t\tid : \"WT1\",\n\t\tname : \"WT1\"},\n\tstart : function() {\n\t\tswfobject.embedSWF(\"https:\/\/www.agriatv.hu\/\/player.swf\", \"WT1_1\", \"320\", \"240\", \"9.0.0\", false, this.flashvars, this.params , this.attr );\n\t}\n}\nWT1_1.start();\n\t<\/script>\n<\/div>\n<div>Rossz  \u00fczenete volt a m\u00falt heti megyei k\u00f6zgy\u0171l\u00e9snek olyan szempontb\u00f3l is, hogy  sem a F\u0151jegyz\u0151, sem az Aljegyz\u0151 v\u00e1laszt\u00e1sakor nem volt egyet\u00e9rt\u00e9s a  fideszesek k\u00f6z\u00f6tt, mindk\u00e9t alkalommal el\u0151fordultak \u201eNEM\u201d \u2013 szavazatok.  Az MSZP Frakci\u00f3 \u00e1ll\u00e1spontja szerint a hivatalba l\u00e9pett \u00faj F\u0151jegyz\u0151 Dr.  Barta Viktor kiv\u00e1l\u00f3 szakmai m\u00faltja garancia lesz a tov\u00e1bbi megyei  munk\u00e1ra vonatkoz\u00f3an \u2013 \u0151t egy\u00f6ntet\u0171en t\u00e1mogatta az MSZP.<\/div>\n<div>Tapasztalataik  szerint a k\u00e9pvisel\u0151k nem kapj\u00e1k meg id\u0151ben a k\u00f6zgy\u0171l\u00e9si valamint  bizotts\u00e1gi anyagokat, amelyek sok esetben t\u00f6bb t\u00edz, esetenk\u00e9nt t\u00f6bb sz\u00e1z  oldalnyi \u00e1ttekint\u00e9sre, \u00e9rtelmez\u00e9sre \u00e9s d\u00f6nt\u00e9sre v\u00e1r\u00f3 sz\u00f6veget  tartalmaznak. Pedig ezekkel kapcsolatban k\u00e9t nappal kor\u00e1bban kellene  beny\u00fajtani a m\u00f3dos\u00edt\u00f3 ind\u00edtv\u00e1nyokat.<\/div>\n<div>Horv\u00e1th L\u00e1szl\u00f3 k\u00f6zlem\u00e9nye:<\/div>\n<div>&#8222;<strong>A szocialist\u00e1knak felesleges agg\u00f3dniuk<\/strong><\/p>\n<p><em>Reag\u00e1l\u00e1s dr. Nagy Imre, a Heves Megyei K\u00f6zgy\u0171l\u00e9s szocialista frakci\u00f3vezet\u0151j\u00e9nek sajt\u00f3t\u00e1j\u00e9koztat\u00f3j\u00e1ra:<\/em><\/p>\n<p><em> <\/em><\/p>\n<p>Az eddigi szocialista megyei vezet\u00e9s \u00e1ltal h\u00e1tra hagyott rendk\u00edv\u00fcl s\u00falyos helyzetet soron k\u00edv\u00fcl kell kezelni. A megy\u00e9t az MSZP a cs\u0151d sz\u00e9l\u00e9re sodorta, int\u00e9zm\u00e9nyeinek m\u0171k\u00f6d\u00e9se, j\u00f6v\u0151je vesz\u00e9lybe ker\u00fclt. Ilyen esetben bizony rendk\u00edv\u00fcli \u00fcl\u00e9sekre, azonnali int\u00e9zked\u00e9sekre van sz\u00fcks\u00e9g. R\u00f6viden, \u00fajj\u00e1 kell szervezni a megy\u00e9t. Ennek a k\u00e9rd\u00e9snek a meg\u00edt\u00e9l\u00e9s\u00e9ben a t\u00f6bbs\u00e9g teljesen egys\u00e9ges. A szocialist\u00e1knak felesleges agg\u00f3dniuk: elv\u00e9gezz\u00fck a feladatunkat.<\/p>\n<p>Ami a hagyom\u00e1nyos, pap\u00edrral t\u00f6rt\u00e9n\u0151 titkos voksol\u00e1st illeti, a megyei \u00f6nkorm\u00e1nyzati hivatal t\u00e1j\u00e9koztat\u00e1sa szerint a titkos szavaz\u00e1sok 2002 \u00f3ta mindig pap\u00edr \u00e9s urna haszn\u00e1lat\u00e1val zajlottak a k\u00f6zgy\u0171l\u00e9s \u00fcl\u00e9sein.<\/p>\n<p>V\u00e9g\u00fcl, az anyagok kik\u00fcld\u00e9s\u00e9nek id\u0151pontj\u00e1val \u00f6sszef\u00fcgg\u00e9sben a szervezeti \u00e9s m\u0171k\u00f6d\u00e9si szab\u00e1lyzat (SZMSZ) 11 \u00a7. 5. bekezd\u00e9s\u00e9re szeretn\u00e9k hivatkozni. Eszerint \u201eA soron k\u00edv\u00fcli \u00fcl\u00e9sre sz\u00f3l\u00f3 megh\u00edv\u00f3t \u2013 amennyiben az \u00fcl\u00e9s \u00f6sszeh\u00edv\u00e1s\u00e1ra rendk\u00edv\u00fcli, halaszt\u00e1st nem t\u0171r\u0151, s\u00fcrg\u0151s esetben ker\u00fcl sor &#8211; az \u00fcl\u00e9s napj\u00e1t megel\u0151z\u0151en lehet\u0151s\u00e9g szerint k\u00e9t nappal kell megk\u00fcldeni \u00e9s erre b\u00e1rmilyen \u00e9rtes\u00edt\u00e9si m\u00f3d (telefon, fax, e-mail) ig\u00e9nybe vehet\u0151.\u201d A legut\u00f3bbi k\u00f6zgy\u0171l\u00e9sre december 1-\u00e9n adtuk post\u00e1ra az anyagot \u00e9s 8-\u00e1n volt maga a soron k\u00edv\u00fcli \u00fcl\u00e9s. Sajn\u00e1ljuk, hogy a szocialist\u00e1k az SZMSZ-t sem ismerik.<\/p>\n<p>Eger, 2010. december 14.<\/p>\n<p>Horv\u00e1th L\u00e1szl\u00f3&#8221;<\/p>\n<\/div>\n","protected":false},"excerpt":{"rendered":"<p>\u201eTechnikai\u201d zavar a Heves Megyei K\u00f6zgy\u0171l\u00e9sben c\u00edmmel tartott   sajt\u00f3t\u00e1j\u00e9koztat\u00f3t dr. Nagy Imre, a Heves Megyei K\u00f6zgy\u0171l\u00e9s MSZP   Frakci\u00f3j\u00e1nak eln\u00f6ke. A politikus m\u00falt h\u00e9t szerdai soron k\u00edv\u00fcli megyei   k\u00f6zgy\u0171l\u00e9s \u00fcl\u00e9s\u00e9n kialakult \u00e1llapotr\u00f3l \u00e9s a k\u00f6zgy\u0171l\u00e9s kisz\u00e1m\u00edthatatlan   m\u0171k\u00f6d\u00e9s\u00e9r\u0151l besz\u00e9lt.<br \/>\n\u201eA K\u00f6zgy\u0171l\u00e9s kisz\u00e1m\u00edthatatlans\u00e1ga, ami igaz\u00e1n  aggaszt\u00f3 a megalakul\u00e1s \u00f3ta, [&#8230;]<\/p>\n","protected":false},"author":4,"featured_media":0,"comment_status":"open","ping_status":"closed","sticky":false,"template":"","format":"standard","meta":{"footnotes":""},"categories":[3],"tags":[],"class_list":["post-2992","post","type-post","status-publish","format-standard","hentry","category-politika"],"_links":{"self":[{"href":"https:\/\/www.agriatv.hu\/index.php?rest_route=\/wp\/v2\/posts\/2992","targetHints":{"allow":["GET"]}}],"collection":[{"href":"https:\/\/www.agriatv.hu\/index.php?rest_route=\/wp\/v2\/posts"}],"about":[{"href":"https:\/\/www.agriatv.hu\/index.php?rest_route=\/wp\/v2\/types\/post"}],"author":[{"embeddable":true,"href":"https:\/\/www.agriatv.hu\/index.php?rest_route=\/wp\/v2\/users\/4"}],"replies":[{"embeddable":true,"href":"https:\/\/www.agriatv.hu\/index.php?rest_route=%2Fwp%2Fv2%2Fcomments&post=2992"}],"version-history":[{"count":5,"href":"https:\/\/www.agriatv.hu\/index.php?rest_route=\/wp\/v2\/posts\/2992\/revisions"}],"predecessor-version":[{"id":2997,"href":"https:\/\/www.agriatv.hu\/index.php?rest_route=\/wp\/v2\/posts\/2992\/revisions\/2997"}],"wp:attachment":[{"href":"https:\/\/www.agriatv.hu\/index.php?rest_route=%2Fwp%2Fv2%2Fmedia&parent=2992"}],"wp:term":[{"taxonomy":"category","embeddable":true,"href":"https:\/\/www.agriatv.hu\/index.php?rest_route=%2Fwp%2Fv2%2Fcategories&post=2992"},{"taxonomy":"post_tag","embeddable":true,"href":"https:\/\/www.agriatv.hu\/index.php?rest_route=%2Fwp%2Fv2%2Ftags&post=2992"}],"curies":[{"name":"wp","href":"https:\/\/api.w.org\/{rel}","templated":true}]}}