{"id":2998,"date":"2010-12-15T18:16:16","date_gmt":"2010-12-15T18:16:16","guid":{"rendered":"http:\/\/www.agriatv.hu\/?p=2998"},"modified":"2010-12-15T18:21:45","modified_gmt":"2010-12-15T18:21:45","slug":"mikulas-a-varoshazan","status":"publish","type":"post","link":"https:\/\/www.agriatv.hu\/?p=2998","title":{"rendered":"Mikul\u00e1s a V\u00e1rosh\u00e1z\u00e1n"},"content":{"rendered":"<p><a href=\"https:\/\/www.agriatv.hu\/wp-content\/uploads\/2010\/12\/1215mikulas.jpg\"><img loading=\"lazy\" decoding=\"async\" class=\"alignleft size-medium wp-image-2999\" title=\"1215mikulas\" src=\"https:\/\/www.agriatv.hu\/wp-content\/uploads\/2010\/12\/1215mikulas-300x240.jpg\" alt=\"\" width=\"132\" height=\"105\" srcset=\"https:\/\/www.agriatv.hu\/wp-content\/uploads\/2010\/12\/1215mikulas-300x240.jpg 300w, https:\/\/www.agriatv.hu\/wp-content\/uploads\/2010\/12\/1215mikulas.jpg 720w\" sizes=\"auto, (max-width: 132px) 100vw, 132px\" \/><\/a>\u00d3vod\u00e1soknak, als\u00f3 tagozatos iskol\u00e1soknak, h\u00e1tr\u00e1nyos helyzet\u0171 gyerekeknek \u00e9s a dolgoz\u00f3k csemet\u00e9inek rendeznek \u00e9vr\u0151l-\u00e9vre kar\u00e1csonyi m\u0171sort a V\u00e1rosh\u00e1z\u00e1n. A hagyom\u00e1nyos programon id\u00e9n is sok gyerek vehetett r\u00e9szt, ahol a Babszem Jank\u00f3\u00a0 t\u00e1rsulat sz\u00f3rakoztatta az apr\u00f3s\u00e1gokat a Mikul\u00e1s meg\u00e9rkez\u00e9s\u00e9ig.<\/p>\n<div class=\"wordtube\">\n<div class=\"wordtube single176\" id=\"WT1_1\" style=\"width:320px; height:240px;\">\n<a href=\"http:\/\/www.macromedia.com\/go\/getflashplayer\">Get the Flash Player<\/a> to see the wordTube Media Player.\n<\/div><\/div>\n\t<script type=\"text\/javascript\" defer=\"defer\">\nvar WT1_1 = {\n\tparams : {\n\t\twmode : \"opaque\",\n\t\tallowscriptaccess : \"always\",\n\t\tallownetworking : \"all\",\n\t\tallowfullscreen : \"true\"},\n\tflashvars : {\n\t\tfile : \"http%3A%2F%2Fwww.agriatv.hu%2Fwp-content%2Fuploads%2F2010%2F12%2F1215mikulas.flv\",\n\t\tvolume : \"80\",\n\t\tbufferlength : \"5\",\n\t\tquality : \"false\",\n\t\t'logo.hide' : \"false\",\n\t\timage : \"http%3A%2F%2Fwww.agriatv.hu%2Fwp-content%2Fuploads%2F2010%2F12%2Fszin3.jpg\",\n\t\ttitle : \"1215mikulas.flv\",\n\t\tlinktarget : \"_self\"},\n\tattr : {\n\t\tid : \"WT1\",\n\t\tname : \"WT1\"},\n\tstart : function() {\n\t\tswfobject.embedSWF(\"https:\/\/www.agriatv.hu\/\/player.swf\", \"WT1_1\", \"320\", \"240\", \"9.0.0\", false, this.flashvars, this.params , this.attr );\n\t}\n}\nWT1_1.start();\n\t<\/script>\n\n","protected":false},"excerpt":{"rendered":"<p>\u00d3vod\u00e1soknak, als\u00f3 tagozatos iskol\u00e1soknak, h\u00e1tr\u00e1nyos helyzet\u0171 gyerekeknek \u00e9s a dolgoz\u00f3k csemet\u00e9inek rendeznek \u00e9vr\u0151l-\u00e9vre kar\u00e1csonyi m\u0171sort a V\u00e1rosh\u00e1z\u00e1n. A hagyom\u00e1nyos programon id\u00e9n is sok gyerek vehetett r\u00e9szt, ahol a Babszem Jank\u00f3\u00a0 t\u00e1rsulat sz\u00f3rakoztatta az apr\u00f3s\u00e1gokat a Mikul\u00e1s meg\u00e9rkez\u00e9s\u00e9ig.<\/p>\n","protected":false},"author":4,"featured_media":0,"comment_status":"open","ping_status":"closed","sticky":false,"template":"","format":"standard","meta":{"footnotes":""},"categories":[4],"tags":[],"class_list":["post-2998","post","type-post","status-publish","format-standard","hentry","category-szabadido"],"_links":{"self":[{"href":"https:\/\/www.agriatv.hu\/index.php?rest_route=\/wp\/v2\/posts\/2998","targetHints":{"allow":["GET"]}}],"collection":[{"href":"https:\/\/www.agriatv.hu\/index.php?rest_route=\/wp\/v2\/posts"}],"about":[{"href":"https:\/\/www.agriatv.hu\/index.php?rest_route=\/wp\/v2\/types\/post"}],"author":[{"embeddable":true,"href":"https:\/\/www.agriatv.hu\/index.php?rest_route=\/wp\/v2\/users\/4"}],"replies":[{"embeddable":true,"href":"https:\/\/www.agriatv.hu\/index.php?rest_route=%2Fwp%2Fv2%2Fcomments&post=2998"}],"version-history":[{"count":3,"href":"https:\/\/www.agriatv.hu\/index.php?rest_route=\/wp\/v2\/posts\/2998\/revisions"}],"predecessor-version":[{"id":3002,"href":"https:\/\/www.agriatv.hu\/index.php?rest_route=\/wp\/v2\/posts\/2998\/revisions\/3002"}],"wp:attachment":[{"href":"https:\/\/www.agriatv.hu\/index.php?rest_route=%2Fwp%2Fv2%2Fmedia&parent=2998"}],"wp:term":[{"taxonomy":"category","embeddable":true,"href":"https:\/\/www.agriatv.hu\/index.php?rest_route=%2Fwp%2Fv2%2Fcategories&post=2998"},{"taxonomy":"post_tag","embeddable":true,"href":"https:\/\/www.agriatv.hu\/index.php?rest_route=%2Fwp%2Fv2%2Ftags&post=2998"}],"curies":[{"name":"wp","href":"https:\/\/api.w.org\/{rel}","templated":true}]}}