{"id":300,"date":"2010-07-04T12:59:46","date_gmt":"2010-07-04T12:59:46","guid":{"rendered":"http:\/\/www.agriatv.hu\/?p=300"},"modified":"2010-07-05T14:17:59","modified_gmt":"2010-07-05T14:17:59","slug":"fokapitanyi-fogadonap","status":"publish","type":"post","link":"https:\/\/www.agriatv.hu\/?p=300","title":{"rendered":"F\u0151kapit\u00e1nyi fogad\u00f3nap"},"content":{"rendered":"<div class=\"Date\">\n<p style=\"text-align: left;\"><img decoding=\"async\" align=\"left\" src=\"http:\/\/api.ning.com:80\/files\/yFMLQx1IbQhyONhhUv0pssltlk4o7VBhzrGfVP5a25w_\" style=\"width: 96px; height: 112px;\" \/><\/p>\n<\/div>\n<div class=\"Body\">\n<div class=\"LeadRow\">&nbsp;<\/div>\n<div>\n<div class=\"page_content\">\n<div class=\"Text\">\n<p align=\"justify\">A Heves Megyei Rend\u0151r-f\u0151kapit&aacute;nys&aacute;g 2010.j&uacute;lius 5-&eacute;n 13.00 &oacute;r&aacute;t&oacute;l a lakoss&aacute;g r&eacute;sz&eacute;re f\u0151kapit&aacute;nyi fogad&oacute;napot tart.<\/p>\n<p align=\"justify\">Ugyanebben az id\u0151pontban az &aacute;llampolg&aacute;rok javaslataikkal, bejelent&eacute;seikkel, panaszaikkal az Egri, Gy&ouml;ngy&ouml;si, Hatvani, Hevesi &eacute;s a F&uuml;zesabonyi Rend\u0151rkapit&aacute;nys&aacute;g vezet\u0151ihez is fordulhatnak.<\/p>\n<\/p><\/div>\n<\/p><\/div>\n<\/p><\/div>\n<\/div>\n","protected":false},"excerpt":{"rendered":"<p>&nbsp;<\/p>\n<p>A Heves Megyei Rend\u0151r-f\u0151kapit&aacute;nys&aacute;g 2010.j&uacute;lius 5-&eacute;n 13.00 &oacute;r&aacute;t&oacute;l a lakoss&aacute;g r&eacute;sz&eacute;re f\u0151kapit&aacute;nyi fogad&oacute;napot tart.<br \/>\nUgyanebben az id\u0151pontban az &aacute;llampolg&aacute;rok javaslataikkal, bejelent&eacute;seikkel, panaszaikkal az Egri, Gy&ouml;ngy&ouml;si, Hatvani, Hevesi &eacute;s a F&uuml;zesabonyi Rend\u0151rkapit&aacute;nys&aacute;g vezet\u0151ihez is fordulhatnak.<\/p>\n","protected":false},"author":4,"featured_media":0,"comment_status":"closed","ping_status":"open","sticky":false,"template":"","format":"standard","meta":{"footnotes":""},"categories":[5],"tags":[],"class_list":["post-300","post","type-post","status-publish","format-standard","hentry","category-kek-hirek"],"_links":{"self":[{"href":"https:\/\/www.agriatv.hu\/index.php?rest_route=\/wp\/v2\/posts\/300","targetHints":{"allow":["GET"]}}],"collection":[{"href":"https:\/\/www.agriatv.hu\/index.php?rest_route=\/wp\/v2\/posts"}],"about":[{"href":"https:\/\/www.agriatv.hu\/index.php?rest_route=\/wp\/v2\/types\/post"}],"author":[{"embeddable":true,"href":"https:\/\/www.agriatv.hu\/index.php?rest_route=\/wp\/v2\/users\/4"}],"replies":[{"embeddable":true,"href":"https:\/\/www.agriatv.hu\/index.php?rest_route=%2Fwp%2Fv2%2Fcomments&post=300"}],"version-history":[{"count":4,"href":"https:\/\/www.agriatv.hu\/index.php?rest_route=\/wp\/v2\/posts\/300\/revisions"}],"predecessor-version":[{"id":311,"href":"https:\/\/www.agriatv.hu\/index.php?rest_route=\/wp\/v2\/posts\/300\/revisions\/311"}],"wp:attachment":[{"href":"https:\/\/www.agriatv.hu\/index.php?rest_route=%2Fwp%2Fv2%2Fmedia&parent=300"}],"wp:term":[{"taxonomy":"category","embeddable":true,"href":"https:\/\/www.agriatv.hu\/index.php?rest_route=%2Fwp%2Fv2%2Fcategories&post=300"},{"taxonomy":"post_tag","embeddable":true,"href":"https:\/\/www.agriatv.hu\/index.php?rest_route=%2Fwp%2Fv2%2Ftags&post=300"}],"curies":[{"name":"wp","href":"https:\/\/api.w.org\/{rel}","templated":true}]}}