{"id":3007,"date":"2010-12-16T13:48:59","date_gmt":"2010-12-16T13:48:59","guid":{"rendered":"http:\/\/www.agriatv.hu\/?p=3007"},"modified":"2010-12-16T13:48:59","modified_gmt":"2010-12-16T13:48:59","slug":"ujoncok-a-rendorsegen-a-varosi-kepviselok-latogatasa","status":"publish","type":"post","link":"https:\/\/www.agriatv.hu\/?p=3007","title":{"rendered":"&#8222;\u00dajoncok&#8221; a rend\u0151rs\u00e9gen &#8211; a v\u00e1rosi k\u00e9pvisel\u0151k l\u00e1togat\u00e1sa"},"content":{"rendered":"<div><a href=\"https:\/\/www.agriatv.hu\/wp-content\/uploads\/2010\/12\/1216kozgyul_v.jpg\"><img loading=\"lazy\" decoding=\"async\" class=\"alignleft size-medium wp-image-3011\" title=\"1216kozgyul_v\" src=\"https:\/\/www.agriatv.hu\/wp-content\/uploads\/2010\/12\/1216kozgyul_v-300x240.jpg\" alt=\"\" width=\"128\" height=\"103\" srcset=\"https:\/\/www.agriatv.hu\/wp-content\/uploads\/2010\/12\/1216kozgyul_v-300x240.jpg 300w, https:\/\/www.agriatv.hu\/wp-content\/uploads\/2010\/12\/1216kozgyul_v.jpg 720w\" sizes=\"auto, (max-width: 128px) 100vw, 128px\" \/><\/a>A  v\u00e1rosi k\u00f6zgy\u0171l\u00e9s k\u00e9pvisel\u0151i l\u00e1togat\u00e1st tettek az  Egri  Rend\u0151rkapit\u00e1nys\u00e1gon, ahol betekint\u00e9st kaptak mind a megyei, mind a  v\u00e1rosi kapit\u00e1nys\u00e1gok mindennapjaiba. Dr. Petrovics Andr\u00e1s rend\u0151r ezredes   \u00e9s\u00a0 Dr. Ormossy Attila f\u0151kapit\u00e1ny r\u00e9szletes besz\u00e1mol\u00f3t tartott  a  m\u0171k\u00f6d\u00e9s\u00fckr\u0151l, a szervezet fel\u00e9p\u00edt\u00e9s\u00e9r\u0151l, hi\u00e1nyoss\u00e1gaikr\u00f3l, a munkamenet   szervez\u00e9s\u00e9r\u0151l \u00e9s nem utols\u00f3 sorban a rend\u0151rs\u00e9g hat\u00e9konys\u00e1g\u00e1r\u00f3l.<\/div>\n<div>A  megh\u00edv\u00f3k  \u00e9s a megh\u00edvottak is fontosnak tartj\u00e1k a szoros  egy\u00fcttm\u0171k\u00f6d\u00e9st, mivel a v\u00e1ros  biztons\u00e1gos m\u0171k\u00f6dtet\u00e9s\u00e9hez  elengedhetetlen a j\u00f3 szakember g\u00e1rda mindenf\u00e9le  hivatali rendszerben.<\/div>\n<div>Dr.  Petrovics Andr\u00e1s r\u00e1mutatott: nagyon  fiatal a rend\u0151ri \u00e1llom\u00e1ny, az  \u00e1tlag\u00e9letkor 33 \u00e9v, ez annak a k\u00f6vetkezm\u00e9nye,  hogy 3 \u00e9vvel ezel\u0151tt  sokan ig\u00e9nybe vett\u00e9k a kedvezm\u00e9nyes nyugd\u00edjaz\u00e1s  lehet\u0151s\u00e9g\u00e9t. Ez a t\u00e9ny  sajn\u00e1latos m\u00f3don h\u00e1tr\u00e1ltatta munk\u00e1jukat\u00a0 de,  szeretn\u00e9 el\u00e9rni, hogy  ism\u00e9t tapasztalt emberekkel dolgozzhasson. Ezek az  rend\u0151r\u00f6k  tisztess\u00e9gesen teszik a dolgukat, kieg\u00e9sz\u00edtve azokkal az emberekkel   akik szakmai hivat\u00e1sukat tartott\u00e1k fontosabbnak nem pedig a  nyugd\u00edjaztat\u00e1st.  Ebben az \u00e9vben 984 b\u00fcntet\u0151 elj\u00e1r\u00e1st folytattak le  eddig , jelent\u0151sen megn\u0151tt a  felder\u00edtett \u00fcgyek sz\u00e1ma is, annak  ellen\u00e9re, hogy a megy\u00e9k k\u00f6z\u00fcl Heves megye  rendelkezik a legkisebb  rend\u0151ri \u00e1llom\u00e1nnyal, ez\u00e9rt elengedhetetlen a  l\u00e9tsz\u00e1mfejleszt\u00e9s. A  eszk\u00f6zfejleszt\u00e9sek sor\u00e1n beszerzett traffipax seg\u00edts\u00e9g\u00e9vel  eddig k\u00f6zel  10000 m\u00e9r\u00e9st v\u00e9geztek, ennek k\u00f6sz\u00f6nhet\u0151en a balesetek sz\u00e1ma 25  %-kal  cs\u00f6kkent. Eger a regisztr\u00e1l b\u0171ncselekm\u00e9nyek sz\u00e1m\u00e1t tekintve\u00a0 a 14.   helyet foglalja el , a nyomoz\u00e1seredm\u00e9nyess\u00e9gi mutat\u00f3 38- 40 %-os, amit  minden  eszk\u00f6zzel szeretn\u00e9nek n\u00f6velni.<\/div>\n<div>A  besz\u00e1mol\u00f3ban kit\u00e9rt arra is, hogy a  g\u00e9pkocsi\u00e1llom\u00e1nyban szeretn\u00e9nek  v\u00e1ltoz\u00e1sokat, mivel a 30 j\u00e1rm\u0171v\u00fck k\u00f6z\u00f6tt most  nem tal\u00e1lhat\u00f3 terepj\u00e1r\u00f3,  ami nagyban el\u0151seg\u00edten\u00e9 munk\u00e1jukat.\u00a0Elmondta, hogy  a ny\u00e1r folyam\u00e1n  ezzel a k\u00e9r\u00e9ssel m\u00e1r megkereste\u00a0Habis L\u00e1szl\u00f3 polg\u00e1rmestert  \u00e9s  ism\u00e9telten k\u00e9ri a probl\u00e9ma megold\u00e1s\u00e1ban\u00a0 a k\u00f6zgy\u0171l\u00e9s seg\u00edts\u00e9g\u00e9t. A   sz\u00e1m\u00edt\u00f3g\u00e9pes \u00e1llom\u00e1nyuk is elavult, utolj\u00e1ra 2008. \u00e9vben siker\u00fclt  a  g\u00e9pparkot 20 haszn\u00e1lt g\u00e9ppel meger\u0151s\u00edteni.<\/div>\n<div style=\"text-align: center;\"><div class=\"wordtube\">\n<div class=\"wordtube single178\" id=\"WT1_1\" style=\"width:320px; height:240px;\">\n<a href=\"http:\/\/www.macromedia.com\/go\/getflashplayer\">Get the Flash Player<\/a> to see the wordTube Media Player.\n<\/div><\/div>\n\t<script type=\"text\/javascript\" defer=\"defer\">\nvar WT1_1 = {\n\tparams : {\n\t\twmode : \"opaque\",\n\t\tallowscriptaccess : \"always\",\n\t\tallownetworking : \"all\",\n\t\tallowfullscreen : \"true\"},\n\tflashvars : {\n\t\tfile : \"http%3A%2F%2Fwww.agriatv.hu%2Fwp-content%2Fuploads%2F2010%2F12%2F1216kozgyul.flv\",\n\t\tvolume : \"80\",\n\t\tbufferlength : \"5\",\n\t\tquality : \"false\",\n\t\t'logo.hide' : \"false\",\n\t\timage : \"http%3A%2F%2Fwww.agriatv.hu%2Fwp-content%2Fuploads%2F2010%2F12%2F1216kozgyul.jpg\",\n\t\ttitle : \"1216kozgyul.flv\",\n\t\tlinktarget : \"_self\"},\n\tattr : {\n\t\tid : \"WT1\",\n\t\tname : \"WT1\"},\n\tstart : function() {\n\t\tswfobject.embedSWF(\"https:\/\/www.agriatv.hu\/\/player.swf\", \"WT1_1\", \"320\", \"240\", \"9.0.0\", false, this.flashvars, this.params , this.attr );\n\t}\n}\nWT1_1.start();\n\t<\/script>\n<\/div>\n<p>A  besz\u00e1mol\u00f3k ut\u00e1n a k\u00e9pvisel\u0151k is feltehett\u00e9k  k\u00e9rd\u00e9seiket, akik \u00e9ltek is  ezen lehet\u0151s\u00e9g\u00fckkel. A k\u00e9rdez\u0151k kit\u00e9rtek a  k\u00f6zbiztons\u00e1g fokoz\u00e1s\u00e1nak  lehet\u0151s\u00e9g\u00e9re. Mivel ilyen ember\u00e1llom\u00e1nnyal mindenhol k\u00e9ptelens\u00e9g jelen   lenni, a megold\u00e1st\u00a0 a k\u00f6zgy\u0171l\u00e9s el\u00e9 terjesztett beadv\u00e1nyban fogalmazta  meg,  amiben a szabadnapos rend\u0151r\u00f6k k\u00fcl\u00f6n juttat\u00e1s\u00e9rt val\u00f3  foglalkoztat\u00e1s\u00e1t k\u00e9ri, ez a  v\u00e1rosnak 7 milli\u00f3 forintos pluszk\u00f6lts\u00e9get  jelentene. 17 k\u00f6zmunk\u00e1s  bevon\u00e1s\u00e1val\u00a0 rengeteg olyan munkafolyamatot  tudtak kiv\u00e1ltani, ami a  hivat\u00e1sos rend\u0151r\u00f6k munk\u00e1j\u00e1t k\u00f6nny\u00edti meg, de ez  a l\u00e9tsz\u00e1m janu\u00e1rt\u00f3l 8 f\u0151re  fog cs\u00f6kkenni. Csath\u00f3 Csaba k\u00e9pvisel\u0151  k\u00e9rd\u00e9s\u00e9ben\u00a0 kit\u00e9rt a  t\u00e9rfigyel\u0151rendszerek hat\u00e9konys\u00e1g\u00e1ra, a megold\u00e1st  az ezredes\u00a0 egy teljesen  \u00faj rendszer ki\u00e9p\u00edt\u00e9s\u00e9ben l\u00e1tja, aminek  beker\u00fcl\u00e9si k\u00f6lts\u00e9ge a 100 milli\u00f3 forintot  is el\u00e9rheti.<\/p>\n","protected":false},"excerpt":{"rendered":"<p>A  v\u00e1rosi k\u00f6zgy\u0171l\u00e9s k\u00e9pvisel\u0151i l\u00e1togat\u00e1st tettek az  Egri  Rend\u0151rkapit\u00e1nys\u00e1gon, ahol betekint\u00e9st kaptak mind a megyei, mind a  v\u00e1rosi kapit\u00e1nys\u00e1gok mindennapjaiba. Dr. Petrovics Andr\u00e1s rend\u0151r ezredes   \u00e9s\u00a0 Dr. Ormossy Attila f\u0151kapit\u00e1ny r\u00e9szletes besz\u00e1mol\u00f3t tartott  a  m\u0171k\u00f6d\u00e9s\u00fckr\u0151l, a szervezet fel\u00e9p\u00edt\u00e9s\u00e9r\u0151l, hi\u00e1nyoss\u00e1gaikr\u00f3l, a munkamenet   szervez\u00e9s\u00e9r\u0151l \u00e9s nem utols\u00f3 [&#8230;]<\/p>\n","protected":false},"author":4,"featured_media":0,"comment_status":"open","ping_status":"closed","sticky":false,"template":"","format":"standard","meta":{"footnotes":""},"categories":[5,3],"tags":[],"class_list":["post-3007","post","type-post","status-publish","format-standard","hentry","category-kek-hirek","category-politika"],"_links":{"self":[{"href":"https:\/\/www.agriatv.hu\/index.php?rest_route=\/wp\/v2\/posts\/3007","targetHints":{"allow":["GET"]}}],"collection":[{"href":"https:\/\/www.agriatv.hu\/index.php?rest_route=\/wp\/v2\/posts"}],"about":[{"href":"https:\/\/www.agriatv.hu\/index.php?rest_route=\/wp\/v2\/types\/post"}],"author":[{"embeddable":true,"href":"https:\/\/www.agriatv.hu\/index.php?rest_route=\/wp\/v2\/users\/4"}],"replies":[{"embeddable":true,"href":"https:\/\/www.agriatv.hu\/index.php?rest_route=%2Fwp%2Fv2%2Fcomments&post=3007"}],"version-history":[{"count":6,"href":"https:\/\/www.agriatv.hu\/index.php?rest_route=\/wp\/v2\/posts\/3007\/revisions"}],"predecessor-version":[{"id":3014,"href":"https:\/\/www.agriatv.hu\/index.php?rest_route=\/wp\/v2\/posts\/3007\/revisions\/3014"}],"wp:attachment":[{"href":"https:\/\/www.agriatv.hu\/index.php?rest_route=%2Fwp%2Fv2%2Fmedia&parent=3007"}],"wp:term":[{"taxonomy":"category","embeddable":true,"href":"https:\/\/www.agriatv.hu\/index.php?rest_route=%2Fwp%2Fv2%2Fcategories&post=3007"},{"taxonomy":"post_tag","embeddable":true,"href":"https:\/\/www.agriatv.hu\/index.php?rest_route=%2Fwp%2Fv2%2Ftags&post=3007"}],"curies":[{"name":"wp","href":"https:\/\/api.w.org\/{rel}","templated":true}]}}