{"id":3015,"date":"2010-12-16T13:53:27","date_gmt":"2010-12-16T13:53:27","guid":{"rendered":"http:\/\/www.agriatv.hu\/?p=3015"},"modified":"2010-12-16T13:53:49","modified_gmt":"2010-12-16T13:53:49","slug":"varosi-kozgyules-percrol-percre-2","status":"publish","type":"post","link":"https:\/\/www.agriatv.hu\/?p=3015","title":{"rendered":"V\u00e1rosi K\u00f6zgy\u0171l\u00e9s percr\u0151l percre"},"content":{"rendered":"<p><img loading=\"lazy\" decoding=\"async\" class=\"alignleft\" src=\"http:\/\/www.egriszin.hu\/RenderedContents\/IndexImages\/6\/6978-20101216100347-kozgye.jpg\" alt=\"\" width=\"150\" height=\"100\" \/><strong>A ma 10 \u00f3rakor kezd\u0151d\u0151 V\u00e1rosi K\u00f6zgy\u0171l\u00e9st is nyomon k\u00f6vethetik  port\u00e1lunkon percr\u0151l percre. Sz\u00f3 lesz t\u00f6bbek k\u00f6z\u00f6tt a t\u00e1vf\u0171t\u00e9s d\u00edj\u00e1nak  emelked\u00e9s\u00e9r\u0151l is.<\/strong><\/p>\n<p>10:21 M\u00e9g nem \u00e9rkezett meg a polg\u00e1rmester.<\/p>\n<p>10:35 A polg\u00e1rmester a rend\u0151rs\u00e9gen val\u00f3 ma d\u00e9lel\u0151tti helysz\u00edni bej\u00e1r\u00e1st v\u00e1zolja, ami a cs\u00fasz\u00e1s oka is.<\/p>\n<p>10:37 Mind a 18 k\u00e9pvisel\u0151 jelen van. A K\u00f6zgy\u0171l\u00e9s hat\u00e1rozatk\u00e9pes.<\/p>\n<p>10:38\u00a0Martonn\u00e9  Adler Ildik\u00f3 (FIDESZ-KDNP) napirend el\u0151tt megk\u00e9rdezte R\u00e1zsi Botond  polg\u00e1rmester, hogy a j\u00e9gp\u00e1lya \u00fcgy\u00e9ben siker\u00fclt-e int\u00e9zkedni, ahogy  legut\u00f3bb \u00edg\u00e9rte.<\/p>\n<p>10:39 R\u00e1zsi Botond alpolg\u00e1rmester \u00edg\u00e9retet tett, hogy int\u00e9zkedni fog.<\/p>\n<p>10:42  Els\u0151 napirendi pont: az \u00d6nkorm\u00e1nyzat 2011. \u00e9vi \u00e1tmeneti gazd\u00e1lkod\u00e1sa.  Habis L\u00e1szl\u00f3 szerint szigor\u00fa k\u00f6lts\u00e9gvet\u00e9sr\u0151l van sz\u00f3, takar\u00e9kl\u00e1ngra  fogj\u00e1k a k\u00f6lts\u00e9geket. 18 igennel elfogadt\u00e1k a rendelet-tervezetet.<\/p>\n<p>10:43  Dr. Estef\u00e1n G\u00e9za c\u00edmzetes f\u0151jegyz\u0151 kiemeli, hogy a mag\u00e1nszem\u00e9lyeket  \u00e9rint\u0151en nincs v\u00e1ltoz\u00e1s. Felh\u00edvja a figyelmet az Ipar\u0171z\u00e9si Ad\u00f3 c\u00edmk\u00e9z\u00e9si  lehet\u0151s\u00e9geire, az \u00e9rintettek megkapj\u00e1k a v\u00e1ltoz\u00e1sokat.<\/p>\n<p>10.45 18 igennel egyhang\u00falag elfogadt\u00e1k a helyi ad\u00f3kr\u00f3l sz\u00f3l\u00f3 \u00f6nkorm\u00e1nyzati rendeletet, amely a mag\u00e1nszem\u00e9lyeket nem \u00e9rinti.<\/p>\n<p>10.47 S\u00f3s Istv\u00e1n alpolg\u00e1rmester tiszt\u00e1zni szeretn\u00e9, mi\u00e9rt van sz\u00fcks\u00e9g a t\u00e1vh\u0151szolg\u00e1ltat\u00e1s ilyen m\u00e9rt\u00e9k\u0171 emel\u00e9s\u00e9re.<\/p>\n<p>10.49  G\u00e1l Judit (FIDESZ-KDNP) szerint neh\u00e9z helyzetben van, kett\u0151ss\u00e9ggel kell  szemben\u00e9zni, mert mind a lakoss\u00e1g, mind a v\u00e1ros \u00e9rdekeit kell n\u00e9zni.  K\u00e9ri a v\u00e1laszt\u00f3ker\u00fcletben \u00e9l\u0151ket, hogy fogadj\u00e1k el, hogy pr\u00f3b\u00e1lt\u00e1k  lejjebb vinni az alapd\u00edjat, de sajnos meg kellett tenni ezt az  \u00e1remel\u00e9st, nem tudnak m\u00e1st tenni. Sok fel\u00faj\u00edt\u00e1s v\u00e1rhat\u00f3, s sz\u00fcks\u00e9g van  az emel\u00e9sre ahhoz, hogy egy\u00e1ltal\u00e1n lehessen t\u00e1vf\u0171t\u00e9s.<\/p>\n<p>10.51 Habis  L\u00e1szl\u00f3 kiemelte, hogy tavaly nem volt alapd\u00edj-emel\u00e9s. T\u00f6bb t\u00edzmilli\u00f3s  lyukakat kell most bet\u00f6mni. Az \u00f6nkorm\u00e1nyzati ingatlan haszna r\u00e9szben a  t\u00e1vh\u0151d\u00edjak fedez\u00e9s\u00e9t szolg\u00e1lj\u00e1k. \u00c9rz\u00e9kelik, hogy milyen a lakoss\u00e1g  fizet\u0151k\u00e9pess\u00e9ge, milyen a szoci\u00e1lis helyzet. Jelent\u0151s probl\u00e9m\u00e1t okoz az  is, hogy m\u00e9g most sem a t\u00e1rsas\u00e1g val\u00f3di k\u00f6lts\u00e9gszintj\u00e9ig emelik az  \u00e1rakat. Meg kell oldani 4500 lak\u00e1s biztons\u00e1gos f\u0171t\u00e9s\u00e9t, ehhez pedig  fejleszt\u00e9sekre is sz\u00fcks\u00e9g van.<\/p>\n<p>Mindemellett t\u00f6bb mint 50 milli\u00f3 forintt\u00f3l esett el a c\u00e9g, hogy a g\u00e1zmotoros kapcsol\u00e1si rendszer megsz\u0171nik.<\/p>\n<p>10.55  Dr. Csarn\u00f3 \u00c1kos (LMP) k\u00e9rdezi, hogy ez v\u00e9gleges nemet jelent-e, vagy  elk\u00e9pzelhet\u0151, hogy a j\u00f6v\u0151ben m\u00e9g felhaszn\u00e1lhat\u00f3 a K\u00c1T (kapcsolt  \u00e1ramtermel\u00e9s).<\/p>\n<p>10.59 Habis L\u00e1szl\u00f3 szerint a K\u00c1T sok v\u00e1rosnak semmit nem hoz, Eger sem \u00e9rintett.<\/p>\n<p>11.00  Cs\u00e1sz\u00e1r Zolt\u00e1n, f\u00fcggetlen k\u00e9pvisel\u0151 jel\u00f6lt eml\u00e9kszik, amikor 2009-ben  azt mondt\u00e1k, hogy nem lesz infl\u00e1ci\u00f3n\u00e1l nagyobb m\u00e9rt\u00e9k\u0171 emel\u00e9s. Szerinte  10%-os g\u00e1z\u00e1remel\u00e9st (a t\u00e1vf\u0171t\u00e9sr\u0151l van sz\u00f3 jelenleg!) feh\u00e9r keszty\u0171ben,  sz\u00e9p pap\u00edrba becsomagolva lenyeletni az emberek tork\u00e1n elfogadhatatlan.<\/p>\n<p>11.03 G\u00e1l Judit (FIDESZ-KDNP) szerint a jelenlegi helyzet se a v\u00e1rosnak, se az EVAT Zrt-nek nem j\u00f3, de musz\u00e1j valamit l\u00e9pni.<\/p>\n<p>11.05  P\u00e1l Gy\u00f6rgy (MSZP) szerint \u00faj utakat kellene keresni, hogy fenntarthat\u00f3  legyen a t\u00e1vh\u0151 helyzete. Olyan koncepci\u00f3t kell kidolgozni, amely  hossz\u00fat\u00e1von ny\u00fajt megold\u00e1st. Pl. napenergia felhaszn\u00e1l\u00e1sa. Komoly  probl\u00e9m\u00e1kat okoz az is, hogy 1\/6-odra vitt\u00e9k le a panelprogram  t\u00e1mogat\u00e1s\u00e1t. Figyelmeztet arra is, hogy a m\u00e9r\u0151k felszerel\u00e9se sok helyen  csak dr\u00e1gul\u00e1st hozott, p\u00e9ld\u00e1ul a sarki lak\u00e1sokban.<\/p>\n<p>Hangs\u00falyozza,  hogy szerinte tudatos d\u00f6nt\u00e9s volt, hogy a v\u00e1laszt\u00e1si \u00e9vben nem emeltek  d\u00edjat. Az \u00e1tlagos lak\u00e1s \u00e1tlagfogyaszt\u00e1sa kb. 6000 forint az EVAT Zrt.  szerint. Elmondta, hogy ilyen \u00f6sszegr\u0151l m\u00e9g nem hallott, 17 000 forintos  sz\u00e1ml\u00e1kat kapnak p\u00e9ld\u00e1ul a T\u00f6viskes utc\u00e1ban.<\/p>\n<p>11.14 Cs\u00e1sz\u00e1r Zolt\u00e1n  elmondja, hogy vannak \u00f6n\u00e1ll\u00f3 gondolatai, \u0151 nem p\u00e1rtkatona. G\u00e1l Juditnak  mondja, hogy nem az a szenz\u00e1ci\u00f3, hogy \u0151 itt \u00fcl, hanem hogy \u0151 maga,  Cs\u00e1sz\u00e1r Zolt\u00e1n itt \u00fcl.<\/p>\n<p>11.15 Csath\u00f3 Csaba (FIDESZ-KDNP) szerint a  biomassza er\u0151m\u0171 fel\u00e9p\u00edt\u00e9se mozg\u00e1steret n\u00f6vel. Ha a lakoss\u00e1got nem  hangolj\u00e1k ez ellen, a j\u00f6v\u0151ben sokkal kevesebbet kellene emelni, vagy  egy\u00e1ltal\u00e1n nem. Igazat ad P\u00e1l Gy\u00f6rgynek is, a napkollektorok is  hasznosak lenn\u00e9nek.<\/p>\n<p>11.18. Nagy Istv\u00e1n (MSZP) szerint a  K\u00f6zgy\u0171l\u00e9snek kellene arr\u00f3l d\u00f6nteni, hol val\u00f3sul meg a biomassza er\u0151m\u0171,  nem egy c\u00e9gnek. K\u00e9rdezi, hogy mi\u00e9rt nem az EVAT Zrt. v\u00e9gzi el a  fejleszt\u00e9st, mi\u00e9rt egy k\u00fcls\u0151 c\u00e9g? \u00cdgy ugyanaz a helyzet \u00e1ll el\u0151, mint a  g\u00e1zmotoros t\u00f6rt\u00e9netn\u00e9l, \u00e1t kell vennie a h\u0151t az EVAT-nak egy m\u00e1sik  c\u00e9gt\u0151l. Hangs\u00falyozza, hogy nem az ellenz\u00e9ki k\u00e9pvisel\u0151k kompetenci\u00e1ja  volt eddig sem a biomassza k\u00e9rd\u00e9s. Annyit mondtak csak, hogy m\u00e1sk\u00e9nt  csin\u00e1lt\u00e1k volna.<\/p>\n<p>11.21 Habis L\u00e1szl\u00f3 (FIDESZ-KDNP) szerint MSZP-s  vezet\u00e9s \u00e9s MSZP-s c\u00e9gvezet\u00e9s val\u00f3s\u00edtotta meg a g\u00e1zmotoros rendszert. A  panelprogramot is az MSZP-s korm\u00e1ny \u00e1ll\u00edtotta le, de \u0151k minden  lehet\u0151s\u00e9get megragadnak majd a helyre\u00e1ll\u00edt\u00e1sra.<\/p>\n<p>11.24 Nagy Istv\u00e1n  (MSZP) szerint egy rossz vezet\u00e9st nem kell lem\u00e1solni, err\u0151l sz\u00f3lt a  kor\u00e1bbi hozz\u00e1sz\u00f3l\u00e1sa. S a g\u00e1zmotoros kapcsol\u00e1ssal cs\u00f6kkent a d\u00edj.<\/p>\n<p>11.25  Ficzere Gy\u00f6rgy (FIDESZ-KDNP) elmondja, hogy az alapd\u00edjnak \u00e9vente meg  kell t\u00f6rt\u00e9nnie az emel\u00e9snek legal\u00e1bb az infl\u00e1ci\u00f3val megegyez\u0151en. Nem  tartja szerencs\u00e9snek, hogy tavaly nem emelkedett az \u00e1ra, ez\u00e9rt most  soknak t\u0171nik a 9,5%-os \u00e1remel\u00e9s.<\/p>\n<p>11.27 V\u00e1rkonyi Gy\u00f6rgy, az EVAT  Zrt. igazgat\u00f3ja elmondta, hogy az EVAT nem a Harry Potter gonosz  boszork\u00e1nya. Nem azon j\u00e1r az esz\u00fck, hogyan lehetne min\u00e9l nagyobb  k\u00f6lts\u00e9geket produk\u00e1lni, hanem hogyan lehetne jobb\u00e1 tenni a fogyaszt\u00f3k  sz\u00e1m\u00e1ra.<\/p>\n<p>Elmondja, hogy a polg\u00e1rmester \u00farral rendszeresek a  hajnali \u00e9s \u00e9jszakai besz\u00e9lget\u00e9seik arr\u00f3l, milyen el\u0151rel\u00e9p\u00e9seket lehet  tenni. \u00cdgy voltak a K\u00c1T-tal is, hiszen a t\u00f6rv\u00e9ny kimondta, hogy 2010.  december 31-el megsz\u0171nik. Az \u00e1tmeneti id\u0151ben kellett volna kital\u00e1lni  valamit (2007-ben sz\u00fcletett meg a t\u00f6rv\u00e9ny), ami nem t\u00f6rt\u00e9nt meg, \u00edgy  most neh\u00e9z helyzetben vannak. Koncepci\u00f3 n\u00e9lk\u00fcl pedig neh\u00e9z b\u00e1rmit is  megval\u00f3s\u00edtani. Az EVAT-nak m\u00e1r &#8217;92-ben voltak koncepci\u00f3i. El\u0151revet\u00edti,  hogy j\u00f6v\u0151re egy komplett \u00e1tvizsg\u00e1l\u00e1st fognak tartani a polg\u00e1rmesterrel.<\/p>\n<p>Szak\u00e9rt\u0151i  v\u00e9lem\u00e9nye szerint, ha ak\u00e1r 100 m\u00e9terrel is arr\u00e9bb \u00e9p\u00edtik az \u00faj  rendszert, az csak plusz k\u00f6lts\u00e9gekkel j\u00e1rna. Min\u00e9l messzebb volt.  Elmondja azt is, hogy a g\u00e1zmotoros kiser\u0151m\u0171nek nem volt \u00e9p\u00edt\u00e9si  enged\u00e9lye.<\/p>\n<p>Az EVAT-nak nincs p\u00e9nze, az\u00e9rt nem \u0151k \u00e9p\u00edten\u00e9k az biomassza er\u0151m\u0171vet.<\/p>\n<p>V\u00e1rkonyi  Gy\u00f6rgy azt is elmondja, hogy ne sz\u00e9gyellj\u00e9k magukat azok, akik a  g\u00e1zmotoros kiser\u0151m\u0171 d\u00f6nt\u00e9s\u00e9t meghozz\u00e1k, t\u00edzmilli\u00f3s nagys\u00e1grend\u0171 \u00f6sszeget  takar\u00edtott meg vele a v\u00e1ros, ragyog\u00f3 d\u00f6nt\u00e9s volt.<\/p>\n<p>11:50 S\u00f3s Istv\u00e1n (FIDESZ-KDNP) szerint az EVAT-tal 8 \u00e9vig voltak t\u00fcrelmesek, 1 \u00e9vet k\u00e9rtek az EVAT-t\u00f3l, nem adt\u00e1k meg.<\/p>\n<p>11:52  N\u00e9v szerint szavaznak. Az MSZP-s \u00e9s a Jobbikos k\u00e9pvisel\u0151k \u00e9s Cs\u00e1sz\u00e1r  Zolt\u00e1n (f\u00fcggetlen) nemmel szavaztak, az LMP-s dr. Csarn\u00f3 \u00c1kos  tart\u00f3zkodik, a FIDESZ k\u00e9pvisel\u0151i egyhang\u00fa igennel. A rendeletet  elfogadt\u00e1k. Janu\u00e1rt\u00f3l a t\u00e1vf\u0171t\u00e9s alapd\u00edja 482,72 forintra emelkedik a  mostani 441 forintr\u00f3l.<\/p>\n<p>11:55 A Helyi \u00c9p\u00edt\u00e9si Szab\u00e1lyzat \u00e9s  Szab\u00e1lyoz\u00e1si Terv m\u00f3dos\u00edt\u00e1s\u00e1r\u00f3l szavaztak, amelyet 30 napra k\u00f6zszeml\u00e9re  bocs\u00e1tanak. 16 igennel fogadt\u00e1k el a rendeletet.<\/p>\n<p>11.58 Habis  L\u00e1szl\u00f3 sz\u00f3lal fel, hogy jelenleg nem a k\u00f6lts\u00e9gvet\u00e9sr\u0151l t\u00e1rgyalnak, hanem  arr\u00f3l a koncepci\u00f3r\u00f3l a j\u00f6v\u0151 \u00e9vre. Minden egyes mondat\u00e1t v\u00e9gig kell  vinni\u00fck. El\u0151re l\u00e1tja, hogy 2011-ben az \u00f6nkorm\u00e1nyzatok hihetetlen\u00fcl neh\u00e9z  helyzetben dolgoznak majd. Fel kell k\u00e9sz\u00fclni rengeteg v\u00e1ltoz\u00e1sra. Az is  biztos, hogy a korm\u00e1nyzati t\u00f6rekv\u00e9sek nem vezetnek azonnal eredm\u00e9nyre.<\/p>\n<p>12.17  Dr. Csarn\u00f3 \u00c1kos a P\u00e9nz\u00fcgyi \u00c9s \u00dcgyrendi Bizotts\u00e1g \u00e1ll\u00e1spontj\u00e1t  ismerteti. Hat\u00e9kony k\u00f6lts\u00e9ggazd\u00e1lkod\u00e1st terveznek folytatni, s  t\u00f6rekednek arra, hogy a civilek \u00e9rdekeit is k\u00e9pviselj\u00e9k.<\/p>\n<p>12.20  Nagy Istv\u00e1n szerint a szem\u00e9lyi j\u00f6vedelemad\u00f3 magasabb kulcs\u00e1nak  cs\u00f6kken\u00e9se miatt hi\u00e1nyz\u00f3 \u00f6sszeget semmilyen m\u00f3don nem tudja majd az  \u00d6nkorm\u00e1nyzat p\u00f3tolni, ez\u00e9rt m\u00e9g jobban oda kell figyelni a kiad\u00e1sokra.<\/p>\n<p>12.26  Cs\u00e1kv\u00e1ri Antal elmondja, hogy Magyarorsz\u00e1gnak a GDP-hez m\u00e9rten k\u00f6zel  80% az elad\u00f3sodotts\u00e1ga. Fontos \u00e1tgondolnunk a Kist\u00e9rs\u00e9g probl\u00e9m\u00e1it, s  mindent meg kell tenni a jelenlegi kintlev\u0151s\u00e9gek cs\u00f6kkent\u00e9s\u00e9\u00e9rt, illetve  megsz\u00fcntet\u00e9s\u00e9\u00e9rt.<\/p>\n<p>A j\u00f6v\u0151 \u00e9vben k\u00e9t Di\u00e1kolimpi\u00e1t is rendez a V\u00e1ros, erre k\u00fcl\u00f6n c\u00edmk\u00e9t kell l\u00e9trehozni a k\u00f6lts\u00e9gvet\u00e9sben.<\/p>\n<p>12.37  Cs\u00e1sz\u00e1r Zolt\u00e1n teljes m\u00e9rt\u00e9kben egyet\u00e9rt mindenki hozz\u00e1sz\u00f3l\u00e1s\u00e1val a  k\u00f6lts\u00e9gvet\u00e9st illet\u0151en. De legk\u00f6zelebb azt k\u00e9ri, hogy a t\u00falzottan  kifejtett orsz\u00e1gos szint\u0171 dolgokat bizotts\u00e1gon bel\u00fcl ossza meg, mert \u00fagy  \u00e9rezte mag\u00e1t, mintha egy korm\u00e1nysz\u00f3viv\u0151 besz\u00e9d\u00e9t hallgatn\u00e1.<\/p>\n<p>12:45 17 igen szavazattal, 1 tart\u00f3zkod\u00e1ssal elfogadt\u00e1k a koncepci\u00f3t.<\/p>\n<p>12:50 Egyhang\u00fa igennel elfogadt\u00e1k az Egri kultur\u00e1lis \u00e9s M\u0171v\u00e9szeti K\u00f6zpont Alap\u00edt\u00f3 Okirat\u00e1nak m\u00f3dos\u00edt\u00e1s\u00e1t.<\/p>\n<p>12:52  Egyhang\u00falag elfogadt\u00e1k a Heves Megyei V\u00edzm\u0171 Zrt-be beolvad\u00f3 D\u00e9lborsodi  V\u00edz- \u00e9s Csatornam\u0171 Kft. a heves Megyei V\u00edzm\u0171 Zrt. v\u00e9gleges  vagyonm\u00e9rleg\u00e9nek \u00e9s vagyonlelt\u00e1r\u00e1nak elfogad\u00e1s\u00e1t.<\/p>\n<p>12:56 Az Egri V\u00e1rosfejleszt\u00e9si Kft. 2011. \u00e9vi \u00fczleti terv\u00e9r\u0151l szavaznak. 17 igennel \u00e9s 1 nemmel elfogadt\u00e1k.<\/p>\n<p>A 2010. \u00e9vi \u00fczleti terv I-X. havi teljes\u00edt\u00e9s\u00e9t 18 igennel egyhang\u00falag szavazt\u00e1k meg.<\/p>\n<p>A Fel\u00fcgyel\u0151 Bizotts\u00e1g 2010. \u00e9vi besz\u00e1mol\u00f3j\u00e1t 17 igennel fogadt\u00e1k el.<\/p>\n<p>Az \u00fcgyvezet\u0151 pr\u00e9mium feladat\u00e1nak meghat\u00e1roz\u00e1s\u00e1t 15 igennel, 2 tart\u00f3zkod\u00e1ssal \u00e9s 1 nemmel fogadt\u00e1k el.<\/p>\n<p>12.59  Bogn\u00e1r Ign\u00e1c (Jobbik) felh\u00edvja a figyelmet, hogy a lakosok nem  hajland\u00f3ak takar\u00edtani az utc\u00e1kat, terveznek-e valamit tenni az\u00e9rt,  valamilyen eszk\u00f6zt v\u00e1s\u00e1rolni, hogy a takar\u00edt\u00e1s m\u00e9gis megt\u00f6rt\u00e9njen?<\/p>\n<p>13:01  Rittenbacher \u00d6d\u00f6n, a V\u00e1rosgondoz\u00e1s Eger Kft. \u00fcgyvezet\u0151 igazgat\u00f3ja \u00f6r\u00fcl  neki, hogy id\u00e9n mindent ki tudtak fizetni. Bogn\u00e1r Ign\u00e1c k\u00e9rd\u00e9s\u00e9re a  v\u00e1rosa nem, mert nem a V\u00e1rosgondoz\u00e1s feladata a j\u00e1rd\u00e1k takar\u00edt\u00e1sa. Ennyi  er\u0151vel bemehetn\u00e9nek az udvarra is seg\u00edteni. Vannak egyszer\u0171 eszk\u00f6z\u00f6k,  mint a lap\u00e1t.<\/p>\n<p>13:09 Elfogadt\u00e1k a V\u00e1rosgondoz\u00e1s Eger Kft. 2011.  \u00e9vi \u00fczleti terv\u00e9t, a 2010. \u00e9vi \u00fczleti terv I-III. negyed\u00e9ves  besz\u00e1mol\u00f3j\u00e1t, az \u00fcgyvezet\u0151 2011. \u00e9vi pr\u00e9mium feladat\u00e1nak meghat\u00e1roz\u00e1s\u00e1t,  valamint a Fel\u00fcgyel\u0151 bizotts\u00e1g 2010. \u00e9vi besz\u00e1mol\u00f3j\u00e1t.<\/p>\n<p>13:11 Az EVAT Zrt. r\u00e9sz\u00e9re megszavazt\u00e1k a tagi k\u00f6lcs\u00f6nt, az t\u0151keemel\u00e9st \u00e9s az Alap\u00edt\u00f3 okirat m\u00f3dos\u00edt\u00e1s\u00e1t.<\/p>\n<p>13:13  Elfogadt\u00e1k az Agria Film Kft. 2011. \u00e9vi \u00fczleti terv\u00e9t 122.740 ezer  forint tervezett bev\u00e9teli \u00e9s 122.129 ezer forint tervezett kiad\u00e1si  \u00f6sszeggel, 611 ezer forint eredm\u00e9nnyel.<\/p>\n<p>13:15 Elfogadt\u00e1k az Egri TISZK Kft. 2011. \u00e9vi \u00fczleti terv\u00e9t is.<\/p>\n<p>13:18 202.978.050 forint vissza nem t\u00e9r\u00edtend\u0151 t\u00e1mogat\u00e1st szavaztak meg a Szil\u00e1gyi Erzs\u00e9bet Gimn\u00e1zium \u00e9s Koll\u00e9giumnak.<\/p>\n<p>13:20  Megszavazt\u00e1k a javaslatot \u00f6nkorm\u00e1nyzati int\u00e9zm\u00e9nyek el\u0151ir\u00e1nyzat\u00e1nak  m\u00f3dos\u00edt\u00e1s\u00e1r\u00f3l, valamint az el\u0151terjeszt\u00e9st az \u00f6nkorm\u00e1nyzati  kezess\u00e9gv\u00e1llal\u00e1sr\u00f3l.<\/p>\n<p>13:21 Habis L\u00e1szl\u00f3 azt rem\u00e9li, hogy az  Al-Gharnati Alap\u00edtv\u00e1ny olyan konferenci\u00e1kat, ki\u00e1ll\u00edt\u00e1sokat szervez  Egerbe, amelyb\u0151l profit\u00e1lhat az idegenforgalom ter\u00fclet\u00e9n. \u00a03 milli\u00f3  forint m\u0171k\u00f6d\u00e9si c\u00e9l\u00fa t\u00e1mogat\u00e1st szavaztak meg.<\/p>\n<p>13:24 S\u00f3s Istv\u00e1n  alpolg\u00e1rmester a v\u00e1rosi kommun\u00e1lis hullad\u00e9klerak\u00f3 telep \u00fczemeltet\u00e9s\u00e9re  vonatkoz\u00f3 meg\u00e1llapod\u00e1s lej\u00e1rat\u00e1nak meghosszabb\u00edt\u00e1s\u00e1nak t\u00e1mogat\u00e1s\u00e1t k\u00e9ri.  15 igennel meg is szavazz\u00e1k.<\/p>\n<p>13:25 R\u00e1zsi Botond alpolg\u00e1rmester  szerint az \u00faj \u00d6nkorm\u00e1nyzati Int\u00e9zked\u00e9si Terv m\u00f3dos\u00edt\u00e1s\u00e1ba be\u00e9p\u00edtett\u00e9k a  j\u00f6v\u0151 oktat\u00e1si k\u00e9p\u00e9t. Legfontosabb alapgondolata, hogy az iskola  pedag\u00f3giai \u00e9rt\u00e9k\u00e9t meg kell \u0151rizni, s Eger, mint iskolav\u00e1ros meg\u0151rizze  ezt a szerep\u00e9t a r\u00e9gi\u00f3ban.<\/p>\n<p>13:33 16 igennel elfogadt\u00e1k a m\u00f3dos\u00edt\u00e1st.<\/p>\n<p>13:34  R\u00e1zsi Botond alpolg\u00e1rmester elmondja, hogy a v\u00e1ros Telep\u00fcl\u00e9si  K\u00f6zoktat\u00e1si Es\u00e9lyegyenl\u0151s\u00e9gi Int\u00e9zked\u00e9si Terv\u00e9nek m\u00f3dos\u00edt\u00e1s\u00e1t t\u00f6rv\u00e9ny  szab\u00e1lyozza.<\/p>\n<p>13:35 Cs\u00e1kv\u00e1ri Antal (FIDESZ-KDNP) szerint nincs megoldva teljesen a korai fejleszt\u00e9s a h\u00e1tr\u00e1nyos helyzet\u0171 \u00a0tanul\u00f3kn\u00e1l.<\/p>\n<p>13:38 16 igennel egyhang\u00falag elfogadt\u00e1k a m\u00f3dos\u00edt\u00e1st.<\/p>\n<p>13:39  Cs\u00e1kv\u00e1ri Antal elmondja, hogy megfelelnek a t\u00f6rv\u00e9nyi felt\u00e9teleknek az  \u00f6nkorm\u00e1nyzati fenntart\u00e1s\u00fa \u00e1ltal\u00e1nos iskol\u00e1k m\u0171k\u00f6d\u00e9si felt\u00e9telei. Itt  nincs feladat, nem kell v\u00e1ltoztat\u00e1shoz folyamodni. A k\u00f6rzet  fel\u00fclvizsg\u00e1lat\u00e1r\u00f3l sz\u00f3l\u00f3 el\u0151terjeszt\u00e9st elfogadt\u00e1k.<\/p>\n<p>13.40 Kisebb el\u0151terjeszt\u00e9sr\u0151l szavaztak.<\/p>\n<p>13.41  Habis L\u00e1szl\u00f3 elmondja, hogy a Markhot Ferenc k\u00f3rh\u00e1z neh\u00e9z id\u0151szakon van  t\u00fal, most k\u00f6vetkezhet a szakmai fejl\u0151d\u00e9s, amelyhez minden t\u00e1mogat\u00e1st  igyekeznek megadni. Megszavazt\u00e1k, hogy \u00f6nkorm\u00e1nyzati b\u00e9rlak\u00e1sokat  kedvezm\u00e9nyesen adj\u00e1k ki a k\u00f3rh\u00e1z dolgoz\u00f3inak.<\/p>\n<p>13:47 Az  \u00d6nkorm\u00e1nyzat \u00e9s a TDM munkaszervezet k\u00f6z\u00f6tti meg\u00e1llapod\u00e1s megk\u00f6t\u00e9s\u00e9re  elfogadt\u00e1k a javaslatot a Sz\u00e9passzonyv\u00f6lgyi L\u00e1togat\u00f3k\u00f6zpont  \u00fczemeltet\u00e9s\u00e9re.<\/p>\n<p>13:48 Elfogadt\u00e1k a K\u00f6zgy\u0171l\u00e9s 2011. \u00e9v I. negyed\u00e9vi feladatterv\u00e9t, valamint a 2011. \u00e9v II. negyed\u00e9vi feladatterv-tervezet\u00e9t.<\/p>\n<p>13:49  Nagy Istv\u00e1n (MSZP) azt k\u00e9ri, hogy a j\u00f6v\u0151ben ne kelljen \u00edr\u00e1sbeli  besz\u00e1mol\u00f3kat k\u00e9sz\u00edteni, mert csak rabolja mindenkinek az idej\u00e9t.<\/p>\n<p>13:51 Habis L\u00e1szl\u00f3 azt \u00edg\u00e9ri, hogy \u00e1tgondolj\u00e1k a dolgot a Hivatalban. 17 igennel egyhang\u00falag elfogadt\u00e1k az el\u0151terjeszt\u00e9st.<\/p>\n<p>13:53  A t\u00e1j\u00e9koztat\u00f3kr\u00f3l szavaznak. Elfogadt\u00e1k a 2010. november havi  polg\u00e1rmesteri \u00e9s int\u00e9zm\u00e9nyvezet\u0151i hat\u00e1sk\u00f6rben v\u00e9grehajtott el\u0151ir\u00e1nyzat  m\u00f3dos\u00edt\u00e1s\u00e1r\u00f3l val\u00f3 t\u00e1j\u00e9koztat\u00f3t.<\/p>\n<p>13:54 Cs\u00e1kv\u00e1ri Antal  (FIDESZ-KDNP) besz\u00e9l a munkaer\u0151piac, a foglakoztat\u00e1s \u00e9s demogr\u00e1fiai  folyamatokr\u00f3l. Egerben m\u00e9rs\u00e9kelt a munkan\u00e9lk\u00fclis\u00e9g v\u00e9lem\u00e9nye szerint,  4%-os. Az orsz\u00e1gban 12%-os. A fejleszt\u00e9sekhez sz\u00fcks\u00e9g lenne p\u00e9nzbeli  forr\u00e1sra. A megv\u00e1ltozott munkak\u00e9pess\u00e9g\u0171ek foglalkoztat\u00e1s\u00e1r\u00f3l is sz\u00f3  kell, hogy legyen. Az \u0151 foglalkoztatotts\u00e1guk sz\u00e1ma a c\u00e9gekn\u00e9l n\u0151tt.<\/p>\n<p>\u00c1talakul\u00e1s  el\u0151tt \u00e1ll a k\u00f6zfoglalkoztat\u00e1s rendszere, t\u00f6bbf\u00e9le k\u00f6zmunka is lesz,  amivel \u00e9lni fognak a v\u00e1llalkoz\u00e1sok is a rem\u00e9nyek szerint.<\/p>\n<p>Egerben a 31-35 \u00e9ves koroszt\u00e1ly a legn\u00e9pesebb, s itt a legnagyobb a munkan\u00e9lk\u00fcliek sz\u00e1ma.<\/p>\n<p>14.00 17 igennel elfogadt\u00e1k a munkaer\u0151piaci t\u00e1j\u00e9koztat\u00f3t.<\/p>\n<p>14.02 Napirend ut\u00e1n Orosz L\u00e1szl\u00f3n\u00e9 Ibolya (FIDESZ-KDNP) az Agria foly\u00f3iratb\u00f3l id\u00e9z.<\/p>\n<p>14.06  Misz Mih\u00e1ly (FIDESZ-KDNP) szerint a S\u00f3s Tam\u00e1s f\u00e9le Megyei K\u00f6zgy\u0171l\u00e9s  figyelmen k\u00edv\u00fcl hagyva a v\u00e1ros lakoss\u00e1g\u00e1nak ig\u00e9nyeit, egy mag\u00e1nc\u00e9gnek  szolg\u00e1ltatta ki a lakoss\u00e1got. Elmondja, hogy \u0151 is egy mag\u00e1nc\u00e9gn\u00e9l  dolgozik, \u00e9s a m\u00e1sod\u00e1ll\u00e1s\u00e1t vesztette el a vesebeteg-gondoz\u00f3ban.  V\u00e9lem\u00e9nye szerint, akik fel\u00e1ldozt\u00e1k a munkahely\u00fcket a betegek\u00e9rt, azok  h\u0151s\u00f6k, s nagyon megszenvedte ezt a megye. Egyed\u00fcl dr. S\u00f3s Tam\u00e1s b\u0171ne,  hogy kidobtak 800 milli\u00f3 forintot v\u00e9gkiel\u00e9g\u00edt\u00e9sre. Nem szabadott volna  elengedni a szakorvosokat \u00e9s a dolgoz\u00f3kat. Az emberek, akik innen  elmentek, hi\u00e1nyoznak a k\u00f3rh\u00e1zb\u00f3l. A mai k\u00f3rh\u00e1zvezet\u00e9snek az az \u00e9rdeke,  hogy t\u00e9rjenek vissza a j\u00f3 szakemberek, akik addig a k\u00f3rh\u00e1zban voltak.<\/p>\n<p>Misz Mih\u00e1ly szerint fogjunk \u00f6ssze, al\u00e1\u00edr\u00f3, nem al\u00e1\u00edr\u00f3, k\u00f3rh\u00e1z\u00e9rt, beteg\u00e9rt.<\/p>\n<p>14:12  Hamza Etelka, egri polg\u00e1r jelentkezett sz\u00f3l\u00e1sra. Azt k\u00e9rdezi, hogy a  Heves Megyei H\u00edrlapot t\u00e1mogatja-e anyagilag az \u00d6nkorm\u00e1nyzat. Ha igen,  akkor az nagy hiba, mert egy ilyen bulv\u00e1rlapra k\u00e1r p\u00e9nzt k\u00f6lteni. Ha  t\u00e1mogatja a v\u00e1ros ezt a lapot, ink\u00e1bb adja oda a p\u00e9nzt az Agria  foly\u00f3iratnak vagy egy k\u00f3rh\u00e1zv\u00e9d\u0151nek. Sz\u00ednvonalon aluli bulv\u00e1rlapnak  tartja, s a lakoss\u00e1g nagy r\u00e9sz\u00e9nek nev\u00e9ben mer besz\u00e9lni.<\/p>\n<p>14:16  Habis L\u00e1szl\u00f3 elmondja, hogy szerz\u0151d\u00e9ses kapcsolatban \u00e1llnak a Heves  Megyei H\u00edrlappal, mint m\u00e1s v\u00e1rosi f\u00f3rumokkal is, de t\u00e1mogat\u00e1st nem  ny\u00fajtanak.<\/p>\n<p>14:17 A K\u00f6zgy\u0171l\u00e9s z\u00e1rt \u00fcl\u00e9sen folytat\u00f3dik.<\/p>\n<p>Forr\u00e1s :<a href=\"www.egriszin.hu\">Egrisz\u00edn<\/a><\/p>\n","protected":false},"excerpt":{"rendered":"<p>A ma 10 \u00f3rakor kezd\u0151d\u0151 V\u00e1rosi K\u00f6zgy\u0171l\u00e9st is nyomon k\u00f6vethetik  port\u00e1lunkon percr\u0151l percre. Sz\u00f3 lesz t\u00f6bbek k\u00f6z\u00f6tt a t\u00e1vf\u0171t\u00e9s d\u00edj\u00e1nak  emelked\u00e9s\u00e9r\u0151l is.<br \/>\n10:21 M\u00e9g nem \u00e9rkezett meg a polg\u00e1rmester.<br \/>\n10:35 A polg\u00e1rmester a rend\u0151rs\u00e9gen val\u00f3 ma d\u00e9lel\u0151tti helysz\u00edni bej\u00e1r\u00e1st v\u00e1zolja, ami a cs\u00fasz\u00e1s oka is.<br \/>\n10:37 Mind a 18 k\u00e9pvisel\u0151 jelen van. A K\u00f6zgy\u0171l\u00e9s hat\u00e1rozatk\u00e9pes.<br \/>\n10:38\u00a0Martonn\u00e9  [&#8230;]<\/p>\n","protected":false},"author":4,"featured_media":0,"comment_status":"open","ping_status":"closed","sticky":false,"template":"","format":"standard","meta":{"footnotes":""},"categories":[3],"tags":[],"class_list":["post-3015","post","type-post","status-publish","format-standard","hentry","category-politika"],"_links":{"self":[{"href":"https:\/\/www.agriatv.hu\/index.php?rest_route=\/wp\/v2\/posts\/3015","targetHints":{"allow":["GET"]}}],"collection":[{"href":"https:\/\/www.agriatv.hu\/index.php?rest_route=\/wp\/v2\/posts"}],"about":[{"href":"https:\/\/www.agriatv.hu\/index.php?rest_route=\/wp\/v2\/types\/post"}],"author":[{"embeddable":true,"href":"https:\/\/www.agriatv.hu\/index.php?rest_route=\/wp\/v2\/users\/4"}],"replies":[{"embeddable":true,"href":"https:\/\/www.agriatv.hu\/index.php?rest_route=%2Fwp%2Fv2%2Fcomments&post=3015"}],"version-history":[{"count":3,"href":"https:\/\/www.agriatv.hu\/index.php?rest_route=\/wp\/v2\/posts\/3015\/revisions"}],"predecessor-version":[{"id":3019,"href":"https:\/\/www.agriatv.hu\/index.php?rest_route=\/wp\/v2\/posts\/3015\/revisions\/3019"}],"wp:attachment":[{"href":"https:\/\/www.agriatv.hu\/index.php?rest_route=%2Fwp%2Fv2%2Fmedia&parent=3015"}],"wp:term":[{"taxonomy":"category","embeddable":true,"href":"https:\/\/www.agriatv.hu\/index.php?rest_route=%2Fwp%2Fv2%2Fcategories&post=3015"},{"taxonomy":"post_tag","embeddable":true,"href":"https:\/\/www.agriatv.hu\/index.php?rest_route=%2Fwp%2Fv2%2Ftags&post=3015"}],"curies":[{"name":"wp","href":"https:\/\/api.w.org\/{rel}","templated":true}]}}