{"id":3018,"date":"2010-12-16T13:56:40","date_gmt":"2010-12-16T13:56:40","guid":{"rendered":"http:\/\/www.agriatv.hu\/?p=3018"},"modified":"2010-12-16T13:56:40","modified_gmt":"2010-12-16T13:56:40","slug":"kitunteto-dijakat-adtak-at-a-megyehazan","status":"publish","type":"post","link":"https:\/\/www.agriatv.hu\/?p=3018","title":{"rendered":"Kit\u00fcntet\u0151 d\u00edjakat adtak \u00e1t a megyeh\u00e1z\u00e1n"},"content":{"rendered":"<p><img loading=\"lazy\" decoding=\"async\" class=\"alignleft\" src=\"http:\/\/www.egriszin.hu\/RenderedContents\/IndexImages\/6\/6982-20101216132544-SANY0741.JPG\" alt=\"\" width=\"122\" height=\"150\" \/><strong>\u00c1tadt\u00e1k a \u201eHeves megye sportj\u00e1\u00e9rt\u201d d\u00edjakat, illetve elismer\u00e9sben   r\u00e9szes\u00fcltek a j\u00f3l tanul\u00f3 \u00e9s j\u00f3l sportol\u00f3 di\u00e1kok a megyeh\u00e1z\u00e1n, a ma   d\u00e9lel\u0151tti \u00fcnneps\u00e9gen. <\/strong><\/p>\n<div>A Heves Megyei \u00d6nkorm\u00e1nyzat K\u00f6zgy\u0171l\u00e9se minden \u00e9vben  elismer\u00e9sben r\u00e9szes\u00edti azokat, akik \u00e9vtizedeken kereszt\u00fcl kimagasl\u00f3  munk\u00e1t v\u00e9geztek, munk\u00e1juk p\u00e9lda\u00e9rt\u00e9k\u0171, k\u00f6vet\u00e9sre m\u00e9lt\u00f3. Ebben az \u00e9vben  h\u00e1rom f\u0151 r\u00e9szes\u00fclt a \u201eHeves Megye Sportj\u00e1\u00e9rt\u201d kit\u00fcntet\u0151 c\u00edmben. Csernyi  G\u00e9za, Papp L\u00e1szl\u00f3 \u00e9s Uri J\u00f3zsef, Szab\u00f3 R\u00f3bertt\u0151l (a K\u00f6zgy\u0171l\u00e9s aleln\u00f6ke)  \u00e9s T\u00f3th Csab\u00e1t\u00f3l (az Oktat\u00e1si, Kultur\u00e1lis, Ifj\u00fas\u00e1gi \u00e9s Sport Bizotts\u00e1g  eln\u00f6ke) vehette \u00e1t az elismer\u00e9st. Csernyi G\u00e9za 2009 okt\u00f3ber\u00e9ben kapta meg a hivatalos \u00e9rtes\u00edt\u0151t a Guinness   Vil\u00e1grekordok k\u00f6nyv szerkeszt\u0151s\u00e9g\u00e9t\u0151l, hogy 57 \u00e9ves j\u00e1t\u00e9kvezet\u0151i  m\u00faltja  egyed\u00fcl\u00e1ll\u00f3 a vil\u00e1gon; teljes\u00edtm\u00e9ny\u00e9t vil\u00e1grekordnak ismerik el.   J\u00e1t\u00e9kvezet\u0151i tev\u00e9kenys\u00e9ge d\u00f6nt\u0151en Heves megy\u00e9hez kapcsol\u00f3dik.<\/div>\n<div><img decoding=\"async\" title=\"Kattintson!\" src=\"http:\/\/www.egriszin.hu\/RenderedContents\/Images\/10\/10288-20101216:132619-SANY0745.JPG\" border=\"0\" alt=\"\" \/><\/div>\n<div>Papp  L\u00e1szl\u00f3, t\u00f6bb mint harminchat \u00e9ve tev\u00e9kenykedik a term\u00e9szetj\u00e1r\u00f3  mozgalomban. Olyan \u00e9vtizedeken \u00e1t\u00edvel\u0151 tev\u00e9kenys\u00e9gekhez kapcsol\u00f3dik a  neve, mint a B\u00fckk-M\u00e1tra V\u00e1rai, Par\u00e1d-M\u00e1tra l\u00e1tv\u00e1nyoss\u00e1gai megismertet\u00e9se  vagy a gyermek \u00e9s ifj\u00fas\u00e1gi koroszt\u00e1ly orsz\u00e1gos \u00e9s megyei turisztikai  tal\u00e1lkoz\u00f3i. A term\u00e9szetbar\u00e1t mozgalom keret\u00e9ben harminc \u00e9ven kereszt\u00fcl  kiemelked\u0151 munk\u00e1t v\u00e9gzett megyei szinten az ifj\u00fas\u00e1gi t\u00faravezet\u0151k,  tov\u00e1bb\u00e1 r\u00e9gi\u00f3s szinten a feln\u0151tt gyalogos, v\u00edzi, \u00e9s ker\u00e9kp\u00e1ros  t\u00faravezet\u0151k k\u00e9pz\u00e9s\u00e9ben.<\/div>\n<div>Uri  J\u00f3zsef testnevel\u0151 tan\u00e1rk\u00e9nt 1982. \u00f3ta dolgozik a beseny\u0151telki \u00e1ltal\u00e1nos  iskol\u00e1ban. A testnevel\u00e9si \u00f3r\u00e1kon k\u00edv\u00fcl a le\u00e1ny \u00e9s fi\u00fa tanul\u00f3kat  \u00e9vtizedeken kereszt\u00fcl k\u00e9sz\u00edtette fel k\u00fcl\u00f6nb\u00f6z\u0151 sport\u00e1gi versenyekre.  Di\u00e1kjai k\u00f6z\u00fcl t\u00f6bben a magyar sport \u00e9lvonal\u00e1ba ker\u00fcltek, vagy  sportakad\u00e9mi\u00e1n kamatoztatt\u00e1k az \u00e1ltala megalapozott ismereteiket. Uri  J\u00f3zsef a telep\u00fcl\u00e9s sport\u00e9let\u00e9nek is akt\u00edv szervez\u0151je.<\/div>\n<div>A \u201eHeves Megye J\u00f3 Tanul\u00f3ja J\u00f3 Sportol\u00f3ja\u201d c\u00edmet h\u00e1rom-h\u00e1rom als\u00f3- \u00e9s k\u00f6z\u00e9pfok\u00fa tanint\u00e9zetben tanul\u00f3 di\u00e1k kapta.<\/div>\n<div>Ut\u00f3bbiak  k\u00f6z\u00fcl Berecz Bettina (Neumann J.), vil\u00e1gbajnoki 5. helyezett, P\u00e1ros  Vil\u00e1gkupa gy\u0151ztes, illetve magyar bajnoki 3. akrobatikus rock and roll  sport\u00e1gban. Csan\u00e1losi Ariel Attila (Szent L\u0151rinc) szint\u00e9n ebben a  sport\u00e1gban \u00e9rt el Eur\u00f3pa Kupa 12. helyez\u00e9st, tov\u00e1bb\u00e1 magyar bajnoknak \u00e9s  az Orsz\u00e1gos Kupa k\u00e9tszeres bronz\u00e9rmes\u00e9nek mondhatja mag\u00e1t. Kormos  Ildik\u00f3 (Szalaparti Int\u00e9zm\u00e9ny) a Speci\u00e1lis Olimpia N\u0151i Torna Eur\u00f3pa  Bajnoks\u00e1gon az arany ez\u00fcst \u00e9s bronz\u00e9rmek mellett, negyedik \u00e9s \u00f6t\u00f6dik  helyez\u00e9st is szerzett. A Speci\u00e1lis Olimpia Orsz\u00e1gos Tornaverseny\u00e9n n\u00e9gy  alkalommal \u00e1llt a dobog\u00f3 legfels\u0151 fok\u00e1ra \u00e9s csak egyszer szorult a  m\u00e1sodik helyre.<\/div>\n<div>Az  \u00e1ltal\u00e1nos iskol\u00e1sok k\u00f6z\u00fcl Forg\u00e1cs P\u00e9ter (Beseny\u0151telki \u00c1lt. Isk.)  labdar\u00fag\u00e1sban \u00e9s atl\u00e9tik\u00e1ban, Gledura Benjamin (Dr. Kem\u00e9ny F.) sakkban,  P\u00e1sztor D\u00f3ra (Mez\u0151t\u00e1rk\u00e1nyi \u00c1lt. Isk.) pedig szint\u00e9n atl\u00e9tik\u00e1ban \u00e9rtek el  kiemelked\u0151 eredm\u00e9nyeket kit\u0171n\u0151 tanulm\u00e1nyi eredm\u00e9ny\u00fck mellett.<\/div>\n<div>Forr\u00e1s: <a href=\"www.egriszin.hu\">Egrisz\u00edn<\/a><\/div>\n","protected":false},"excerpt":{"rendered":"<p>\u00c1tadt\u00e1k a \u201eHeves megye sportj\u00e1\u00e9rt\u201d d\u00edjakat, illetve elismer\u00e9sben   r\u00e9szes\u00fcltek a j\u00f3l tanul\u00f3 \u00e9s j\u00f3l sportol\u00f3 di\u00e1kok a megyeh\u00e1z\u00e1n, a ma   d\u00e9lel\u0151tti \u00fcnneps\u00e9gen.<br \/>\nA Heves Megyei \u00d6nkorm\u00e1nyzat K\u00f6zgy\u0171l\u00e9se minden \u00e9vben  elismer\u00e9sben r\u00e9szes\u00edti azokat, akik \u00e9vtizedeken kereszt\u00fcl kimagasl\u00f3  munk\u00e1t v\u00e9geztek, munk\u00e1juk p\u00e9lda\u00e9rt\u00e9k\u0171, k\u00f6vet\u00e9sre m\u00e9lt\u00f3. Ebben az \u00e9vben  h\u00e1rom f\u0151 r\u00e9szes\u00fclt [&#8230;]<\/p>\n","protected":false},"author":4,"featured_media":0,"comment_status":"open","ping_status":"closed","sticky":false,"template":"","format":"standard","meta":{"footnotes":""},"categories":[11],"tags":[],"class_list":["post-3018","post","type-post","status-publish","format-standard","hentry","category-sport"],"_links":{"self":[{"href":"https:\/\/www.agriatv.hu\/index.php?rest_route=\/wp\/v2\/posts\/3018","targetHints":{"allow":["GET"]}}],"collection":[{"href":"https:\/\/www.agriatv.hu\/index.php?rest_route=\/wp\/v2\/posts"}],"about":[{"href":"https:\/\/www.agriatv.hu\/index.php?rest_route=\/wp\/v2\/types\/post"}],"author":[{"embeddable":true,"href":"https:\/\/www.agriatv.hu\/index.php?rest_route=\/wp\/v2\/users\/4"}],"replies":[{"embeddable":true,"href":"https:\/\/www.agriatv.hu\/index.php?rest_route=%2Fwp%2Fv2%2Fcomments&post=3018"}],"version-history":[{"count":1,"href":"https:\/\/www.agriatv.hu\/index.php?rest_route=\/wp\/v2\/posts\/3018\/revisions"}],"predecessor-version":[{"id":3020,"href":"https:\/\/www.agriatv.hu\/index.php?rest_route=\/wp\/v2\/posts\/3018\/revisions\/3020"}],"wp:attachment":[{"href":"https:\/\/www.agriatv.hu\/index.php?rest_route=%2Fwp%2Fv2%2Fmedia&parent=3018"}],"wp:term":[{"taxonomy":"category","embeddable":true,"href":"https:\/\/www.agriatv.hu\/index.php?rest_route=%2Fwp%2Fv2%2Fcategories&post=3018"},{"taxonomy":"post_tag","embeddable":true,"href":"https:\/\/www.agriatv.hu\/index.php?rest_route=%2Fwp%2Fv2%2Ftags&post=3018"}],"curies":[{"name":"wp","href":"https:\/\/api.w.org\/{rel}","templated":true}]}}