{"id":3021,"date":"2010-12-17T19:15:08","date_gmt":"2010-12-17T19:15:08","guid":{"rendered":"http:\/\/www.agriatv.hu\/?p=3021"},"modified":"2010-12-17T19:30:12","modified_gmt":"2010-12-17T19:30:12","slug":"felsovarosi-karacsony","status":"publish","type":"post","link":"https:\/\/www.agriatv.hu\/?p=3021","title":{"rendered":"Ne csak a belv\u00e1ros csilloghasson &#8211; feny\u0151fa \u00e1ll\u00edt\u00e1s a Fels\u0151v\u00e1rosban"},"content":{"rendered":"<p><img loading=\"lazy\" decoding=\"async\" class=\"alignleft\" src=\"http:\/\/www.egriszin.hu\/RenderedContents\/IndexImages\/6\/6988-20101217172831-SANY0808.JPG\" alt=\"\" width=\"150\" height=\"113\" \/><strong>Feled\u00e9sbe  mer\u00fclt hagyom\u00e1nyt eleven\u00edtettek fel a  fels\u0151v\u00e1rosi k\u00e9pvisel\u0151k. <\/strong>Kar\u00e1csony k\u00f6zeledt\u00e9vel nem csak a belv\u00e1rosban \u00e9l\u0151 egriek  vagy az oda  l\u00e1togat\u00f3kat szerett\u00e9k volna meg\u00f6rvendeztetni egy sz\u00e9pen d\u00edsz\u00edtett   feny\u0151f\u00e1val, hanem a k\u00fclv\u00e1rosban\u00a0lak\u00f3kat is. Kisiskol\u00e1sok \u00e9s \u00f3vod\u00e1sok   Betlehemes el\u0151ad\u00e1sa, harangj\u00e1t\u00e9ka, \u00e9neke\u00a0 mellett vehett\u00e9k birtokba a   &#8222;cseboksz\u00e1ri&#8221; feny\u0151f\u00e1t amelynek d\u00edszeit a k\u00f6rnyez\u0151 iskol\u00e1k gyermekei   k\u00e9sz\u00edtett\u00e9k. A Fels\u0151v\u00e1ros mellett a Lajosv\u00e1rosban is szeretn\u00e9k majd ezt a   kezdem\u00e9nyez\u00e9st meghonos\u00edtani, valamint az \u00e9vszaknak megfelel\u0151  programokkal  odacsalogatni az ott \u00e9l\u0151 embereket.<\/p>\n<div class=\"wordtube\">\n<div class=\"wordtube single179\" id=\"WT1_1\" style=\"width:320px; height:240px;\">\n<a href=\"http:\/\/www.macromedia.com\/go\/getflashplayer\">Get the Flash Player<\/a> to see the wordTube Media Player.\n<\/div><\/div>\n\t<script type=\"text\/javascript\" defer=\"defer\">\nvar WT1_1 = {\n\tparams : {\n\t\twmode : \"opaque\",\n\t\tallowscriptaccess : \"always\",\n\t\tallownetworking : \"all\",\n\t\tallowfullscreen : \"true\"},\n\tflashvars : {\n\t\tfile : \"http%3A%2F%2Fwww.agriatv.hu%2Fwp-content%2Fuploads%2F2010%2F12%2F1217felsovaros.flv\",\n\t\tvolume : \"80\",\n\t\tbufferlength : \"5\",\n\t\tquality : \"false\",\n\t\t'logo.hide' : \"false\",\n\t\timage : \"http%3A%2F%2Fwww.agriatv.hu%2Fwp-content%2Fuploads%2F2010%2F12%2F1217felsovaros.jpg\",\n\t\ttitle : \"1217felsovaros.flv\",\n\t\tlinktarget : \"_self\"},\n\tattr : {\n\t\tid : \"WT1\",\n\t\tname : \"WT1\"},\n\tstart : function() {\n\t\tswfobject.embedSWF(\"https:\/\/www.agriatv.hu\/\/player.swf\", \"WT1_1\", \"320\", \"240\", \"9.0.0\", false, this.flashvars, this.params , this.attr );\n\t}\n}\nWT1_1.start();\n\t<\/script>\n\n","protected":false},"excerpt":{"rendered":"<p>Feled\u00e9sbe  mer\u00fclt hagyom\u00e1nyt eleven\u00edtettek fel a  fels\u0151v\u00e1rosi k\u00e9pvisel\u0151k. Kar\u00e1csony k\u00f6zeledt\u00e9vel nem csak a belv\u00e1rosban \u00e9l\u0151 egriek  vagy az oda  l\u00e1togat\u00f3kat szerett\u00e9k volna meg\u00f6rvendeztetni egy sz\u00e9pen d\u00edsz\u00edtett   feny\u0151f\u00e1val, hanem a k\u00fclv\u00e1rosban\u00a0lak\u00f3kat is. Kisiskol\u00e1sok \u00e9s \u00f3vod\u00e1sok   Betlehemes el\u0151ad\u00e1sa, harangj\u00e1t\u00e9ka, \u00e9neke\u00a0 mellett vehett\u00e9k birtokba a   &#8222;cseboksz\u00e1ri&#8221; feny\u0151f\u00e1t amelynek [&#8230;]<\/p>\n","protected":false},"author":4,"featured_media":0,"comment_status":"open","ping_status":"closed","sticky":false,"template":"","format":"standard","meta":{"footnotes":""},"categories":[4],"tags":[],"class_list":["post-3021","post","type-post","status-publish","format-standard","hentry","category-szabadido"],"_links":{"self":[{"href":"https:\/\/www.agriatv.hu\/index.php?rest_route=\/wp\/v2\/posts\/3021","targetHints":{"allow":["GET"]}}],"collection":[{"href":"https:\/\/www.agriatv.hu\/index.php?rest_route=\/wp\/v2\/posts"}],"about":[{"href":"https:\/\/www.agriatv.hu\/index.php?rest_route=\/wp\/v2\/types\/post"}],"author":[{"embeddable":true,"href":"https:\/\/www.agriatv.hu\/index.php?rest_route=\/wp\/v2\/users\/4"}],"replies":[{"embeddable":true,"href":"https:\/\/www.agriatv.hu\/index.php?rest_route=%2Fwp%2Fv2%2Fcomments&post=3021"}],"version-history":[{"count":5,"href":"https:\/\/www.agriatv.hu\/index.php?rest_route=\/wp\/v2\/posts\/3021\/revisions"}],"predecessor-version":[{"id":3023,"href":"https:\/\/www.agriatv.hu\/index.php?rest_route=\/wp\/v2\/posts\/3021\/revisions\/3023"}],"wp:attachment":[{"href":"https:\/\/www.agriatv.hu\/index.php?rest_route=%2Fwp%2Fv2%2Fmedia&parent=3021"}],"wp:term":[{"taxonomy":"category","embeddable":true,"href":"https:\/\/www.agriatv.hu\/index.php?rest_route=%2Fwp%2Fv2%2Fcategories&post=3021"},{"taxonomy":"post_tag","embeddable":true,"href":"https:\/\/www.agriatv.hu\/index.php?rest_route=%2Fwp%2Fv2%2Ftags&post=3021"}],"curies":[{"name":"wp","href":"https:\/\/api.w.org\/{rel}","templated":true}]}}