{"id":3027,"date":"2010-12-17T20:38:49","date_gmt":"2010-12-17T20:38:49","guid":{"rendered":"http:\/\/www.agriatv.hu\/?p=3027"},"modified":"2010-12-17T20:44:34","modified_gmt":"2010-12-17T20:44:34","slug":"mszp","status":"publish","type":"post","link":"https:\/\/www.agriatv.hu\/?p=3027","title":{"rendered":"Menni vagy maradni &#8211; alamizsna lehet a nyugd\u00edj"},"content":{"rendered":"<p><a href=\"https:\/\/www.agriatv.hu\/wp-content\/uploads\/2010\/12\/1217mszp_v.jpg\"><img loading=\"lazy\" decoding=\"async\" class=\"size-medium wp-image-3028 alignleft\" title=\"1217mszp_v\" src=\"https:\/\/www.agriatv.hu\/wp-content\/uploads\/2010\/12\/1217mszp_v-300x240.jpg\" alt=\"\" width=\"144\" height=\"115\" srcset=\"https:\/\/www.agriatv.hu\/wp-content\/uploads\/2010\/12\/1217mszp_v-300x240.jpg 300w, https:\/\/www.agriatv.hu\/wp-content\/uploads\/2010\/12\/1217mszp_v.jpg 720w\" sizes=\"auto, (max-width: 144px) 100vw, 144px\" \/><\/a>A  korm\u00e1ny elt\u0151zsd\u00e9zi a nyugd\u00edjp\u00e9nzt\u00e1ri tagok  p\u00e9nz\u00e9t &#8211; mondta Dr. S\u00f3s  Tam\u00e1s.  A mag\u00e1nnyugd\u00edjp\u00e9nzt\u00e1ri tagok hangulat\u00e1t nem a kar\u00e1csonyi  b\u00e9ke\u00a0jellemzi, 45  napot adott a korm\u00e1ny a d\u00f6nt\u00e9s meghozatal\u00e1ra. Nagyon  sokan nincsenek tiszt\u00e1ban  azzal, hogyan is kellene d\u00f6nteni\u00fck a  jelenlegi helyzetben. Dr. S\u00f3s\u00a0 Tam\u00e1s  szerint egyre meredekebben  emelkedik az \u00e1llamad\u00f3ss\u00e1g, az elm\u00falt f\u00e9l \u00e9vben 800  milli\u00e1rd forinttal  n\u00f6vekedett. A be\u00edg\u00e9rt munkahelyek igen csak v\u00e1ratnak magukra,  \u00e9s\u00a0 az  Orb\u00e1n- korm\u00e1ny minden egyes p\u00e9nz\u00fcgyekkel kapcsolatos  bejelent\u00e9se\u00a0 ut\u00e1n a  forint m\u00e9lyrep\u00fcl\u00e9sbe kezd. A befektet\u0151k \u00e9s a hitelez\u0151k  sz\u00e1m\u00e1ra m\u00e1r  Magyarorsz\u00e1g nem jelent biztons\u00e1gos teret, s\u0151t kifejezetten  kock\u00e1zatos.  A lakoss\u00e1g negyed\u00e9ven bel\u00fcl a saj\u00e1t maga p\u00e9nzt\u00e1rc\u00e1j\u00e1n fogja a   k\u00fcl\u00f6nad\u00f3k k\u00f6vetkezm\u00e9nyeit \u00e9rezni.<\/p>\n<div>Kor\u00f3zs  Lajos a mag\u00e1nnyugd\u00edj v\u00e9delm\u00e9ben sz\u00f3lalt  fel, a k\u00f6zel 3000 milli\u00e1rd  forintot a korm\u00e1ny a foly\u00f3 kiad\u00e1sokra k\u00f6lti \u00e9s nem  sz\u00e1mol a j\u00f6v\u0151  \u00e9vekkel, amikor is a Ratk\u00f3-korszakban sz\u00fclettek t\u00f6megesen, t\u00f6bb   sz\u00e1zezren v\u00e1lnak nyugd\u00edjas kor\u00fav\u00e1. A k\u00e9tpill\u00e9res nyugd\u00edjrendszer, amit  1998-ban  vezettek be, az \u0151 biztons\u00e1gukat hozta\u00a0 volna meg el\u0151sz\u00f6r.  Mivel a l\u00e9tsz\u00e1muk  miatt az \u00f6ket k\u00f6vet\u0151 gener\u00e1ci\u00f3 k\u00e9ptelen kitermelni a  nyugd\u00edjukhoz sz\u00fcks\u00e9ges  keretet.<\/div>\n<div><div class=\"wordtube\">\n<div class=\"wordtube single180\" id=\"WT1_1\" style=\"width:320px; height:240px;\">\n<a href=\"http:\/\/www.macromedia.com\/go\/getflashplayer\">Get the Flash Player<\/a> to see the wordTube Media Player.\n<\/div><\/div>\n\t<script type=\"text\/javascript\" defer=\"defer\">\nvar WT1_1 = {\n\tparams : {\n\t\twmode : \"opaque\",\n\t\tallowscriptaccess : \"always\",\n\t\tallownetworking : \"all\",\n\t\tallowfullscreen : \"true\"},\n\tflashvars : {\n\t\tfile : \"http%3A%2F%2Fwww.agriatv.hu%2Fwp-content%2Fuploads%2F2010%2F12%2F1217mszp.flv\",\n\t\tvolume : \"80\",\n\t\tbufferlength : \"5\",\n\t\tquality : \"false\",\n\t\t'logo.hide' : \"false\",\n\t\timage : \"http%3A%2F%2Fwww.agriatv.hu%2Fwp-content%2Fuploads%2F2010%2F12%2F1217mszp.jpg\",\n\t\ttitle : \"1217mszp.flv\",\n\t\tlinktarget : \"_self\"},\n\tattr : {\n\t\tid : \"WT1\",\n\t\tname : \"WT1\"},\n\tstart : function() {\n\t\tswfobject.embedSWF(\"https:\/\/www.agriatv.hu\/\/player.swf\", \"WT1_1\", \"320\", \"240\", \"9.0.0\", false, this.flashvars, this.params , this.attr );\n\t}\n}\nWT1_1.start();\n\t<\/script>\n<\/div>\n<div>Az Mszp minden erej\u00e9vel azon lesz, hogy  megv\u00e9dje a mag\u00e1ntulajdont \u00e9s  ez\u00e9rt az alkotm\u00e1nyb\u00edr\u00f3s\u00e1ghoz fordulnak,  ha kell\u00a0 pert\u00e1rsas\u00e1gokat hoznak  l\u00e9tre \u00e9s pr\u00f3bapereket ind\u00edtanak, de  ha\u00a0m\u00e1shogy nem megy,\u00a0Luxemburgig  is hajland\u00f3k elmenni. A megtakar\u00edt\u00e1st  ez a 3 milli\u00f3 ember nem az \u00e1llamad\u00f3s\u00e1g  rendez\u00e9s\u00e9re, hanem saj\u00e1t \u00e9s  gyermekeik j\u00f6v\u0151j\u00e9re tett\u00e9k f\u00e9lre, a t\u00f6rv\u00e9ny  v\u00e9grehajt\u00e1si utas\u00edt\u00e1sai m\u00e9g  bizonytalanok, nem lehet tudni egy\u00e1ltal\u00e1n \u00f6r\u00f6k\u00f6lhet\u0151  lesz-e\u00a0 a  f\u00e9lretett p\u00e9nz\u00f6sszeg, \u00edg\u00e9retet tettek, ha ism\u00e9t korm\u00e1nyra ker\u00fclnek   k\u00e1rp\u00f3tolni fogj\u00e1k azokat akik ebben a helyzetben vagyoni vesztes\u00e9get   szenvedtek.<\/div>\n","protected":false},"excerpt":{"rendered":"<p>A  korm\u00e1ny elt\u0151zsd\u00e9zi a nyugd\u00edjp\u00e9nzt\u00e1ri tagok  p\u00e9nz\u00e9t &#8211; mondta Dr. S\u00f3s  Tam\u00e1s.  A mag\u00e1nnyugd\u00edjp\u00e9nzt\u00e1ri tagok hangulat\u00e1t nem a kar\u00e1csonyi  b\u00e9ke\u00a0jellemzi, 45  napot adott a korm\u00e1ny a d\u00f6nt\u00e9s meghozatal\u00e1ra. Nagyon  sokan nincsenek tiszt\u00e1ban  azzal, hogyan is kellene d\u00f6nteni\u00fck a  jelenlegi helyzetben. Dr. S\u00f3s\u00a0 Tam\u00e1s  szerint egyre [&#8230;]<\/p>\n","protected":false},"author":4,"featured_media":0,"comment_status":"open","ping_status":"closed","sticky":false,"template":"","format":"standard","meta":{"footnotes":""},"categories":[6,3],"tags":[],"class_list":["post-3027","post","type-post","status-publish","format-standard","hentry","category-belfold","category-politika"],"_links":{"self":[{"href":"https:\/\/www.agriatv.hu\/index.php?rest_route=\/wp\/v2\/posts\/3027","targetHints":{"allow":["GET"]}}],"collection":[{"href":"https:\/\/www.agriatv.hu\/index.php?rest_route=\/wp\/v2\/posts"}],"about":[{"href":"https:\/\/www.agriatv.hu\/index.php?rest_route=\/wp\/v2\/types\/post"}],"author":[{"embeddable":true,"href":"https:\/\/www.agriatv.hu\/index.php?rest_route=\/wp\/v2\/users\/4"}],"replies":[{"embeddable":true,"href":"https:\/\/www.agriatv.hu\/index.php?rest_route=%2Fwp%2Fv2%2Fcomments&post=3027"}],"version-history":[{"count":6,"href":"https:\/\/www.agriatv.hu\/index.php?rest_route=\/wp\/v2\/posts\/3027\/revisions"}],"predecessor-version":[{"id":3033,"href":"https:\/\/www.agriatv.hu\/index.php?rest_route=\/wp\/v2\/posts\/3027\/revisions\/3033"}],"wp:attachment":[{"href":"https:\/\/www.agriatv.hu\/index.php?rest_route=%2Fwp%2Fv2%2Fmedia&parent=3027"}],"wp:term":[{"taxonomy":"category","embeddable":true,"href":"https:\/\/www.agriatv.hu\/index.php?rest_route=%2Fwp%2Fv2%2Fcategories&post=3027"},{"taxonomy":"post_tag","embeddable":true,"href":"https:\/\/www.agriatv.hu\/index.php?rest_route=%2Fwp%2Fv2%2Ftags&post=3027"}],"curies":[{"name":"wp","href":"https:\/\/api.w.org\/{rel}","templated":true}]}}