{"id":3035,"date":"2010-12-17T20:46:25","date_gmt":"2010-12-17T20:46:25","guid":{"rendered":"http:\/\/www.agriatv.hu\/?p=3035"},"modified":"2010-12-17T20:46:25","modified_gmt":"2010-12-17T20:46:25","slug":"leraztuk-vegre-a-torok-igat","status":"publish","type":"post","link":"https:\/\/www.agriatv.hu\/?p=3035","title":{"rendered":"Ler\u00e1ztuk v\u00e9gre a t\u00f6r\u00f6k ig\u00e1t"},"content":{"rendered":"<p><img loading=\"lazy\" decoding=\"async\" id=\"basePicture\" class=\"alignleft\" src=\"http:\/\/www.heol.hu\/lapokkepek\/kepgaleria\/1869000\/1869582_megem1.jpg\" alt=\"\" width=\"125\" height=\"92\" \/><strong>Korh\u0171 jelmezben, pontban d\u00e9lut\u00e1n \u00f6t \u00f3rakor vonultak be az Egri  Vit\u00e9zl\u0151 Oskola tagjai az egri Kis-Dob\u00f3 t\u00e9rre p\u00e9nteken, hogy  megeml\u00e9kezzenek a v\u00e1r \u00e9s a v\u00e1ros t\u00f6r\u00f6k uralom al\u00f3l val\u00f3 1687-es  felszabad\u00edt\u00e1s\u00e1nak \u00e9vfordul\u00f3j\u00e1r\u00f3l. <\/strong>Az Egyes\u00fclet Eger Idegenforgalm\u00e1\u00e9rt \u00e9s a vit\u00e9zl\u0151 oskol\u00e1sok k\u00f6z\u00f6s szervez\u00e9s\u00e9ben megtartott \u00fcnnepi esem\u00e9nyen <strong>dr. L\u00f6ffler Erzs\u00e9bet<\/strong>, az \u00c9rseki Gy\u0171jtem\u00e9nyi K\u00f6zpont igazgat\u00f3ja eml\u00e9kezett meg a 323 \u00e9vvel ezel\u0151tti esem\u00e9nyr\u0151l. A t\u00f6rt\u00e9n\u00e9sz-muzeol\u00f3gus eml\u00e9keztetett arra, hogy B\u00e9cs 1684-es  megt\u00e1mad\u00e1s\u00e1t k\u00f6vet\u0151en lett elege az osztr\u00e1koknak a t\u00f6r\u00f6k hader\u0151k  magyarorsz\u00e1gi uralm\u00e1b\u00f3l.<\/p>\n<p>Forr\u00e1s: Heol<\/p>\n","protected":false},"excerpt":{"rendered":"<p>Korh\u0171 jelmezben, pontban d\u00e9lut\u00e1n \u00f6t \u00f3rakor vonultak be az Egri  Vit\u00e9zl\u0151 Oskola tagjai az egri Kis-Dob\u00f3 t\u00e9rre p\u00e9nteken, hogy  megeml\u00e9kezzenek a v\u00e1r \u00e9s a v\u00e1ros t\u00f6r\u00f6k uralom al\u00f3l val\u00f3 1687-es  felszabad\u00edt\u00e1s\u00e1nak \u00e9vfordul\u00f3j\u00e1r\u00f3l. Az Egyes\u00fclet Eger Idegenforgalm\u00e1\u00e9rt \u00e9s a vit\u00e9zl\u0151 oskol\u00e1sok k\u00f6z\u00f6s szervez\u00e9s\u00e9ben megtartott \u00fcnnepi esem\u00e9nyen dr. L\u00f6ffler Erzs\u00e9bet, az \u00c9rseki Gy\u0171jtem\u00e9nyi K\u00f6zpont [&#8230;]<\/p>\n","protected":false},"author":4,"featured_media":0,"comment_status":"open","ping_status":"closed","sticky":false,"template":"","format":"standard","meta":{"footnotes":""},"categories":[8,4],"tags":[],"class_list":["post-3035","post","type-post","status-publish","format-standard","hentry","category-kultura","category-szabadido"],"_links":{"self":[{"href":"https:\/\/www.agriatv.hu\/index.php?rest_route=\/wp\/v2\/posts\/3035","targetHints":{"allow":["GET"]}}],"collection":[{"href":"https:\/\/www.agriatv.hu\/index.php?rest_route=\/wp\/v2\/posts"}],"about":[{"href":"https:\/\/www.agriatv.hu\/index.php?rest_route=\/wp\/v2\/types\/post"}],"author":[{"embeddable":true,"href":"https:\/\/www.agriatv.hu\/index.php?rest_route=\/wp\/v2\/users\/4"}],"replies":[{"embeddable":true,"href":"https:\/\/www.agriatv.hu\/index.php?rest_route=%2Fwp%2Fv2%2Fcomments&post=3035"}],"version-history":[{"count":2,"href":"https:\/\/www.agriatv.hu\/index.php?rest_route=\/wp\/v2\/posts\/3035\/revisions"}],"predecessor-version":[{"id":3037,"href":"https:\/\/www.agriatv.hu\/index.php?rest_route=\/wp\/v2\/posts\/3035\/revisions\/3037"}],"wp:attachment":[{"href":"https:\/\/www.agriatv.hu\/index.php?rest_route=%2Fwp%2Fv2%2Fmedia&parent=3035"}],"wp:term":[{"taxonomy":"category","embeddable":true,"href":"https:\/\/www.agriatv.hu\/index.php?rest_route=%2Fwp%2Fv2%2Fcategories&post=3035"},{"taxonomy":"post_tag","embeddable":true,"href":"https:\/\/www.agriatv.hu\/index.php?rest_route=%2Fwp%2Fv2%2Ftags&post=3035"}],"curies":[{"name":"wp","href":"https:\/\/api.w.org\/{rel}","templated":true}]}}