{"id":3038,"date":"2010-12-19T15:20:46","date_gmt":"2010-12-19T15:20:46","guid":{"rendered":"http:\/\/www.agriatv.hu\/?p=3038"},"modified":"2010-12-19T15:20:46","modified_gmt":"2010-12-19T15:20:46","slug":"lenullazva","status":"publish","type":"post","link":"https:\/\/www.agriatv.hu\/?p=3038","title":{"rendered":"Lenull\u00e1zva"},"content":{"rendered":"<p><img loading=\"lazy\" decoding=\"async\" class=\"alignleft\" src=\"http:\/\/www.egriszin.hu\/RenderedContents\/IndexImages\/6\/6993-20101218190949-egerrij.jpg\" alt=\"\" width=\"150\" height=\"97\" \/><strong>H\u00e1rom fordul\u00f3t k\u00f6vet\u0151en nulla ponttal \u00e1ll a ZF-Eger az  Eurolig\u00e1ban. A Bitskey Alad\u00e1r Uszod\u00e1ban a Vasas elleni bajnoki gy\u0151zelmet  k\u00f6vet\u0151en mindenki b\u00edzott a sikerben, \u00e1m a Rijeka k\u00f6nnyed\u00e9n verte a  magyar egy\u00fcttest a ma esti rangad\u00f3n.<\/strong><\/p>\n<div>Legy\u0151zni a Rijek\u00e1t itthon \u00e9s  Horv\u00e1torsz\u00e1gban is! Ezzel a tettel tudja saj\u00e1t kez\u00e9ben tartani sors\u00e1t a  ZF-Eger egy\u00fcttese, amely k\u00e9t veres\u00e9ggel kezdte az Eurolig\u00e1t. A sorozat  harmadik fordul\u00f3j\u00e1t rendezik ezen a h\u00e9tv\u00e9g\u00e9n, ahol ma este az egy  gy\u0151zelemmel \u00e1ll\u00f3 Rijeka l\u00e1togatott a Bitskey Alad\u00e1r Uszod\u00e1ba. A ny\u00e1ron  t\u00f6bbek k\u00f6z\u00f6tt a Varga-fiv\u00e9rekkel \u00e9s Javier Garci\u00e1val er\u0151s\u00edt\u0151 vend\u00e9gek  egy esetleges gy\u0151zelem eset\u00e9n k\u00f6zvetlen a Jug Dubrovnik m\u00f6g\u00e9 ker\u00fclhettek  volna a t\u00e1bl\u00e1zaton, s ebben az esetben az Egernek is csak matematikai  es\u00e9lye maradt volna a tov\u00e1bbl\u00e9p\u00e9sre. B\u00e1r n\u00e9h\u00e1ny j\u00e1t\u00e9kos szerepeltet\u00e9se a  h\u00e9tk\u00f6zi betegs\u00e9gek miatt k\u00e9rd\u00e9ses volt, \u00e1m a t\u00e9tnek megfelel\u0151en mindk\u00e9t  egy\u00fcttes a legjobb \u00f6ssze\u00e1ll\u00edt\u00e1s\u00e1ban v\u00e1gott neki az \u00fctk\u00f6zetnek.<\/div>\n<div>A  kezd\u00e9s el\u0151tt Ulrich Diller a ZF \u00fcgyvezet\u0151 eln\u00f6ke k\u00f6sz\u00f6nt\u00f6tte Kar\u00e1csony  alkalm\u00e1b\u00f3l Kriszti\u00e1nt, a csapat mozg\u00e1ss\u00e9r\u00fclt szurkol\u00f3j\u00e1t, aki \u00e9vek \u00f3ta  kint van az egriek meccsein. Az igazi aj\u00e1nd\u00e9kot azonban egy esetleges  sikerrel tudta volna teljess\u00e9 tenni a Gerend\u00e1s leg\u00e9nys\u00e9g.<\/div>\n<div>1. negyed:<\/div>\n<div>M\u00e1sf\u00e9l  perc eltelt\u00e9vel Varga D\u00e1niel k\u00f6sz\u00f6nt be v\u00e1logatottbeli t\u00e1rs\u00e1nak \u00e9s az  egri publikumnak, Sz\u00e9csi f\u00f6l\u00f6tt emelte a labd\u00e1t a kapuba 0:1. Egy  meg\u00fasz\u00e1s ut\u00e1n ism\u00e9t \u0151 szerezhetett volna g\u00f3lt, de ez\u00fattal a kapus j\u00e1rt  t\u00fal ellenfele esz\u00e9n. Varga D\u00e9nes seg\u00edtette ki testv\u00e9r\u00e9t \u00e9s dupl\u00e1zta meg a  horv\u00e1t g\u00f3lok sz\u00e1m\u00e1t emberel\u0151nyb\u0151l 0:2. A mieink k\u00f6zben elpusk\u00e1ztak  h\u00e1rom emberel\u0151nyt, s Biros \u00f6t\u00f6sb\u0151l is f\u00f6l\u00e9 pattintott. Javier Garcia  b\u00fcntetett, \u00edgy 6 perc ut\u00e1n tekint\u00e9lyes el\u0151nyh\u00f6z jutottak a vend\u00e9gek 0:3.  Az egriek legink\u00e1bb Sz\u00e9csinek k\u00f6sz\u00f6nhett\u00e9k, hogy nem lett ett\u0151l is  nagyobb a k\u00fcl\u00f6nbs\u00e9g, Varga D\u00e1niel ugyanis \u00fajabb ziccert hib\u00e1zott a  v\u00e9g\u00e9n.<\/div>\n<div>2. negyed:<\/div>\n<div>Magyar  g\u00f3lokb\u00f3l nem volt hi\u00e1ny, f\u00e1jdalom a m\u00e1sodik nyolc perc elej\u00e9n is vend\u00e9g  oldalr\u00f3l \u00e9rkezett. Varga D\u00e9nes p\u00f3kh\u00e1l\u00f3zta ki a bal fels\u0151 sarkot 0:4.  M\u00edg mi az \u00f6t\u00f6dik el\u0151nyt hagytuk kihaszn\u00e1latlanul, addig Beltrame az  \u00f6t\u00f6dik Rijeka g\u00f3lt jegyezte 0:5. Borzaszt\u00f3 kezd\u00e9s\u2026 A hatodik f\u00f3rn\u00e1l  Gerend\u00e1s Gy\u00f6rgy id\u0151t k\u00e9rt, de az edz\u0151i szavak tov\u00e1bbra sem vezettek  eredm\u00e9nyre. A m\u00e9rk\u0151z\u00e9s fel\u00e9ig kellett v\u00e1rni az els\u0151 hazai g\u00f3lra, amikor  Hosny\u00e1nszkynak v\u00e9gre els\u00fclt a keze 1:5. Akci\u00f3b\u00f3l sz\u00e9p\u00edtett\u00fcnk, de sok  \u00f6r\u00f6mre nem volt ok, Jelaca megmutatta, hogyan kell az el\u0151nyt g\u00f3lra  v\u00e1ltani 1:6. M\u00e9g egy Heged\u00fcs tal\u00e1lat f\u00e9rt bele az els\u0151 f\u00e9lid\u0151be, \u00edgy  6:2-es Rijeka vezet\u00e9ssel v\u00e1rhattuk a folytat\u00e1st.<\/div>\n<div>3. negyed:<\/div>\n<div>Egri  tan\u00e1cstalans\u00e1g, Tiskivski \u00e9s Jelaca g\u00f3llal kezd\u0151d\u00f6tt a j\u00e1t\u00e9kr\u00e9sz, nem  tal\u00e1ltuk a fog\u00e1st a Rijek\u00e1n, a n\u00e9z\u0151t\u00e9ren pedig d\u00f6bbent csend lett \u00farr\u00e1  2:8. Hosny\u00e1nszky g\u00f3lja sz\u00f3rv\u00e1nyos tapsot eredm\u00e9nyezett 3:8. Kicsivel  k\u00e9s\u0151bb \u00fajb\u00f3l \u0151 volt eredm\u00e9nyes, ez\u00fattal b\u00fcntet\u0151b\u0151l 4:8. Biros P\u00e9ter n\u00e9mi  rem\u00e9nyt csillantott fel, \u00e1tl\u00f6v\u00e9se ut\u00e1n h\u00e1romra j\u00f6tt fel a ZF-Eger 5:8.  Sok \u00f6r\u00f6mre m\u00e9gsem volt ok, Tiskivski verte vissza a felz\u00e1rk\u00f3z\u00e1si  k\u00eds\u00e9rletet 5:9.<\/div>\n<div>4. negyed:<\/div>\n<div>Nem  meglep\u0151 m\u00f3don kihagyott el\u0151nnyel ind\u00edtottunk, a horv\u00e1tok viszont nem  tett\u00e9k meg ugyanezt a sz\u00edvess\u00e9get, s Frankovic tal\u00e1lata gyakorlatilag  formalit\u00e1ss\u00e1 tette a h\u00e1tral\u00e9v\u0151 h\u00e9t percet 5:10. Rengeteg hib\u00e1val  j\u00e1tszottunk tov\u00e1bbra is, a marad\u00e9k \u00f6nbizalom is elsz\u00e1llt az egri  j\u00e1t\u00e9kosokb\u00f3l. Eladott labd\u00e1k, pontatlan passzok, eredm\u00e9nytelen akci\u00f3k  tett\u00e9k teljesen hitehagyott\u00e1 a publikumot. Graham \u00e9s Garcia g\u00f3lv\u00e1lt\u00e1sa  m\u00e1r nem jelentett nagy v\u00e1ltoz\u00e1st, sim\u00e1n gy\u0151ztek a horv\u00e1tok 6:11<\/div>\n<div>\n<div><strong>Euroliga, D-csoport, 3. fordul\u00f3<\/strong><\/div>\n<div><strong>ZF-Eger \u2013 Primorje Rijeka 6\u201311 (0-3, 2-3, 3-3, 1-2)<\/strong><\/div>\n<div>Eger, Bitskey-uszoda 1500 n\u00e9z\u0151. J\u00e1t\u00e9kvezet\u0151k: Galkin (orosz), Taylan (t\u00f6r\u00f6k)<\/div>\n<div><strong>ZF-Eger:<\/strong>Sz\u00e9csi  &#8211; Graham 1, Biros 1, Bundschuh, Kis G., HOSNY\u00c1NSZKY 3, Heged\u00fcs 1.  Cser\u00e9k: Varga Zs., Binder, Feltham, Kov\u00e1cs G., Kotszidisz. Edz\u0151k:  Gerend\u00e1s Gy\u00f6rgy, T\u00f3th K\u00e1lm\u00e1n<\/div>\n<div><strong>Primorje Rijeka: <\/strong>CAR  &#8211; Glavan, VARGA D\u00c9NES 2, Paskvalin, Varga D\u00e1niel 1, Barac, J. GARCIA 2.  Cser\u00e9k: Krapic, Frankovic 1, Tiskivski 2, JELACA 2, Beltrame 1, Brala.  Edz\u0151: Zoran Roje<\/div>\n<div><strong>Mesterm\u00e9rleg: <\/strong><\/div>\n<\/div>\n<div><strong>Gerend\u00e1s Gy\u00f6rgy: <\/strong>G\u0151z\u00f6m  nincs mi t\u00f6rt\u00e9nt, a Rijeka egy j\u00f3 csapat, ezt l\u00e1ttuk. Ha j\u00e1tszan\u00e1nak  \u00f6tsz\u00f6r a Komj\u00e1diban a Vasassal, h\u00e1romszor-n\u00e9gyszer a Vasas nyerne. Mi  ezt \u00a0Vasast par\u00e1d\u00e9s j\u00e1t\u00e9kkal megvert\u00fck. Nem foghatjuk semmire. \u0150szint\u00e9n  megmondom, nem tudom mi\u00e9rt kaptunk ki \u00edgy. Olyan j\u00f3 csapatom van,  amilyen itt m\u00e9g Egerben soha nem volt. L\u00e1tom a fi\u00fakban, hogy borzaszt\u00f3an  akarnak, azt kell megatal\u00e1lni ami p\u00e1rosul a hasznos j\u00e1t\u00e9kkal. Meg  voltak a helyzeteink. A csapat m\u00e9g nincs j\u00f3 form\u00e1ban. Meg kell tanulni  eredm\u00e9nyesen j\u00e1tszani, akkor is, ha nem j\u00e1tszunk j\u00f3l. Ey feladatunk van.  Egyilyen pocs\u00e9k meccs ut\u00e1n nem akarok a csod\u00e1ban b\u00edzni. A csapatomban  szeretn\u00e9k, s szeretn\u00e9m ha a csapatom is bennem b\u00edzna. A k\u00f6z\u00f6ns\u00e9g  bizalm\u00e1t is szeretn\u00e9nk visszaszerezni. Az Euroliga elment, \u00fagy gondolom,  hogy a k\u00f6vetkez\u0151 h\u00e1rom meccset haszn\u00e1ljuk fel arra, ahol m\u00e9g talpon  vagyunk, vagyis a magyar bajnoks\u00e1gban. Volt m\u00e1r n\u00e9h\u00e1ny pocs\u00e9k \u00e9vem  edz\u0151k\u00e9nt, de a v\u00e9g\u00e9re mindig \u00f6sszekaptam a csapatot.<\/div>\n<div><strong>Zoran Roje:<\/strong> Rendk\u00edv\u00fcl koncentr\u00e1ltan j\u00e1tszottunk, \u00e9s meglep\u0151en sim\u00e1n nyert\u00fcnk.  Tiszt\u00e1ban vagyunk azzal, hogy az Eger jobb csapat ann\u00e1l, mint amit ma  bemutatott. A tov\u00e1bbjut\u00e1s fel\u00e9 nagy l\u00e9p\u00e9st tett\u00fcnk, a nagy k\u00fcl\u00f6nbs\u00e9g\u0171  idegenbeli gy\u0151zelem nagyon sokat sz\u00e1m\u00edt. Gratul\u00e1lok csapatomnak.<\/div>\n<div>fot\u00f3: Zagyi Tibor<\/div>\n<div>Forr\u00e1s: <a href=\"http:\/\/egriszin.hu\">Egrisz\u00edn<\/a><\/div>\n","protected":false},"excerpt":{"rendered":"<p>H\u00e1rom fordul\u00f3t k\u00f6vet\u0151en nulla ponttal \u00e1ll a ZF-Eger az  Eurolig\u00e1ban. A Bitskey Alad\u00e1r Uszod\u00e1ban a Vasas elleni bajnoki gy\u0151zelmet  k\u00f6vet\u0151en mindenki b\u00edzott a sikerben, \u00e1m a Rijeka k\u00f6nnyed\u00e9n verte a  magyar egy\u00fcttest a ma esti rangad\u00f3n.<br \/>\nLegy\u0151zni a Rijek\u00e1t itthon \u00e9s  Horv\u00e1torsz\u00e1gban is! Ezzel a tettel tudja saj\u00e1t kez\u00e9ben tartani sors\u00e1t a [&#8230;]<\/p>\n","protected":false},"author":4,"featured_media":0,"comment_status":"open","ping_status":"closed","sticky":false,"template":"","format":"standard","meta":{"footnotes":""},"categories":[11],"tags":[],"class_list":["post-3038","post","type-post","status-publish","format-standard","hentry","category-sport"],"_links":{"self":[{"href":"https:\/\/www.agriatv.hu\/index.php?rest_route=\/wp\/v2\/posts\/3038","targetHints":{"allow":["GET"]}}],"collection":[{"href":"https:\/\/www.agriatv.hu\/index.php?rest_route=\/wp\/v2\/posts"}],"about":[{"href":"https:\/\/www.agriatv.hu\/index.php?rest_route=\/wp\/v2\/types\/post"}],"author":[{"embeddable":true,"href":"https:\/\/www.agriatv.hu\/index.php?rest_route=\/wp\/v2\/users\/4"}],"replies":[{"embeddable":true,"href":"https:\/\/www.agriatv.hu\/index.php?rest_route=%2Fwp%2Fv2%2Fcomments&post=3038"}],"version-history":[{"count":2,"href":"https:\/\/www.agriatv.hu\/index.php?rest_route=\/wp\/v2\/posts\/3038\/revisions"}],"predecessor-version":[{"id":3040,"href":"https:\/\/www.agriatv.hu\/index.php?rest_route=\/wp\/v2\/posts\/3038\/revisions\/3040"}],"wp:attachment":[{"href":"https:\/\/www.agriatv.hu\/index.php?rest_route=%2Fwp%2Fv2%2Fmedia&parent=3038"}],"wp:term":[{"taxonomy":"category","embeddable":true,"href":"https:\/\/www.agriatv.hu\/index.php?rest_route=%2Fwp%2Fv2%2Fcategories&post=3038"},{"taxonomy":"post_tag","embeddable":true,"href":"https:\/\/www.agriatv.hu\/index.php?rest_route=%2Fwp%2Fv2%2Ftags&post=3038"}],"curies":[{"name":"wp","href":"https:\/\/api.w.org\/{rel}","templated":true}]}}