{"id":3043,"date":"2010-12-20T15:33:44","date_gmt":"2010-12-20T15:33:44","guid":{"rendered":"http:\/\/www.agriatv.hu\/?p=3043"},"modified":"2010-12-20T15:33:44","modified_gmt":"2010-12-20T15:33:44","slug":"ujra-jelentkezik-a-hirlap-szinhaz","status":"publish","type":"post","link":"https:\/\/www.agriatv.hu\/?p=3043","title":{"rendered":"\u00dajra jelentkezik a H\u00edrlap-Sz\u00ednh\u00e1z"},"content":{"rendered":"<p><img loading=\"lazy\" decoding=\"async\" class=\"alignleft\" src=\"http:\/\/www.egriszin.hu\/RenderedContents\/IndexImages\/7\/7001-20101220120904-szinhaz.jpg\" alt=\"\" width=\"150\" height=\"117\" \/><strong>Ma este ism\u00e9t H\u00edrlap-Sz\u00ednh\u00e1zzal v\u00e1rja a k\u00f6z\u00f6ns\u00e9get az egri  G\u00e1rdonyi G\u00e9za Sz\u00ednh\u00e1z t\u00e1rsulata. Az \u00fajs\u00e1gh\u00edreket a st\u00fadi\u00f3sz\u00ednpadon  megjelen\u00edt\u0151 sz\u00ednj\u00e1t\u00e9kot eddig kilenc alkalommal rendezte meg M\u00e1t\u00e9 G\u00e1bor.<\/strong><\/p>\n<div>A Heves Megyei H\u00edrlap mai sz\u00e1m\u00e1b\u00f3l v\u00e1lasztja ki azt  az aktu\u00e1lis t\u00e9m\u00e1t a Kossuth-d\u00edjas M\u00e1t\u00e9 G\u00e1bor rendez\u0151, amelyb\u0151l csup\u00e1n  n\u00e9h\u00e1ny pr\u00f3ba ut\u00e1n el\u0151ad\u00e1s sz\u00fcletik ma este. Az el\u0151ad\u00e1st m\u00e1r megh\u00edvt\u00e1k a  POSZT-ra is (P\u00e9csi Orsz\u00e1gos Sz\u00ednh\u00e1zi Tal\u00e1lkoz\u00f3), ahol hasonl\u00f3an nagy  sikert aratott, mind a szakma, mind a k\u00f6z\u00f6ns\u00e9g r\u00e9sz\u00e9r\u0151l, mint az egri  bemutat\u00f3kon.<\/div>\n<div>\n<p>Ma este 7 \u00f3rakor teh\u00e1t  \u00fajra a H\u00edrlap-Sz\u00ednh\u00e1z a G\u00e1rdonyi G\u00e9za Sz\u00ednh\u00e1z st\u00fadi\u00f3sz\u00ednpad\u00e1n, ahol a  t\u00e1rsulat t\u00fckr\u00f6t tart a vil\u00e1g el\u00e9, s rem\u00e9lhet\u0151leg megnevetteti a  k\u00f6z\u00f6ns\u00e9get.<\/p><\/div>\n","protected":false},"excerpt":{"rendered":"<p>Ma este ism\u00e9t H\u00edrlap-Sz\u00ednh\u00e1zzal v\u00e1rja a k\u00f6z\u00f6ns\u00e9get az egri  G\u00e1rdonyi G\u00e9za Sz\u00ednh\u00e1z t\u00e1rsulata. Az \u00fajs\u00e1gh\u00edreket a st\u00fadi\u00f3sz\u00ednpadon  megjelen\u00edt\u0151 sz\u00ednj\u00e1t\u00e9kot eddig kilenc alkalommal rendezte meg M\u00e1t\u00e9 G\u00e1bor.<br \/>\nA Heves Megyei H\u00edrlap mai sz\u00e1m\u00e1b\u00f3l v\u00e1lasztja ki azt  az aktu\u00e1lis t\u00e9m\u00e1t a Kossuth-d\u00edjas M\u00e1t\u00e9 G\u00e1bor rendez\u0151, amelyb\u0151l csup\u00e1n  n\u00e9h\u00e1ny pr\u00f3ba ut\u00e1n el\u0151ad\u00e1s sz\u00fcletik ma este. [&#8230;]<\/p>\n","protected":false},"author":4,"featured_media":0,"comment_status":"open","ping_status":"closed","sticky":false,"template":"","format":"standard","meta":{"footnotes":""},"categories":[8,4],"tags":[],"class_list":["post-3043","post","type-post","status-publish","format-standard","hentry","category-kultura","category-szabadido"],"_links":{"self":[{"href":"https:\/\/www.agriatv.hu\/index.php?rest_route=\/wp\/v2\/posts\/3043","targetHints":{"allow":["GET"]}}],"collection":[{"href":"https:\/\/www.agriatv.hu\/index.php?rest_route=\/wp\/v2\/posts"}],"about":[{"href":"https:\/\/www.agriatv.hu\/index.php?rest_route=\/wp\/v2\/types\/post"}],"author":[{"embeddable":true,"href":"https:\/\/www.agriatv.hu\/index.php?rest_route=\/wp\/v2\/users\/4"}],"replies":[{"embeddable":true,"href":"https:\/\/www.agriatv.hu\/index.php?rest_route=%2Fwp%2Fv2%2Fcomments&post=3043"}],"version-history":[{"count":1,"href":"https:\/\/www.agriatv.hu\/index.php?rest_route=\/wp\/v2\/posts\/3043\/revisions"}],"predecessor-version":[{"id":3044,"href":"https:\/\/www.agriatv.hu\/index.php?rest_route=\/wp\/v2\/posts\/3043\/revisions\/3044"}],"wp:attachment":[{"href":"https:\/\/www.agriatv.hu\/index.php?rest_route=%2Fwp%2Fv2%2Fmedia&parent=3043"}],"wp:term":[{"taxonomy":"category","embeddable":true,"href":"https:\/\/www.agriatv.hu\/index.php?rest_route=%2Fwp%2Fv2%2Fcategories&post=3043"},{"taxonomy":"post_tag","embeddable":true,"href":"https:\/\/www.agriatv.hu\/index.php?rest_route=%2Fwp%2Fv2%2Ftags&post=3043"}],"curies":[{"name":"wp","href":"https:\/\/api.w.org\/{rel}","templated":true}]}}