{"id":3045,"date":"2010-12-20T15:35:20","date_gmt":"2010-12-20T15:35:20","guid":{"rendered":"http:\/\/www.agriatv.hu\/?p=3045"},"modified":"2010-12-20T15:35:20","modified_gmt":"2010-12-20T15:35:20","slug":"jutalmazzak-a-rendoroket","status":"publish","type":"post","link":"https:\/\/www.agriatv.hu\/?p=3045","title":{"rendered":"Jutalmazz\u00e1k a rend\u0151r\u00f6ket"},"content":{"rendered":"<p><img loading=\"lazy\" decoding=\"async\" class=\"alignleft\" src=\"http:\/\/www.egriszin.hu\/RenderedContents\/IndexImages\/7\/7003-20101220130510-rendor_logo.jpg\" alt=\"\" width=\"129\" height=\"150\" \/><strong>A Heves Megyei Baleset-megel\u0151z\u00e9si Bizotts\u00e1g valamint a Magyar  Aut\u00f3klub  2005-ben k\u00f6t\u00f6tt egy\u00fcttm\u0171k\u00f6d\u00e9si meg\u00e1llapod\u00e1sa \u00f3ta minden \u00e9vben  jutalomban  r\u00e9szes\u00fclnek a kimagasl\u00f3 munk\u00e1t v\u00e9gz\u0151 k\u00f6zleked\u00e9srend\u00e9szeti  ter\u00fcleten  szolg\u00e1latot ell\u00e1t\u00f3 rend\u0151r\u00f6k. Az idei d\u00edj\u00e1tad\u00f3 a Dob\u00f3 t\u00e9ren  lesz  Szilveszter napj\u00e1n d\u00e9lel\u0151tt 10 \u00f3rakor.<\/strong><\/p>\n<p>A 2005-\u00f6s egy\u00fcttm\u0171k\u00f6d\u00e9si meg\u00e1llapod\u00e1s a balesetek  sz\u00e1m\u00e1nak visszaszor\u00edt\u00e1sa, a k\u00f6zleked\u00e9si mor\u00e1l jav\u00edt\u00e1sa, a k\u00f6zleked\u00e9sre  nevel\u00e9s hat\u00e9konys\u00e1g\u00e1nak n\u00f6vel\u00e9se, tov\u00e1bb\u00e1 a sz\u00e9lesk\u00f6r\u0171, magas sz\u00ednvonal\u00fa  figyelemfelh\u00edv\u00f3 \u00e9s t\u00e1j\u00e9koztat\u00f3 propagandamunka v\u00e9gz\u00e9se \u00e9rdek\u00e9ben j\u00f6tt  l\u00e9tre. A meg\u00e1llapod\u00e1s \u00e9rtelm\u00e9ben a Magyar Aut\u00f3klub \u00c9szak-Magyarorsz\u00e1gi  Ter\u00fcleti szervezete minden \u00e9v december\u00e9ben &#8211; az MBB javaslata alapj\u00e1n &#8211;  jutalomban r\u00e9szes\u00edti a kimagasl\u00f3 munk\u00e1t v\u00e9gz\u0151 k\u00f6zleked\u00e9srend\u00e9szeti  ter\u00fcleten szolg\u00e1latot ell\u00e1t\u00f3 rend\u0151r\u00f6ket. Az idei esztend\u0151ben a Gy\u00f6ngy\u00f6si  Rk illet\u00e9kess\u00e9gi ter\u00fclet\u00e9r\u0151l J\u00f3n\u00e1s \u00c1d\u00e1m r. f\u0151t\u00f6rzs\u0151rmester, a Gy\u00f6ngy\u00f6si  Rk. K\u00f6zleked\u00e9srend\u00e9szeti Aloszt\u00e1ly forgalomellen\u0151rz\u0151 j\u00e1r\u0151re, a  F\u00fczesabonyi Rk. illet\u00e9kess\u00e9gi ter\u00fclet\u00e9r\u0151l pedig Kiss Zolt\u00e1n r.  f\u0151t\u00f6rzsz\u00e1szl\u00f3s, a F\u00fczesabonyi Rk. K\u00f6zleked\u00e9srend\u00e9szeti Aloszt\u00e1ly baleset  helysz\u00ednel\u0151-vizsg\u00e1l\u00f3ja r\u00e9szes\u00fcl jutalomban.<\/p>\n","protected":false},"excerpt":{"rendered":"<p>A Heves Megyei Baleset-megel\u0151z\u00e9si Bizotts\u00e1g valamint a Magyar  Aut\u00f3klub  2005-ben k\u00f6t\u00f6tt egy\u00fcttm\u0171k\u00f6d\u00e9si meg\u00e1llapod\u00e1sa \u00f3ta minden \u00e9vben  jutalomban  r\u00e9szes\u00fclnek a kimagasl\u00f3 munk\u00e1t v\u00e9gz\u0151 k\u00f6zleked\u00e9srend\u00e9szeti  ter\u00fcleten  szolg\u00e1latot ell\u00e1t\u00f3 rend\u0151r\u00f6k. Az idei d\u00edj\u00e1tad\u00f3 a Dob\u00f3 t\u00e9ren  lesz  Szilveszter napj\u00e1n d\u00e9lel\u0151tt 10 \u00f3rakor.<br \/>\nA 2005-\u00f6s egy\u00fcttm\u0171k\u00f6d\u00e9si meg\u00e1llapod\u00e1s a balesetek  sz\u00e1m\u00e1nak visszaszor\u00edt\u00e1sa, [&#8230;]<\/p>\n","protected":false},"author":4,"featured_media":0,"comment_status":"open","ping_status":"closed","sticky":false,"template":"","format":"standard","meta":{"footnotes":""},"categories":[5],"tags":[],"class_list":["post-3045","post","type-post","status-publish","format-standard","hentry","category-kek-hirek"],"_links":{"self":[{"href":"https:\/\/www.agriatv.hu\/index.php?rest_route=\/wp\/v2\/posts\/3045","targetHints":{"allow":["GET"]}}],"collection":[{"href":"https:\/\/www.agriatv.hu\/index.php?rest_route=\/wp\/v2\/posts"}],"about":[{"href":"https:\/\/www.agriatv.hu\/index.php?rest_route=\/wp\/v2\/types\/post"}],"author":[{"embeddable":true,"href":"https:\/\/www.agriatv.hu\/index.php?rest_route=\/wp\/v2\/users\/4"}],"replies":[{"embeddable":true,"href":"https:\/\/www.agriatv.hu\/index.php?rest_route=%2Fwp%2Fv2%2Fcomments&post=3045"}],"version-history":[{"count":1,"href":"https:\/\/www.agriatv.hu\/index.php?rest_route=\/wp\/v2\/posts\/3045\/revisions"}],"predecessor-version":[{"id":3046,"href":"https:\/\/www.agriatv.hu\/index.php?rest_route=\/wp\/v2\/posts\/3045\/revisions\/3046"}],"wp:attachment":[{"href":"https:\/\/www.agriatv.hu\/index.php?rest_route=%2Fwp%2Fv2%2Fmedia&parent=3045"}],"wp:term":[{"taxonomy":"category","embeddable":true,"href":"https:\/\/www.agriatv.hu\/index.php?rest_route=%2Fwp%2Fv2%2Fcategories&post=3045"},{"taxonomy":"post_tag","embeddable":true,"href":"https:\/\/www.agriatv.hu\/index.php?rest_route=%2Fwp%2Fv2%2Ftags&post=3045"}],"curies":[{"name":"wp","href":"https:\/\/api.w.org\/{rel}","templated":true}]}}