{"id":3047,"date":"2010-12-20T15:36:58","date_gmt":"2010-12-20T15:36:58","guid":{"rendered":"http:\/\/www.agriatv.hu\/?p=3047"},"modified":"2010-12-20T15:36:58","modified_gmt":"2010-12-20T15:36:58","slug":"vigyaztak-a-soforok-nem-volt-szemelyi-serulessel-jaro-baleset-egerben","status":"publish","type":"post","link":"https:\/\/www.agriatv.hu\/?p=3047","title":{"rendered":"Vigy\u00e1ztak a sof\u0151r\u00f6k: nem volt szem\u00e9lyi s\u00e9r\u00fcl\u00e9ssel j\u00e1r\u00f3 baleset Egerben"},"content":{"rendered":"<p><img loading=\"lazy\" decoding=\"async\" class=\"alignleft\" src=\"http:\/\/www.egriszin.hu\/RenderedContents\/IndexImages\/7\/7004-20101220135112-SANY0826.JPG\" alt=\"\" width=\"150\" height=\"113\" \/><strong>Az elm\u00falt h\u00e9tv\u00e9g\u00e9n (p\u00e9nteken, szombaton \u00e9s vas\u00e1rnap) a Rend\u0151rs\u00e9g   \u00f6sszesen 490 k\u00f6z\u00fati k\u00f6zleked\u00e9si baleset sor\u00e1n int\u00e9zkedett. Ebb\u0151l 2   k\u00f6zleked\u00e9si baleset 2 hal\u00e1los \u00e1ldozatot k\u00f6vetelt, 34 s\u00falyos, 89 pedig   k\u00f6nny\u0171 s\u00e9r\u00fcl\u00e9ssel j\u00e1rt. <\/strong><\/p>\n<p>Ezeken fel\u00fcl 365 szem\u00e9lyi s\u00e9r\u00fcl\u00e9s n\u00e9lk\u00fcli, anyagi  k\u00e1rral j\u00e1r\u00f3 baleset t\u00f6rt\u00e9nt. A F\u0151bb baleseti okok egyr\u00e9szt az \u00fat- \u00e9s  l\u00e1t\u00e1si viszonyoknak nem megfelel\u0151 sebess\u00e9g v\u00e1laszt\u00e1sa volt, m\u00e1sr\u00e9szt  pedig az, hogy m\u00e9g mindig sokan ny\u00e1ri gumival k\u00f6zlekednek. A k\u00f6z\u00fati  ellen\u0151rz\u00e9sek sor\u00e1n 94 esetben sz\u00ednez\u0151d\u00f6tt el a szonda. A h\u00e9tv\u00e9g\u00e9n 61  k\u00f6r\u00f6z\u00f6tt szem\u00e9lyt fogtak el a rend\u0151r\u00f6k, 116 f\u0151t \u00e9rtek tetten \u00e9s 130  szem\u00e9lyt \u00e1ll\u00edtottak el\u0151 b\u0171ncselekm\u00e9ny elk\u00f6vet\u00e9s\u00e9nek gyan\u00faj\u00e1val.  Megy\u00e9nkben az Egri- \u00e9s a Gy\u00f6ngy\u00f6si Rend\u0151rkapit\u00e1nys\u00e1g illet\u00e9kess\u00e9gi  ter\u00fclet\u00e9n 3-3, a f\u00fczesabonyin pedig 1 anyagi k\u00e1rral j\u00e1r\u00f3 baleset  t\u00f6rt\u00e9nt. K\u00f6nny\u0171 s\u00e9r\u00fcl\u00e9ssel j\u00e1r\u00f3 balesetb\u0151l mind\u00f6ssze egy volt, a  Gy\u00f6ngy\u00f6si Rend\u0151rkapit\u00e1nys\u00e1g illet\u00e9kess\u00e9gi ter\u00fclet\u00e9n \u2013 tudtuk meg Solt\u00e9sz  B\u00e1lint sajt\u00f3sz\u00f3viv\u0151t\u0151l.<\/p>\n<p>Forr\u00e1s: <a href=\"http:\/\/egriszin.hu\">Egrisz\u00edn<\/a><\/p>\n","protected":false},"excerpt":{"rendered":"<p>Az elm\u00falt h\u00e9tv\u00e9g\u00e9n (p\u00e9nteken, szombaton \u00e9s vas\u00e1rnap) a Rend\u0151rs\u00e9g   \u00f6sszesen 490 k\u00f6z\u00fati k\u00f6zleked\u00e9si baleset sor\u00e1n int\u00e9zkedett. Ebb\u0151l 2   k\u00f6zleked\u00e9si baleset 2 hal\u00e1los \u00e1ldozatot k\u00f6vetelt, 34 s\u00falyos, 89 pedig   k\u00f6nny\u0171 s\u00e9r\u00fcl\u00e9ssel j\u00e1rt.<br \/>\nEzeken fel\u00fcl 365 szem\u00e9lyi s\u00e9r\u00fcl\u00e9s n\u00e9lk\u00fcli, anyagi  k\u00e1rral j\u00e1r\u00f3 baleset t\u00f6rt\u00e9nt. A F\u0151bb baleseti okok egyr\u00e9szt az [&#8230;]<\/p>\n","protected":false},"author":4,"featured_media":0,"comment_status":"open","ping_status":"closed","sticky":false,"template":"","format":"standard","meta":{"footnotes":""},"categories":[5],"tags":[],"class_list":["post-3047","post","type-post","status-publish","format-standard","hentry","category-kek-hirek"],"_links":{"self":[{"href":"https:\/\/www.agriatv.hu\/index.php?rest_route=\/wp\/v2\/posts\/3047","targetHints":{"allow":["GET"]}}],"collection":[{"href":"https:\/\/www.agriatv.hu\/index.php?rest_route=\/wp\/v2\/posts"}],"about":[{"href":"https:\/\/www.agriatv.hu\/index.php?rest_route=\/wp\/v2\/types\/post"}],"author":[{"embeddable":true,"href":"https:\/\/www.agriatv.hu\/index.php?rest_route=\/wp\/v2\/users\/4"}],"replies":[{"embeddable":true,"href":"https:\/\/www.agriatv.hu\/index.php?rest_route=%2Fwp%2Fv2%2Fcomments&post=3047"}],"version-history":[{"count":1,"href":"https:\/\/www.agriatv.hu\/index.php?rest_route=\/wp\/v2\/posts\/3047\/revisions"}],"predecessor-version":[{"id":3048,"href":"https:\/\/www.agriatv.hu\/index.php?rest_route=\/wp\/v2\/posts\/3047\/revisions\/3048"}],"wp:attachment":[{"href":"https:\/\/www.agriatv.hu\/index.php?rest_route=%2Fwp%2Fv2%2Fmedia&parent=3047"}],"wp:term":[{"taxonomy":"category","embeddable":true,"href":"https:\/\/www.agriatv.hu\/index.php?rest_route=%2Fwp%2Fv2%2Fcategories&post=3047"},{"taxonomy":"post_tag","embeddable":true,"href":"https:\/\/www.agriatv.hu\/index.php?rest_route=%2Fwp%2Fv2%2Ftags&post=3047"}],"curies":[{"name":"wp","href":"https:\/\/api.w.org\/{rel}","templated":true}]}}