{"id":305,"date":"2010-07-05T11:07:54","date_gmt":"2010-07-05T11:07:54","guid":{"rendered":"http:\/\/www.agriatv.hu\/?p=305"},"modified":"2010-07-05T14:17:39","modified_gmt":"2010-07-05T14:17:39","slug":"zsarolo-fiatalokat-fogott-el-a-rendorseg","status":"publish","type":"post","link":"https:\/\/www.agriatv.hu\/?p=305","title":{"rendered":"Zsarol\u00f3 fiatalokat fogott el a rend\u0151rs\u00e9g"},"content":{"rendered":"<p class=\"MsoNormal\" style=\"text-align: justify; margin: 0cm 0cm 0pt;\"><span style=\"font-size: 12px;\"><font color=\"#000000\"><font face=\"Times New Roman\"><a href=\"https:\/\/www.agriatv.hu\/wp-content\/uploads\/2010\/07\/himzettgolya2.jpg\"><img loading=\"lazy\" decoding=\"async\" align=\"left\" alt=\"\" class=\"alignleft size-medium wp-image-308\" height=\"127\" src=\"https:\/\/www.agriatv.hu\/wp-content\/uploads\/2010\/07\/himzettgolya2-217x300.jpg\" style=\"width: 102px; height: 127px;\" title=\"himzettgolya2\" width=\"102\" \/><\/a>A&nbsp;Heves Megyei Rend\u0151r-f\u0151kapit&aacute;nys&aacute;g B\u0171n&uuml;gyi Oszt&aacute;lya zsarol&aacute;s b\u0171ntett elk&ouml;vet&eacute;s&eacute;nek megalapozott gyan&uacute;ja miatt ind&iacute;tott elj&aacute;r&aacute;st az elm&uacute;lt h&eacute;t v&eacute;g&eacute;n.<\/font><\/font><\/span><span style=\"font-size: 12pt;\"><font color=\"#000000\"><font face=\"Times New Roman\"><o:p><\/o:p><\/font><\/font><\/span><\/p>\n<p class=\"MsoNormal\" style=\"text-align: justify; margin: 0cm 0cm 0pt;\"><span style=\"font-size: 12px;\"><font color=\"#000000\"><font face=\"Times New Roman\">A s&eacute;rtett elmond&aacute;sa szerint tavaly \u0151sz &oacute;ta \u0151t egy h&aacute;romf\u0151s t&aacute;rsas&aacute;g t&ouml;bb alkalommal megfenyegette, valamint b&aacute;ntalmazta illetve t\u0151le k&aacute;b&iacute;t&oacute;szert &eacute;s p&eacute;nzt k&ouml;vetelt. &nbsp;<\/font><\/font><\/span><span style=\"font-size: 12pt;\"><font color=\"#000000\"><font face=\"Times New Roman\"><o:p><\/o:p><\/font><\/font><\/span><\/p>\n<p class=\"MsoNormal\" style=\"text-align: justify; margin: 0cm 0cm 0pt;\"><span style=\"font-size: 12px;\"><font color=\"#000000\"><font face=\"Times New Roman\">Egy m&aacute;sik, k&eacute;tf\u0151s t&aacute;rsas&aacute;g a s&eacute;rtett &aacute;ltal felhalmozott, kamatokkal n&ouml;velt tartoz&aacute;s visszak&ouml;vetel&eacute;sek&eacute;nt t&ouml;bb alkalommal megfenyegette a s&eacute;rtettet, mely hat&aacute;s&aacute;ra &aacute;tadta MP4 lej&aacute;tsz&oacute;j&aacute;t, j&aacute;t&eacute;kkonzolj&aacute;t, valamint k&eacute;szp&eacute;nzt is.<\/font><\/font><\/span><span style=\"font-size: 12pt;\"><font color=\"#000000\"><font face=\"Times New Roman\"><o:p><\/o:p><\/font><\/font><\/span><\/p>\n<p class=\"MsoNormal\" style=\"text-align: justify; margin: 0cm 0cm 0pt;\"><span style=\"font-size: 12px;\"><font color=\"#000000\"><font face=\"Times New Roman\">A feljelent&eacute;s alapj&aacute;n az elm&uacute;lt p&eacute;nteken a rend\u0151rs&eacute;g el\u0151&aacute;ll&iacute;tott &ouml;t, 17-18 &eacute;ves, hatvan k&ouml;rny&eacute;ki fiatal f&eacute;rfit, akik ellen zsarol&aacute;s b\u0171ntett min\u0151s&iacute;tett eset&eacute;nek megalapozott gyan&uacute;ja miatt indult elj&aacute;r&aacute;s. K&ouml;z&uuml;l&uuml;k h&aacute;rom f\u0151n&eacute;l az alkalmazott k&aacute;b&iacute;t&oacute;szer gyorsteszt pozit&iacute;v eredm&eacute;nyt mutatott. A lefolytatott h&aacute;zkutat&aacute;sok sor&aacute;n megtal&aacute;lt&aacute;k a s&eacute;rtett &aacute;ltal &aacute;tadott lej&aacute;tsz&oacute;t &eacute;s j&aacute;t&eacute;kkonzolt.<\/font><\/font><\/span><span style=\"font-size: 12pt;\"><font color=\"#000000\"><font face=\"Times New Roman\"><o:p><\/o:p><\/font><\/font><\/span><\/p>\n<p class=\"MsoNormal\" style=\"text-align: justify; margin: 0cm 0cm 0pt;\"><span style=\"font-size: 12px;\"><font color=\"#000000\"><font face=\"Times New Roman\">A Heves Megyei Rend\u0151r-f\u0151kapit&aacute;nys&aacute;g B\u0171n&uuml;gyi Oszt&aacute;lya mind az &ouml;t f&eacute;rfi el\u0151zetes letart&oacute;ztat&aacute;s&aacute;nak elrendel&eacute;s&eacute;re el\u0151terjeszt&eacute;st tett, a B&iacute;r&oacute;s&aacute;g h&aacute;zi \u0151rizet illetve lakhelyelhagy&aacute;si tilalmat rendelt el a gyan&uacute;s&iacute;tottakkal szemben. <\/font><\/font><\/span><\/p>\n","protected":false},"excerpt":{"rendered":"<p>A&nbsp;Heves Megyei Rend\u0151r-f\u0151kapit&aacute;nys&aacute;g B\u0171n&uuml;gyi Oszt&aacute;lya zsarol&aacute;s b\u0171ntett elk&ouml;vet&eacute;s&eacute;nek megalapozott gyan&uacute;ja miatt ind&iacute;tott elj&aacute;r&aacute;st az elm&uacute;lt h&eacute;t v&eacute;g&eacute;n.<br \/>\nA s&eacute;rtett elmond&aacute;sa szerint tavaly \u0151sz &oacute;ta \u0151t egy h&aacute;romf\u0151s t&aacute;rsas&aacute;g t&ouml;bb alkalommal megfenyegette, valamint b&aacute;ntalmazta illetve t\u0151le k&aacute;b&iacute;t&oacute;szert &eacute;s p&eacute;nzt k&ouml;vetelt. &nbsp;<br \/>\nEgy m&aacute;sik, k&eacute;tf\u0151s t&aacute;rsas&aacute;g a s&eacute;rtett &aacute;ltal felhalmozott, kamatokkal n&ouml;velt tartoz&aacute;s visszak&ouml;vetel&eacute;sek&eacute;nt t&ouml;bb alkalommal megfenyegette a s&eacute;rtettet, [&#8230;]<\/p>\n","protected":false},"author":4,"featured_media":0,"comment_status":"closed","ping_status":"open","sticky":false,"template":"","format":"standard","meta":{"footnotes":""},"categories":[5],"tags":[],"class_list":["post-305","post","type-post","status-publish","format-standard","hentry","category-kek-hirek"],"_links":{"self":[{"href":"https:\/\/www.agriatv.hu\/index.php?rest_route=\/wp\/v2\/posts\/305","targetHints":{"allow":["GET"]}}],"collection":[{"href":"https:\/\/www.agriatv.hu\/index.php?rest_route=\/wp\/v2\/posts"}],"about":[{"href":"https:\/\/www.agriatv.hu\/index.php?rest_route=\/wp\/v2\/types\/post"}],"author":[{"embeddable":true,"href":"https:\/\/www.agriatv.hu\/index.php?rest_route=\/wp\/v2\/users\/4"}],"replies":[{"embeddable":true,"href":"https:\/\/www.agriatv.hu\/index.php?rest_route=%2Fwp%2Fv2%2Fcomments&post=305"}],"version-history":[{"count":3,"href":"https:\/\/www.agriatv.hu\/index.php?rest_route=\/wp\/v2\/posts\/305\/revisions"}],"predecessor-version":[{"id":310,"href":"https:\/\/www.agriatv.hu\/index.php?rest_route=\/wp\/v2\/posts\/305\/revisions\/310"}],"wp:attachment":[{"href":"https:\/\/www.agriatv.hu\/index.php?rest_route=%2Fwp%2Fv2%2Fmedia&parent=305"}],"wp:term":[{"taxonomy":"category","embeddable":true,"href":"https:\/\/www.agriatv.hu\/index.php?rest_route=%2Fwp%2Fv2%2Fcategories&post=305"},{"taxonomy":"post_tag","embeddable":true,"href":"https:\/\/www.agriatv.hu\/index.php?rest_route=%2Fwp%2Fv2%2Ftags&post=305"}],"curies":[{"name":"wp","href":"https:\/\/api.w.org\/{rel}","templated":true}]}}