{"id":3053,"date":"2010-12-21T14:42:55","date_gmt":"2010-12-21T14:42:55","guid":{"rendered":"http:\/\/www.agriatv.hu\/?p=3053"},"modified":"2010-12-21T15:07:49","modified_gmt":"2010-12-21T15:07:49","slug":"megvalasztottak-a-foiskola-borait","status":"publish","type":"post","link":"https:\/\/www.agriatv.hu\/?p=3053","title":{"rendered":"Megv\u00e1lasztott\u00e1k a f\u0151iskola borait"},"content":{"rendered":"<p><img loading=\"lazy\" decoding=\"async\" class=\"alignleft\" src=\"http:\/\/www.egriszin.hu\/RenderedContents\/IndexImages\/7\/7011-20101221122231-borok.jpg\" alt=\"\" width=\"120\" height=\"150\" \/><strong>\u201eAz Eszterh\u00e1zy K\u00e1roly F\u0151iskola Bora 2011\u201d p\u00e1ly\u00e1zati felh\u00edv\u00e1snak   megfelel\u0151en december 20-\u00e1n d\u00e9lut\u00e1n 14.00 \u00f3rai kezdettel zajlott le a   be\u00e9rkezett borok b\u00edr\u00e1lata. A c\u00edm elnyer\u00e9s\u00e9re \u00f6sszesen 32 borral   nevezetek az Egri Borvid\u00e9k bor\u00e1szai. A feh\u00e9rborok verseny\u00e9re 12, a   v\u00f6r\u00f6sborok kateg\u00f3ri\u00e1j\u00e1ban pedig rekord sz\u00e1m\u00fa 20 nevez\u00e9s \u00e9rkezett.<\/strong><\/p>\n<div>A borb\u00edr\u00e1lat szervez\u0151 bizotts\u00e1g\u00e1nak eln\u00f6ke Dr.  Mur\u00e1nyi Zolt\u00e1n a f\u0151iskola K\u00e9miai, Bor\u00e1szati K\u00e9miai \u00e9s Bor\u00e1szati  Tansz\u00e9k\u00e9nek vezet\u0151je volt. A feh\u00e9r- \u00e9s v\u00f6r\u00f6sborokat \u2013 Dr. P\u00f3k Tam\u00e1s \u2013  eln\u00f6klet\u00e9vel, 100 pontos vakb\u00edr\u00e1lati (szok\u00e1sos, nemzetk\u00f6zi szinten  elfogadott) m\u00f3dszerrel k\u00fcl\u00f6n b\u00edr\u00e1lta a szakmai zs\u0171ri \u2013 melynek tov\u00e1bbi  tagjai voltak: Sz\u0171cs Erzs\u00e9bet, T\u00f3th Istv\u00e1nn\u00e9, Dr. G\u00e1l Lajos. Dr. L\u00e9k\u00f3  L\u00e1szl\u00f3, Gromon Tam\u00e1s \u00e9s G\u00e1l Tibor \u2013 \u00e9s az int\u00e9zm\u00e9nyi t\u00e1rsadalmi zs\u0171ri.<\/p>\n<p>Az  \u00f6sszevet\u00e9s int\u00e9zm\u00e9nyi t\u00e1rsadalmi zs\u0171rij\u00e9nek eln\u00f6ke a f\u0151iskola rektora  Dr. Hauser Zolt\u00e1n volt, tagjai: Dr Liptai K\u00e1lm\u00e1n a Term\u00e9szettudom\u00e1nyi  Kar d\u00e9k\u00e1nja, Dr. K\u00f3nya P\u00e9ter az Eperjesi Egyetem rektorhelyettese Dr.  Mur\u00e1nyi Zolt\u00e1n a K\u00e9miai, Bor\u00e1szati K\u00e9miai \u00e9s Bor\u00e1szati Tansz\u00e9k\u00e9nek  vezet\u0151je Dr. Pajt\u00f3kn\u00e9 dr. Tari Ilona a F\u00f6ldrajz Tansz\u00e9k vezet\u0151je, Dr.  R\u00e1cz L\u00e1szl\u00f3 a K\u00e9miai, Bor\u00e1szati K\u00e9miai \u00e9s Bor\u00e1szati Tansz\u00e9k f\u0151iskolai  tan\u00e1ra \u00e9s Grebely Gergely az FH\u00d6K eln\u00f6ke.<\/p>\n<p>A szakmai zs\u0171ri a  feh\u00e9rborok verseny\u00e9ben h\u00e1rmat aj\u00e1nlott a t\u00e1rsadalmi zs\u0171ri figyelm\u00e9be  (Demeter Pinc\u00e9szet Hanga 2009, Sike Bor\u00e1szat Egri Chardonnay 2009 \u00e9s St.  Andrea Kft. Napbor 2009). A v\u00f6r\u00f6sborok kateg\u00f3ri\u00e1j\u00e1nak rendk\u00edv\u00fcl er\u0151s  mez\u0151ny\u00e9ben sok k\u00f6zeli pont\u00e9rt\u00e9k sz\u00fcletett. A szakmai zs\u0171ri h\u00e1rom  bikav\u00e9rt aj\u00e1nlott a t\u00e1rsadalmi zs\u0171rinek tov\u00e1bbi \u00e9rt\u00e9kel\u00e9sre (St. Andrea  Kft. \u00c1LD\u00c1S Egri Bikav\u00e9r 2008, Juh\u00e1sz P\u00e9ter Egri Bikav\u00e9r 07\u2019 2007 \u00e9s  K\u0151poros Bor\u00e1szat Kft. Egri Bikav\u00e9r 2007).\u00a0 A szervez\u0151bizotts\u00e1g tavalyi  d\u00f6nt\u00e9se alapj\u00e1n a f\u0151iskola \u2013 a magas min\u0151s\u00e9g p\u00e1rtol\u00e1sa \u00e9rdek\u00e9ben \u2013  minden \u00e9vben a nevezett borokb\u00f3l az Eszterh\u00e1zy K\u00e1roly F\u0151iskola Superior  bor\u00e1t is kiv\u00e1lasztja.<\/p>\n<p>A borverseny eredm\u00e9nye a k\u00f6vetkez\u0151k\u00e9ppen alakult:<\/p>\n<p>Az Eszterh\u00e1zy K\u00e1roly F\u0151iskola Superior \u00dcnnepi Bora 2011 c\u00edmet nyerte:<br \/>\nThummerer Vilmos KLEIO EGRI CUV\u00c9E 2007<\/p>\n<p>Az Eszterh\u00e1zy K\u00e1roly F\u0151iskola Feh\u00e9rbora 2011 c\u00edmet nyerte:<br \/>\nSt. Andrea Kft. Napbor 2009<\/p>\n<p>Az Eszterh\u00e1zy K\u00e1roly F\u0151iskola V\u00f6r\u00f6sbora 2011 c\u00edmet nyerte:<br \/>\nK\u0151poros Bor\u00e1szat Kft. Egri Bikav\u00e9r 2007<\/p>\n<\/div>\n","protected":false},"excerpt":{"rendered":"<p>\u201eAz Eszterh\u00e1zy K\u00e1roly F\u0151iskola Bora 2011\u201d p\u00e1ly\u00e1zati felh\u00edv\u00e1snak   megfelel\u0151en december 20-\u00e1n d\u00e9lut\u00e1n 14.00 \u00f3rai kezdettel zajlott le a   be\u00e9rkezett borok b\u00edr\u00e1lata. A c\u00edm elnyer\u00e9s\u00e9re \u00f6sszesen 32 borral   nevezetek az Egri Borvid\u00e9k bor\u00e1szai. A feh\u00e9rborok verseny\u00e9re 12, a   v\u00f6r\u00f6sborok kateg\u00f3ri\u00e1j\u00e1ban pedig rekord sz\u00e1m\u00fa 20 nevez\u00e9s \u00e9rkezett.<br \/>\nA borb\u00edr\u00e1lat szervez\u0151 [&#8230;]<\/p>\n","protected":false},"author":4,"featured_media":0,"comment_status":"open","ping_status":"closed","sticky":false,"template":"","format":"standard","meta":{"footnotes":""},"categories":[8],"tags":[],"class_list":["post-3053","post","type-post","status-publish","format-standard","hentry","category-kultura"],"_links":{"self":[{"href":"https:\/\/www.agriatv.hu\/index.php?rest_route=\/wp\/v2\/posts\/3053","targetHints":{"allow":["GET"]}}],"collection":[{"href":"https:\/\/www.agriatv.hu\/index.php?rest_route=\/wp\/v2\/posts"}],"about":[{"href":"https:\/\/www.agriatv.hu\/index.php?rest_route=\/wp\/v2\/types\/post"}],"author":[{"embeddable":true,"href":"https:\/\/www.agriatv.hu\/index.php?rest_route=\/wp\/v2\/users\/4"}],"replies":[{"embeddable":true,"href":"https:\/\/www.agriatv.hu\/index.php?rest_route=%2Fwp%2Fv2%2Fcomments&post=3053"}],"version-history":[{"count":3,"href":"https:\/\/www.agriatv.hu\/index.php?rest_route=\/wp\/v2\/posts\/3053\/revisions"}],"predecessor-version":[{"id":3055,"href":"https:\/\/www.agriatv.hu\/index.php?rest_route=\/wp\/v2\/posts\/3053\/revisions\/3055"}],"wp:attachment":[{"href":"https:\/\/www.agriatv.hu\/index.php?rest_route=%2Fwp%2Fv2%2Fmedia&parent=3053"}],"wp:term":[{"taxonomy":"category","embeddable":true,"href":"https:\/\/www.agriatv.hu\/index.php?rest_route=%2Fwp%2Fv2%2Fcategories&post=3053"},{"taxonomy":"post_tag","embeddable":true,"href":"https:\/\/www.agriatv.hu\/index.php?rest_route=%2Fwp%2Fv2%2Ftags&post=3053"}],"curies":[{"name":"wp","href":"https:\/\/api.w.org\/{rel}","templated":true}]}}