{"id":3056,"date":"2010-12-21T14:46:13","date_gmt":"2010-12-21T14:46:13","guid":{"rendered":"http:\/\/www.agriatv.hu\/?p=3056"},"modified":"2010-12-21T14:46:13","modified_gmt":"2010-12-21T14:46:13","slug":"220-000-forintot-gyujtottek-a-szilagyiban","status":"publish","type":"post","link":"https:\/\/www.agriatv.hu\/?p=3056","title":{"rendered":"220 000 forintot gy\u0171jt\u00f6ttek a Szil\u00e1gyiban"},"content":{"rendered":"<p><img loading=\"lazy\" decoding=\"async\" class=\"alignleft\" src=\"http:\/\/www.egriszin.hu\/RenderedContents\/IndexImages\/7\/7010-20101221115734-szilagyi.jpg\" alt=\"\" width=\"150\" height=\"113\" \/><strong>A Szil\u00e1gyi Erzs\u00e9bet Gimn\u00e1zium \u00e9s Koll\u00e9gium id\u00e9n is megrendezte a  t\u00f6bb \u00e9vre gy\u00f6kerez\u0151 kar\u00e1csonyi j\u00f3t\u00e9konys\u00e1gi m\u0171sor\u00e1t. Az int\u00e9zm\u00e9ny k\u00f6zel  220 000 forintot gy\u0171jt\u00f6tt \u00f6ssze a hat\u00e1ron t\u00fali magyar gyermekek \u00e9s  iskol\u00e1k r\u00e9sz\u00e9re.<\/strong><\/p>\n<p>A hat\u00e1ron t\u00fali magyar nyelv\u0171 oktat\u00e1st seg\u00edti minden \u00e9vben a Szil\u00e1gyi  Erzs\u00e9bet Gimn\u00e1zium a zen\u00e9s-verses j\u00f3t\u00e9konys\u00e1gi kar\u00e1csonyi m\u0171sorral.  Ebben az \u00e9vben fell\u00e9ptek a tan\u00e1rok is az iskola di\u00e1kjai mellett,  t\u00e1mogatva a nemes c\u00e9lt. Erre id\u00e9n el\u0151sz\u00f6r volt p\u00e9lda. A bel\u00e9p\u0151k a  hagyom\u00e1nyokhoz h\u00edven \u00f6nk\u00e9ntes \u00f6sszeg\u0171ek voltak, ebb\u0151l gy\u0171lt \u00f6ssze az  adom\u00e1ny.<\/p>\n<div>\nMinden \u00e9vben felveszik a  kapcsolatot a szervez\u0151k a megfelel\u0151 alap\u00edtv\u00e1nnyal, amelyen kereszt\u00fcl  eljuttathatj\u00e1k az adom\u00e1nyokat a r\u00e1szorul\u00f3knak. A kar\u00e1csonyi j\u00f3t\u00e9konys\u00e1gi  m\u0171sorok 2005-ben kezd\u0151dtek, akkor egy cs\u00e1ng\u00f3f\u00f6ldi magyar iskola kapta  az \u00f6sszegy\u0171jt\u00f6tt \u00f6sszeget, ezzel is hozz\u00e1j\u00e1rulva az \u00e9p\u00fclet  fel\u00e9p\u00edt\u00e9s\u00e9hez. 2006-ben a h\u00edres ferences rendi szerzetes, B\u00f6jte Csaba  szeretetotthon\u00e1nak juttatt\u00e1k el az adom\u00e1nyt Erd\u00e9lybe. 2007-ben a  k\u00e1rp\u00e1taljai gyerekek \u00e9tkeztet\u00e9s\u00e9re folyt be a bev\u00e9tel, 2008-ban pedig a  felvid\u00e9ki magyar oktat\u00e1s \u00fcgy\u00e9t t\u00e1mogatt\u00e1k a R\u00e1k\u00f3czi Sz\u00f6vets\u00e9gen  kereszt\u00fcl.<\/p>\n<p>A tavalyi \u00e9vben magyar iskol\u00e1kba utazhattak a  vajdas\u00e1gi gyerekek az adom\u00e1nyb\u00f3l, id\u00e9n pedig a magyarfalvi cs\u00e1ng\u00f3  gyerekek\u00e9 lesz az p\u00e9nz, akik ennek k\u00f6sz\u00f6nhet\u0151en folytathatj\u00e1k  magyarnyelv\u0171 k\u00f6z\u00e9piskolai tanulm\u00e1nyaikat.<\/p><\/div>\n<div>Forr\u00e1s: <a href=\"http:\/\/egriszin.hu\">Egrisz\u00edn<\/a><\/div>\n","protected":false},"excerpt":{"rendered":"<p>A Szil\u00e1gyi Erzs\u00e9bet Gimn\u00e1zium \u00e9s Koll\u00e9gium id\u00e9n is megrendezte a  t\u00f6bb \u00e9vre gy\u00f6kerez\u0151 kar\u00e1csonyi j\u00f3t\u00e9konys\u00e1gi m\u0171sor\u00e1t. Az int\u00e9zm\u00e9ny k\u00f6zel  220 000 forintot gy\u0171jt\u00f6tt \u00f6ssze a hat\u00e1ron t\u00fali magyar gyermekek \u00e9s  iskol\u00e1k r\u00e9sz\u00e9re.<br \/>\nA hat\u00e1ron t\u00fali magyar nyelv\u0171 oktat\u00e1st seg\u00edti minden \u00e9vben a Szil\u00e1gyi  Erzs\u00e9bet Gimn\u00e1zium a zen\u00e9s-verses j\u00f3t\u00e9konys\u00e1gi kar\u00e1csonyi m\u0171sorral.  Ebben [&#8230;]<\/p>\n","protected":false},"author":4,"featured_media":0,"comment_status":"open","ping_status":"closed","sticky":false,"template":"","format":"standard","meta":{"footnotes":""},"categories":[9],"tags":[],"class_list":["post-3056","post","type-post","status-publish","format-standard","hentry","category-oktatas"],"_links":{"self":[{"href":"https:\/\/www.agriatv.hu\/index.php?rest_route=\/wp\/v2\/posts\/3056","targetHints":{"allow":["GET"]}}],"collection":[{"href":"https:\/\/www.agriatv.hu\/index.php?rest_route=\/wp\/v2\/posts"}],"about":[{"href":"https:\/\/www.agriatv.hu\/index.php?rest_route=\/wp\/v2\/types\/post"}],"author":[{"embeddable":true,"href":"https:\/\/www.agriatv.hu\/index.php?rest_route=\/wp\/v2\/users\/4"}],"replies":[{"embeddable":true,"href":"https:\/\/www.agriatv.hu\/index.php?rest_route=%2Fwp%2Fv2%2Fcomments&post=3056"}],"version-history":[{"count":1,"href":"https:\/\/www.agriatv.hu\/index.php?rest_route=\/wp\/v2\/posts\/3056\/revisions"}],"predecessor-version":[{"id":3057,"href":"https:\/\/www.agriatv.hu\/index.php?rest_route=\/wp\/v2\/posts\/3056\/revisions\/3057"}],"wp:attachment":[{"href":"https:\/\/www.agriatv.hu\/index.php?rest_route=%2Fwp%2Fv2%2Fmedia&parent=3056"}],"wp:term":[{"taxonomy":"category","embeddable":true,"href":"https:\/\/www.agriatv.hu\/index.php?rest_route=%2Fwp%2Fv2%2Fcategories&post=3056"},{"taxonomy":"post_tag","embeddable":true,"href":"https:\/\/www.agriatv.hu\/index.php?rest_route=%2Fwp%2Fv2%2Ftags&post=3056"}],"curies":[{"name":"wp","href":"https:\/\/api.w.org\/{rel}","templated":true}]}}