{"id":3058,"date":"2010-12-21T14:47:15","date_gmt":"2010-12-21T14:47:15","guid":{"rendered":"http:\/\/www.agriatv.hu\/?p=3058"},"modified":"2010-12-21T14:47:15","modified_gmt":"2010-12-21T14:47:15","slug":"veget-ert-a-ciposdoboz-akcio","status":"publish","type":"post","link":"https:\/\/www.agriatv.hu\/?p=3058","title":{"rendered":"V\u00e9get \u00e9rt a cip\u0151sdoboz akci\u00f3"},"content":{"rendered":"<p><img loading=\"lazy\" decoding=\"async\" class=\"alignleft\" src=\"http:\/\/www.egriszin.hu\/RenderedContents\/IndexImages\/7\/7008-20101221085623-hm4.jpg\" alt=\"\" width=\"150\" height=\"137\" \/><strong>210 cip\u0151sdoboznyi aj\u00e1nd\u00e9kcsomag gy\u0171lt \u00f6ssze Egerben, a Baptista   Szeretetszolg\u00e1lat \u00e9s a helyi gy\u00fclekezet k\u00f6z\u00f6s kar\u00e1csonyi j\u00f3t\u00e9konys\u00e1gi   akci\u00f3j\u00e1ban. A december elej\u00e9t\u0151l eg\u00e9szen 20-\u00e1n, h\u00e9tf\u0151n d\u00e9lig tart\u00f3   gy\u0171jt\u00e9s sor\u00e1n t\u00f6bb egri iskola, \u00f3voda \u00e9s v\u00e1llalkoz\u00e1s is csatlakozott a   felaj\u00e1nl\u00f3khoz, a legt\u00f6bb aj\u00e1nd\u00e9k azonban mag\u00e1nszem\u00e9lyekt\u0151l, gyermekes   csal\u00e1dokt\u00f3l \u00e9rkezett. <\/strong><\/p>\n<div>A cip\u0151sdoboz aj\u00e1nd\u00e9kokat a baptista gy\u00fclekezet a  napokban juttatja el az egri \u00e9s Eger k\u00f6rny\u00e9ki r\u00e1szorul\u00f3khoz. N\u00e9h\u00e1nyan  -munkahelyi gondokkal, meg\u00e9lhet\u00e9si probl\u00e9m\u00e1kkal k\u00fcszk\u00f6d\u0151 egri csal\u00e1dok-  meg is kerest\u00e9k m\u00e1r a Baptista Szeretetszolg\u00e1latot, hogy nem tudn\u00e1nak-e  seg\u00edteni az \u00fcnnep alkalm\u00e1b\u00f3l. Tudtak, hiszen ez\u00e9rt van ez az akci\u00f3,  h\u00e9tf\u0151n este adt\u00e1k \u00e1t egy 7 gyermekes egri fam\u00edli\u00e1nak a t\u00f6bb doboznyi  aj\u00e1nd\u00e9kot, a felaj\u00e1nlott szaloncukorral egy\u00fctt.<\/div>\n<div>Orsz\u00e1gosan  t\u00f6bb mint 15 ezer csomag gy\u0171lt \u00f6ssze az id\u00e9n, a kezdem\u00e9nyez\u00e9st ez\u00fattal a  Duna Telev\u00edzi\u00f3, valamint a n\u00e9pszer\u0171 el\u0151ad\u00f3m\u0171v\u00e9sz, \u00c1kos is seg\u00edtette,  aki december 16-\u00e1n adott telt h\u00e1zas j\u00f3t\u00e9konys\u00e1gi koncertet a Papp L\u00e1szl\u00f3  Sportar\u00e9n\u00e1ban. Az egriek is nagy szeretettel adakoznak, a  megyesz\u00e9khelyen 210 csomag j\u00f6tt \u00f6ssze, a felaj\u00e1nl\u00f3k a 2010-es akci\u00f3val  egy\u00fctt \u00f6t \u00e9v alatt t\u00f6bb mint 1700 szeg\u00e9ny sors\u00fa gyermek kar\u00e1csony\u00e1t  var\u00e1zsolt\u00e1k szebb\u00e9 a v\u00e1rosban \u00e9s k\u00f6zvetlen k\u00f6rny\u00e9k\u00e9n.<\/div>\n","protected":false},"excerpt":{"rendered":"<p>210 cip\u0151sdoboznyi aj\u00e1nd\u00e9kcsomag gy\u0171lt \u00f6ssze Egerben, a Baptista   Szeretetszolg\u00e1lat \u00e9s a helyi gy\u00fclekezet k\u00f6z\u00f6s kar\u00e1csonyi j\u00f3t\u00e9konys\u00e1gi   akci\u00f3j\u00e1ban. A december elej\u00e9t\u0151l eg\u00e9szen 20-\u00e1n, h\u00e9tf\u0151n d\u00e9lig tart\u00f3   gy\u0171jt\u00e9s sor\u00e1n t\u00f6bb egri iskola, \u00f3voda \u00e9s v\u00e1llalkoz\u00e1s is csatlakozott a   felaj\u00e1nl\u00f3khoz, a legt\u00f6bb aj\u00e1nd\u00e9k azonban mag\u00e1nszem\u00e9lyekt\u0151l, gyermekes   csal\u00e1dokt\u00f3l \u00e9rkezett. [&#8230;]<\/p>\n","protected":false},"author":4,"featured_media":0,"comment_status":"open","ping_status":"closed","sticky":false,"template":"","format":"standard","meta":{"footnotes":""},"categories":[4],"tags":[],"class_list":["post-3058","post","type-post","status-publish","format-standard","hentry","category-szabadido"],"_links":{"self":[{"href":"https:\/\/www.agriatv.hu\/index.php?rest_route=\/wp\/v2\/posts\/3058","targetHints":{"allow":["GET"]}}],"collection":[{"href":"https:\/\/www.agriatv.hu\/index.php?rest_route=\/wp\/v2\/posts"}],"about":[{"href":"https:\/\/www.agriatv.hu\/index.php?rest_route=\/wp\/v2\/types\/post"}],"author":[{"embeddable":true,"href":"https:\/\/www.agriatv.hu\/index.php?rest_route=\/wp\/v2\/users\/4"}],"replies":[{"embeddable":true,"href":"https:\/\/www.agriatv.hu\/index.php?rest_route=%2Fwp%2Fv2%2Fcomments&post=3058"}],"version-history":[{"count":1,"href":"https:\/\/www.agriatv.hu\/index.php?rest_route=\/wp\/v2\/posts\/3058\/revisions"}],"predecessor-version":[{"id":3059,"href":"https:\/\/www.agriatv.hu\/index.php?rest_route=\/wp\/v2\/posts\/3058\/revisions\/3059"}],"wp:attachment":[{"href":"https:\/\/www.agriatv.hu\/index.php?rest_route=%2Fwp%2Fv2%2Fmedia&parent=3058"}],"wp:term":[{"taxonomy":"category","embeddable":true,"href":"https:\/\/www.agriatv.hu\/index.php?rest_route=%2Fwp%2Fv2%2Fcategories&post=3058"},{"taxonomy":"post_tag","embeddable":true,"href":"https:\/\/www.agriatv.hu\/index.php?rest_route=%2Fwp%2Fv2%2Ftags&post=3058"}],"curies":[{"name":"wp","href":"https:\/\/api.w.org\/{rel}","templated":true}]}}