{"id":3062,"date":"2010-12-21T22:34:57","date_gmt":"2010-12-21T22:34:57","guid":{"rendered":"http:\/\/www.agriatv.hu\/?p=3062"},"modified":"2010-12-21T22:34:57","modified_gmt":"2010-12-21T22:34:57","slug":"a-fokapitany-fegyvert-fogott","status":"publish","type":"post","link":"https:\/\/www.agriatv.hu\/?p=3062","title":{"rendered":"A f\u0151kapit\u00e1ny fegyvert fogott"},"content":{"rendered":"<p><a href=\"https:\/\/www.agriatv.hu\/wp-content\/uploads\/2010\/12\/1221loveszet_v.jpg\"><img loading=\"lazy\" decoding=\"async\" class=\"alignleft size-medium wp-image-3063\" title=\"1221loveszet_v\" src=\"https:\/\/www.agriatv.hu\/wp-content\/uploads\/2010\/12\/1221loveszet_v-300x240.jpg\" alt=\"\" width=\"123\" height=\"99\" srcset=\"https:\/\/www.agriatv.hu\/wp-content\/uploads\/2010\/12\/1221loveszet_v-300x240.jpg 300w, https:\/\/www.agriatv.hu\/wp-content\/uploads\/2010\/12\/1221loveszet_v.jpg 720w\" sizes=\"auto, (max-width: 123px) 100vw, 123px\" \/><\/a>A siroki MFS 2000 Magyar L\u0151szergy\u00e1rt\u00f3 Zrt. \u00e9s a Heves Megyei  Rend\u0151r-f\u0151kapit\u00e1nys\u00e1g egy\u00fcttm\u0171k\u00f6d\u00e9se \u00e9vekre ny\u00falik vissza. A c\u00e9g l\u0151szert  biztos\u00edt a rend\u0151r\u00f6k k\u00e9pz\u00e9s\u00e9hez, a  f\u0151kapit\u00e1nys\u00e1g pedig kik\u00e9pz\u0151tisztekkel  seg\u00edt a gy\u00e1r fegyveres  \u0151rs\u00e9g\u00e9nek, a ballisztikai \u00e1llom\u00e1s  szem\u00e9lyzet\u00e9nek oktat\u00e1s\u00e1hoz.  A kiskaliber\u0171 l\u0151szergy\u00e1rt\u00e1ssal foglalkoz\u00f3 gy\u00e1r ter\u00fclet\u00e9n tal\u00e1lhat\u00f3   l\u0151t\u00e9ren vette kezdet\u00e9t a\u00a0 m\u00e1r hagyom\u00e1nyos kik\u00e9pz\u00e9s, melynek alanyai  ez\u00fattal \u00fajs\u00e1g\u00edr\u00f3k voltak. 2010-ben\u00a0Eur\u00f3pai  bajnoks\u00e1gon is r\u00e9szt  vett  szigor\u00fa kik\u00e9pz\u0151, Batki Gy\u00f6rgy \u0151rnagy kezei  al\u00e1 osztott\u00e1k az addig csak   kamer\u00e1val \u00e9s f\u00e9nyk\u00e9pez\u0151g\u00e9ppel\u00a0l\u00f6v\u00f6ld\u00f6z\u0151  m\u00e9dia k\u00e9pvisel\u0151it\u00a0, akik   megtapasztalhatt\u00e1k a fegyverrel b\u00e1n\u00e1s nem is  egyszer\u0171 m\u00f3dj\u00e1t. A  szervez\u0151k  fontosnak tartj\u00e1k, hogy az \u00fajs\u00e1g\u00edr\u00f3kon  kereszt\u00fcl, az  \u00e1llampolg\u00e1rok is  betekint\u00e9st kaphassanak a rendszeres  l\u0151gyakorlatok \u00e9s  kik\u00e9pz\u00e9sek jelent\u0151s\u00e9g\u00e9r\u0151l,  valamint a l\u0151szergy\u00e1rt\u00e1s  ter\u00fclet\u00e9n el\u00e9rt   eredm\u00e9nyekr\u0151l.<div class=\"wordtube\">\n<div class=\"wordtube single181\" id=\"WT1_1\" style=\"width:320px; height:240px;\">\n<a href=\"http:\/\/www.macromedia.com\/go\/getflashplayer\">Get the Flash Player<\/a> to see the wordTube Media Player.\n<\/div><\/div>\n\t<script type=\"text\/javascript\" defer=\"defer\">\nvar WT1_1 = {\n\tparams : {\n\t\twmode : \"opaque\",\n\t\tallowscriptaccess : \"always\",\n\t\tallownetworking : \"all\",\n\t\tallowfullscreen : \"true\"},\n\tflashvars : {\n\t\tfile : \"http%3A%2F%2Fwww.agriatv.hu%2Fwp-content%2Fuploads%2F2010%2F12%2F1221loveszet.flv\",\n\t\tvolume : \"80\",\n\t\tbufferlength : \"5\",\n\t\tquality : \"false\",\n\t\t'logo.hide' : \"false\",\n\t\timage : \"http%3A%2F%2Fwww.agriatv.hu%2Fwp-content%2Fuploads%2F2010%2F12%2F1221loveszet.jpg\",\n\t\ttitle : \"1221loveszet.flv\",\n\t\tlinktarget : \"_self\"},\n\tattr : {\n\t\tid : \"WT1\",\n\t\tname : \"WT1\"},\n\tstart : function() {\n\t\tswfobject.embedSWF(\"https:\/\/www.agriatv.hu\/\/player.swf\", \"WT1_1\", \"320\", \"240\", \"9.0.0\", false, this.flashvars, this.params , this.attr );\n\t}\n}\nWT1_1.start();\n\t<\/script>\n  Az  uni\u00f3s seg\u00edts\u00e9ggel fejlesztett c\u00e9g k\u00f6zel 240 alkalmazottal , \u00faj  term\u00e9kek \u00e9s  fejlett technika bevezet\u00e9s\u00e9vel \u00e1tlagban 40%-kal n\u00f6velte  termel\u00e9kenys\u00e9g\u00e9t. Nem  csak a magyar piacon hanem eg\u00e9sz Eur\u00f3p\u00e1ba\u00a0 \u00e9s\u00a0 az  USA-ba is  export\u00e1lj\u00e1k term\u00e9keiket, ezzel nem csak a hat\u00f3s\u00e1gi hanem a  sport ter\u00fclet\u00e9n  haszn\u00e1lt t\u00f6lt\u00e9nyekkel is kiszolg\u00e1lj\u00e1k a v\u00e1s\u00e1rl\u00f3kat. Dr.  Ormossy Attila  f\u0151kapit\u00e1ny elmondta, hogy folyamatos szakmai  kapcsolatban vannak a  beosztottjai, a gy\u00e1r ballisztikai szakembereivel,  \u00edgy m\u00e1r egy k\u00f6z\u00f6s  l\u0151szerfejleszt\u00e9sen is t\u00fal vannak.<span style=\"font-family: Tahoma; font-size: x-small;\"> <\/span><\/p>\n","protected":false},"excerpt":{"rendered":"<p>A siroki MFS 2000 Magyar L\u0151szergy\u00e1rt\u00f3 Zrt. \u00e9s a Heves Megyei  Rend\u0151r-f\u0151kapit\u00e1nys\u00e1g egy\u00fcttm\u0171k\u00f6d\u00e9se \u00e9vekre ny\u00falik vissza. A c\u00e9g l\u0151szert  biztos\u00edt a rend\u0151r\u00f6k k\u00e9pz\u00e9s\u00e9hez, a  f\u0151kapit\u00e1nys\u00e1g pedig kik\u00e9pz\u0151tisztekkel  seg\u00edt a gy\u00e1r fegyveres  \u0151rs\u00e9g\u00e9nek, a ballisztikai \u00e1llom\u00e1s  szem\u00e9lyzet\u00e9nek oktat\u00e1s\u00e1hoz.  A kiskaliber\u0171 l\u0151szergy\u00e1rt\u00e1ssal foglalkoz\u00f3 gy\u00e1r ter\u00fclet\u00e9n tal\u00e1lhat\u00f3   l\u0151t\u00e9ren vette [&#8230;]<\/p>\n","protected":false},"author":4,"featured_media":0,"comment_status":"open","ping_status":"closed","sticky":false,"template":"","format":"standard","meta":{"footnotes":""},"categories":[5],"tags":[],"class_list":["post-3062","post","type-post","status-publish","format-standard","hentry","category-kek-hirek"],"_links":{"self":[{"href":"https:\/\/www.agriatv.hu\/index.php?rest_route=\/wp\/v2\/posts\/3062","targetHints":{"allow":["GET"]}}],"collection":[{"href":"https:\/\/www.agriatv.hu\/index.php?rest_route=\/wp\/v2\/posts"}],"about":[{"href":"https:\/\/www.agriatv.hu\/index.php?rest_route=\/wp\/v2\/types\/post"}],"author":[{"embeddable":true,"href":"https:\/\/www.agriatv.hu\/index.php?rest_route=\/wp\/v2\/users\/4"}],"replies":[{"embeddable":true,"href":"https:\/\/www.agriatv.hu\/index.php?rest_route=%2Fwp%2Fv2%2Fcomments&post=3062"}],"version-history":[{"count":6,"href":"https:\/\/www.agriatv.hu\/index.php?rest_route=\/wp\/v2\/posts\/3062\/revisions"}],"predecessor-version":[{"id":3069,"href":"https:\/\/www.agriatv.hu\/index.php?rest_route=\/wp\/v2\/posts\/3062\/revisions\/3069"}],"wp:attachment":[{"href":"https:\/\/www.agriatv.hu\/index.php?rest_route=%2Fwp%2Fv2%2Fmedia&parent=3062"}],"wp:term":[{"taxonomy":"category","embeddable":true,"href":"https:\/\/www.agriatv.hu\/index.php?rest_route=%2Fwp%2Fv2%2Fcategories&post=3062"},{"taxonomy":"post_tag","embeddable":true,"href":"https:\/\/www.agriatv.hu\/index.php?rest_route=%2Fwp%2Fv2%2Ftags&post=3062"}],"curies":[{"name":"wp","href":"https:\/\/api.w.org\/{rel}","templated":true}]}}