{"id":3073,"date":"2010-12-22T11:59:20","date_gmt":"2010-12-22T11:59:20","guid":{"rendered":"http:\/\/www.agriatv.hu\/?p=3073"},"modified":"2010-12-22T11:59:20","modified_gmt":"2010-12-22T11:59:20","slug":"egyuttmukodesi-megallapodas-a-rendorseg-es-a-katasztrofavedelem-kozott","status":"publish","type":"post","link":"https:\/\/www.agriatv.hu\/?p=3073","title":{"rendered":"Egy\u00fcttm\u0171k\u00f6d\u00e9si meg\u00e1llapod\u00e1s a Rend\u0151rs\u00e9g \u00e9s a Katasztr\u00f3fav\u00e9delem k\u00f6z\u00f6tt"},"content":{"rendered":"<p><a href=\"https:\/\/www.agriatv.hu\/wp-content\/uploads\/2010\/12\/1222katasztrofa_v.jpg\"><img loading=\"lazy\" decoding=\"async\" class=\"alignleft size-medium wp-image-3074\" title=\"1222katasztrofa_v\" src=\"https:\/\/www.agriatv.hu\/wp-content\/uploads\/2010\/12\/1222katasztrofa_v-300x240.jpg\" alt=\"\" width=\"144\" height=\"115\" srcset=\"https:\/\/www.agriatv.hu\/wp-content\/uploads\/2010\/12\/1222katasztrofa_v-300x240.jpg 300w, https:\/\/www.agriatv.hu\/wp-content\/uploads\/2010\/12\/1222katasztrofa_v.jpg 720w\" sizes=\"auto, (max-width: 144px) 100vw, 144px\" \/><\/a>H\u00e1rom pill\u00e9ren nyugszik az a meg\u00e1llapod\u00e1s, melyet a Heves Megyei Rend\u0151r-f\u0151kapit\u00e1nys\u00e1g \u00e9s a megyei Katasztr\u00f3fav\u00e9delmi igazgat\u00f3s\u00e1g \u00edrt al\u00e1: a k\u00f6z\u00f6s \u00fcgyelet m\u0171k\u00f6dtet\u00e9se, a k\u00f6z\u00f6sen v\u00e9grehajtott ellen\u0151rz\u00e9sek, valamint az egy\u00e9b k\u00f6z\u00f6s munka, p\u00e9ld\u00e1ul t\u0171zesetekn\u00e9l.\u00a0 <div class=\"wordtube\">\n<div class=\"wordtube single183\" id=\"WT1_1\" style=\"width:320px; height:240px;\">\n<a href=\"http:\/\/www.macromedia.com\/go\/getflashplayer\">Get the Flash Player<\/a> to see the wordTube Media Player.\n<\/div><\/div>\n\t<script type=\"text\/javascript\" defer=\"defer\">\nvar WT1_1 = {\n\tparams : {\n\t\twmode : \"opaque\",\n\t\tallowscriptaccess : \"always\",\n\t\tallownetworking : \"all\",\n\t\tallowfullscreen : \"true\"},\n\tflashvars : {\n\t\tfile : \"http%3A%2F%2Fwww.agriatv.hu%2Fwp-content%2Fuploads%2F2010%2F12%2F1222katasztofa.flv\",\n\t\tvolume : \"80\",\n\t\tbufferlength : \"5\",\n\t\tquality : \"false\",\n\t\t'logo.hide' : \"false\",\n\t\timage : \"http%3A%2F%2Fwww.agriatv.hu%2Fwp-content%2Fuploads%2F2010%2F12%2F1222katasztofa.jpg\",\n\t\ttitle : \"1222katasztofa.flv\",\n\t\tlinktarget : \"_self\"},\n\tattr : {\n\t\tid : \"WT1\",\n\t\tname : \"WT1\"},\n\tstart : function() {\n\t\tswfobject.embedSWF(\"https:\/\/www.agriatv.hu\/\/player.swf\", \"WT1_1\", \"320\", \"240\", \"9.0.0\", false, this.flashvars, this.params , this.attr );\n\t}\n}\nWT1_1.start();\n\t<\/script>\n<\/p>\n","protected":false},"excerpt":{"rendered":"<p>H\u00e1rom pill\u00e9ren nyugszik az a meg\u00e1llapod\u00e1s, melyet a Heves Megyei Rend\u0151r-f\u0151kapit\u00e1nys\u00e1g \u00e9s a megyei Katasztr\u00f3fav\u00e9delmi igazgat\u00f3s\u00e1g \u00edrt al\u00e1: a k\u00f6z\u00f6s \u00fcgyelet m\u0171k\u00f6dtet\u00e9se, a k\u00f6z\u00f6sen v\u00e9grehajtott ellen\u0151rz\u00e9sek, valamint az egy\u00e9b k\u00f6z\u00f6s munka, p\u00e9ld\u00e1ul t\u0171zesetekn\u00e9l.\u00a0 <\/p>\n","protected":false},"author":4,"featured_media":0,"comment_status":"open","ping_status":"closed","sticky":false,"template":"","format":"standard","meta":{"footnotes":""},"categories":[5],"tags":[],"class_list":["post-3073","post","type-post","status-publish","format-standard","hentry","category-kek-hirek"],"_links":{"self":[{"href":"https:\/\/www.agriatv.hu\/index.php?rest_route=\/wp\/v2\/posts\/3073","targetHints":{"allow":["GET"]}}],"collection":[{"href":"https:\/\/www.agriatv.hu\/index.php?rest_route=\/wp\/v2\/posts"}],"about":[{"href":"https:\/\/www.agriatv.hu\/index.php?rest_route=\/wp\/v2\/types\/post"}],"author":[{"embeddable":true,"href":"https:\/\/www.agriatv.hu\/index.php?rest_route=\/wp\/v2\/users\/4"}],"replies":[{"embeddable":true,"href":"https:\/\/www.agriatv.hu\/index.php?rest_route=%2Fwp%2Fv2%2Fcomments&post=3073"}],"version-history":[{"count":3,"href":"https:\/\/www.agriatv.hu\/index.php?rest_route=\/wp\/v2\/posts\/3073\/revisions"}],"predecessor-version":[{"id":3077,"href":"https:\/\/www.agriatv.hu\/index.php?rest_route=\/wp\/v2\/posts\/3073\/revisions\/3077"}],"wp:attachment":[{"href":"https:\/\/www.agriatv.hu\/index.php?rest_route=%2Fwp%2Fv2%2Fmedia&parent=3073"}],"wp:term":[{"taxonomy":"category","embeddable":true,"href":"https:\/\/www.agriatv.hu\/index.php?rest_route=%2Fwp%2Fv2%2Fcategories&post=3073"},{"taxonomy":"post_tag","embeddable":true,"href":"https:\/\/www.agriatv.hu\/index.php?rest_route=%2Fwp%2Fv2%2Ftags&post=3073"}],"curies":[{"name":"wp","href":"https:\/\/api.w.org\/{rel}","templated":true}]}}