{"id":3078,"date":"2010-12-22T19:57:58","date_gmt":"2010-12-22T19:57:58","guid":{"rendered":"http:\/\/www.agriatv.hu\/?p=3078"},"modified":"2010-12-22T19:57:58","modified_gmt":"2010-12-22T19:57:58","slug":"horvath-laszlo-elkoszont","status":"publish","type":"post","link":"https:\/\/www.agriatv.hu\/?p=3078","title":{"rendered":"Horv\u00e1th L\u00e1szl\u00f3 elk\u00f6sz\u00f6nt"},"content":{"rendered":"<p><img loading=\"lazy\" decoding=\"async\" class=\"alignleft\" src=\"http:\/\/heol.hu\/lapokkepek\/cikkek\/139000\/139803_kozgy600.jpg\" alt=\"\" width=\"160\" height=\"116\" \/><strong>Az idei \u00e9v utols\u00f3 megyei k\u00f6zgy\u0171l\u00e9s\u00e9re gy\u0171ltek \u00f6ssze a k\u00e9pvisel\u0151k  szerda d\u00e9lut\u00e1n a Megyeh\u00e1z\u00e1n. D\u00f6nt\u00f6ttek a hitelkeret emel\u00e9s\u00e9r\u0151l \u00e9s j\u00f6v\u0151  \u00e9vi k\u00f6lts\u00e9gvet\u00e9si koncepci\u00f3r\u00f3l is.<\/strong><\/p>\n<p>18.35<\/p>\n<p>A terem ki\u00fcr\u00fclt, janu\u00e1rban folytat\u00f3dik a munka. Eln\u00f6ki besz\u00e1mol\u00f3val \u00e9s\u00a0\u00faj eln\u00f6kkel.<\/p>\n<p>18.20<\/p>\n<p>A k\u00f6zmeghallgat\u00e1snak v\u00e9ge. Ugyanis senki nem \u00e9lt a lehet\u0151s\u00e9ggel.  Horv\u00e1th L\u00e1szl\u00f3 k\u00f6sz\u00f6netet mond mindenkinek: a k\u00f6zgy\u0171l\u00e9s tagjainak, a  hivatal munkat\u00e1rsainak, az int\u00e9zm\u00e9nyvezet\u0151knek \u00e9s mindenkinek, aki  figyelemmel k\u00eds\u00e9rte a munk\u00e1t.<\/p>\n<p>Mivel utolj\u00e1ra \u00fcl itt eln\u00f6kk\u00e9nt, &#8222;minden j\u00f3t, b\u00e9k\u00e9s boldog kar\u00e1csonyt \u00e9s sikerekben gazdag \u00faj \u00e9vet&#8221; k\u00edv\u00e1n. Szavait taps k\u00f6veti.<\/p>\n<p>18.16<\/p>\n<p>Horv\u00e1th L\u00e1szl\u00f3 elmondja: minden val\u00f3sz\u00edn\u0171s\u00e9g szerint\u00a0cs\u00fct\u00f6rt\u00f6k\u00f6n  d\u00e9lel\u0151tt \u00e1tveszi Orb\u00e1n Viktort\u00f3l a megb\u00edz\u00f3level\u00e9t. \u0150 lesz a megyei  korm\u00e1nyhivatal vezet\u0151je.<\/p>\n<p>Ehhez le kell mondania a mand\u00e1tum\u00e1r\u00f3l. A k\u00e9t poz\u00edci\u00f3  \u00f6sszef\u00e9rhetetlen. A lemond\u00e1s\u00e1t \u00fagy id\u0151z\u00edti, hogy ne s\u00e9r\u00fclj\u00f6n a k\u00f6zgy\u0171l\u00e9s  munk\u00e1j\u00e1t, mert nem akar olyan helyzetet teremteni, hogy ne legyen  eln\u00f6ke a megyei k\u00f6zgy\u0171l\u00e9snek. Ha nem jelent volna meg a cikk\u00fcnk, ezt  akkor is \u00edgy tette volna.<\/p>\n<p>Amint cs\u00fct\u00f6rt\u00f6k\u00f6n \u00e1tveszi a megb\u00edz\u00f3level\u00e9t, lemond a mand\u00e1tum\u00e1r\u00f3l.<\/p>\n<p>18.13<\/p>\n<p>Dud\u00e1s R\u00f3bert (Jobbik) k\u00f6sz\u00f6ni a v\u00e1laszt, mer legut\u00f3bb \u0151 k\u00e9rdezett r\u00e1 a  helyzetre. Egyik szeme s\u00edr, a m\u00e1sik nevet. Kar\u00e1csonykor ugyan nem kell  k\u00f6lt\u00f6zni, de csak n\u00e9gy h\u00f3napot kaptak az \u00fcgy rendez\u00e9s\u00e9re. Elmondja: az  el\u0151z\u0151 vezet\u00e9snek minderre h\u00e1rom \u00e9ve volt. Azt k\u00e9ri kezdj\u00e9k meg a munk\u00e1t.<\/p>\n<p>18.11<\/p>\n<p>Horv\u00e1th k\u00e9rdezi van-e valakinek bejelent\u00e9se, hozz\u00e1teszi neki lesz. \u0150  sz\u00f3l: a m\u00e1trah\u00e1zi id\u0151sek otthona kapcs\u00e1n elmondja, hogy a napokban  meg\u00e9rkezett dr. Sz\u00f3cska Mikl\u00f3s \u00e1llamtitk\u00e1r v\u00e1lasza, amely tartalmazza a  korm\u00e1nyzat lehet\u0151s\u00e9geit: \u00e1prilis v\u00e9g\u00e9ig lehet fenntartani a jelenlegi  \u00e1llapotot. N\u00e9gyh\u00f3napos id\u0151szak \u00e1ll az \u00f6nkorm\u00e1nyzat el\u0151tt, hogy helyesen  d\u00f6ntsenek, s megoldj\u00e1k a helyzetet.<\/p>\n<p>18.10<\/p>\n<p>15. napirendi pontk\u00e9nt a s\u00fcrg\u0151ss\u00e9gi ind\u00edtv\u00e1nyr\u00f3l szavaznak. Hat  hivatali munkat\u00e1rs sz\u00e1m\u00e1ra biztos\u00edtj\u00e1k az \u00e9letp\u00e1lya m\u00e9lt\u00f3 lez\u00e1r\u00e1s\u00e1t  &#8211;\u00a0mondja az eln\u00f6k. Hozz\u00e1teszi: ez nem\u00a0r\u00f3 k\u00fcl\u00f6n anyagi terhet az  \u00f6nkorm\u00e1nyzatra.<\/p>\n<p>18.08<\/p>\n<p>Horv\u00e1th L\u00e1szl\u00f3 megk\u00f6sz\u00f6ni a sz\u00ednvonalas munk\u00e1t a besz\u00e1mol\u00f3 k\u00e9sz\u00edt\u0151inek.<\/p>\n<p>18.03<\/p>\n<p>Dr. Bodn\u00e1r Judit, az \u00c1NTSZ \u00c9szak-Magyarorsz\u00e1gi Region\u00e1lis  Tiszti-f\u0151orvosa ismerteti t\u00e1j\u00e9koztat\u00f3j\u00e1t a megye lakoss\u00e1g\u00e1nak  eg\u00e9szs\u00e9g\u00fcgyi \u00e1llapot\u00e1r\u00f3l.<\/p>\n<p>Kider\u00fcl: a megy\u00e9ben \u00f6reged\u0151 a n\u00e9pess\u00e9g, ahogy az eg\u00e9sz orsz\u00e1gban. Az  EU tag\u00e1llamaihoz k\u00e9pest rosszabbul \u00e1llunk: jellemz\u0151 a kering\u00e9si \u00e9s a  daganatos betegs\u00e9gek miatti hal\u00e1loz\u00e1s.<\/p>\n<p>Kiemelte a t\u00e1j\u00e9koztat\u00f3ban a doh\u00e1nyz\u00e1ssal \u00e9s a m\u00e9rt\u00e9ktelen  alkholfogyaszt\u00e1ssal kapcsolatos mutat\u00f3kat, amely a h\u00e1tr\u00e1nyos t\u00e9rs\u00e9gekben  kiugr\u00f3.<\/p>\n<p>Dr. Bodn\u00e1r Judit kiemeli az alkohol-probl\u00e9ma kapcs\u00e1n a mennyis\u00e9g  mellett a min\u0151s\u00e9g szerep\u00e9t. Tal\u00e1ltak olyan vodk\u00e1t, amely metil-alkoholt  tartalmazott, ami k\u00f6ztudottan m\u00e1jk\u00e1ros\u00edt\u00f3 hat\u00e1s\u00fa. A tisztif\u0151orvos  hozz\u00e1teszi: ugyan borvid\u00e9ken \u00e9l\u00fcnk a m\u00e9rt\u00e9kletess\u00e9gre \u00fcgyelni kell.  P\u00e9ldak\u00e9nt eml\u00edti Franciaorsz\u00e1got, ahol szint\u00e9n j\u00f3 borok vannak, m\u00e9gsem  prob\u00e9lma a m\u00e9rt\u00e9ktelen fogyaszt\u00e1s.<\/p>\n<p>18.00<\/p>\n<p>Harangoznak. A Heves Megyei \u00d6nkorm\u00e1nyzat Id\u0151sek Otthona egri int\u00e9zm\u00e9ny\u00e9ben eddig 90 f\u0151t gondoztak, ezt most 10-zel b\u0151v\u00edtik.<\/p>\n<p>17.56<\/p>\n<p>Az \u00f6nkorm\u00e1nyzat b\u00e9lap\u00e1tfalvi int\u00e9zm\u00e9ny\u00e9ben 100 f\u0151 id\u0151s\u00a0szem\u00e9lyt \u00e9s  230 f\u0151\u00a0fogyat\u00e9kkal \u00e9l\u0151t gondoznak. V\u00e1ltozatatnak az ar\u00e1nyon: 30 f\u0151nyi  helyet \u00e1tcsoportos\u00edtanak az id\u0151sek r\u00e9szleg\u00e9re.<\/p>\n<p>17.54<\/p>\n<p>A Markhot Ferenc K\u00f3rh\u00e1z \u00e9s\u00a0t\u00f6bb m\u00e1sik int\u00e9zm\u00e9ny 2007-ben l\u00e9trehozta a  K\u00f3rh\u00e1zinformatikai Kft.-t. A jogut\u00f3d n\u00e9lk\u00fcli megsz\u0171n\u00e9s ut\u00e1n tag lett a  megyei\u00a0\u00f6nkorm\u00e1nyzat (ahogy az \u00f3zdi \u00e9s a kazincbarcikai is). Most arr\u00f3l  d\u00f6ntenek, hogy lemondjanak az \u00fczletr\u00e9sz \u00e1truh\u00e1z\u00e1s\u00e1val kapcsolatos  el\u0151v\u00e9teli jogr\u00f3l. A k\u00e9pvisel\u0151k elfogadt\u00e1k az el\u0151terjeszt\u00e9s\u00e9t.<\/p>\n<p>17.52<\/p>\n<p>K\u00f6zben halljuk: az egyetlen jelentkez\u0151 visszal\u00e9pett, \u00edgy egyel\u0151re nem  biztos, hogy lesz \u00e9rdemben k\u00f6zmeghallgat\u00e1s, b\u00e1r a k\u00f6zgy\u0171l\u00e9s v\u00e9g\u00e9ig  b\u00e1rki jelentkezhet.<\/p>\n<p>17.50<\/p>\n<p>Fekete L\u00e1szl\u00f3 olvasta cikk\u00fcnket arr\u00f3l, hogy mi lesz Horv\u00e1th\u00a0L\u00e1szl\u00f3 feladata\u00a0a j\u00f6v\u0151ben. Gratul\u00e1l neki.<\/p>\n<p>Az eln\u00f6k megk\u00f6sz\u00f6ni, de elmondja: szerette volna elker\u00fclni azt, hogy  ez az \u00fcl\u00e9s k\u00f6zben t\u00e9ma legyen. A v\u00e9g\u00e9n jelenti be, hogy korm\u00e1nymegb\u00edzott  lesz.<\/p>\n<p>17.42<\/p>\n<p>Dr. Barta Viktor elmondja: soron k\u00edv\u00fcli \u00fcl\u00e9sen nem k\u00f6telez\u0151 az eln\u00f6ki jelent\u00e9s, ez\u00e9rt nem volt.<\/p>\n<p>A sportkoncepci\u00f3 kapcs\u00e1n dr. Barta Viktor elmondja: a bizotts\u00e1g t\u00e1rgyalja.<\/p>\n<p>17.40<\/p>\n<p>Fekete L\u00e1szl\u00f3 k\u00f6sz\u00f6ni, hogy kevesebb lesz a soron k\u00edv\u00fcli \u00fcl\u00e9s. Dr.  Barta Viktor f\u0151jegyz\u0151t\u0151l k\u00e9rdezi nem kellett volna-e minden \u00fcl\u00e9s elej\u00e9n  jelent\u00e9st tenni az eln\u00f6knek? (A janu\u00e1ri k\u00f6zgy\u0171l\u00e9s eln\u00f6ki jelent\u00e9ssel  kezd\u0151dik majd). Azt is megk\u00e9rdezi: mi\u00e9rt nem l\u00e1tja a sport-koncepci\u00f3t.<\/p>\n<p>17.35<\/p>\n<p>A k\u00f6zgy\u0171l\u00e9s j\u00f6v\u0151 \u00e9vi \u00fcl\u00e9sterv\u00e9r\u0151l d\u00f6ntenek a k\u00e9pvisel\u0151k, amely 10  alkalmat jelent. Gondolkodnak rajta, hogy\u00a0a j\u00f6v\u0151ben hath\u00f3napos  feladatervre t\u00e9rn\u00e9nek \u00e1t.\u00a0 Ezzel megel\u0151zn\u00e9k azt, hogy olyan sok  rendk\u00edv\u00fcli \u00fcl\u00e9s legyen, mint az ut\u00f3bbi id\u0151ben.<\/p>\n<p>(A k\u00f6lts\u00e9gvet\u00e9si koncepci\u00f3r\u00f3l sz\u00f3l\u00f3 el\u0151terjeszt\u00e9s kapcs\u00e1n kialakult  vit\u00e1t\u00f3l eltekintve meglehet\u0151sen nyugodt hangulat\u00fa a l\u00e9gk\u00f6r. A terem  sark\u00e1ban \u00e1ll a a Megyeh\u00e1za kar\u00e1csonyf\u00e1ja, sz\u00e9pen feld\u00edsz\u00edtve. A  k\u00e9pvisel\u0151k n\u00e9ha r\u00e1pillantanak.)<\/p>\n<p>17.32<\/p>\n<p>Dr. Nagy Imre szerint kem\u00e9nyebben kellett volna fell\u00e9pni az OTP-vel  szemben, mert t\u00f6bbsz\u00f6r\u00f6s\u00e9t fizetik vissza. Horv\u00e1th szerint az\u00e9rt, mert a  p\u00e9nzint\u00e9zet nem l\u00e1t\u00a0 garanci\u00e1t arra, hogy a megye teljes\u00edti a  visszafizet\u00e9st. Hozz\u00e1teszi: &#8222;nem az OTP-vel szemben kell kezdeni a  kem\u00e9nyked\u00e9st&#8221;. Erre a p\u00e9nzre sz\u00fcks\u00e9g van.<\/p>\n<p>Az el\u0151terjeszt\u00e9st 8 igen, 1 nem, 6 tart\u00f3zkod\u00e1s mellett elfogadt\u00e1k: 1,8 mill\u00e1rdra b\u0151v\u00edti a megye\u00a0a hitelkeretet.<\/p>\n<p>17.30<\/p>\n<p>Kor\u00e1bban a k\u00e9pvisel\u0151k <a href=\"http:\/\/www.heol.hu\/heves\/kozelet\/megis-maradhat-az-otthon-343345\" target=\"_blank\">200 milli\u00f3s hitelkeret-b\u0151v\u00edt\u00e9sr\u0151l d\u00f6nt\u00f6ttek<\/a>,  ezt most m\u00e9g 100-zal toldan\u00e1k meg. Az el\u0151terjeszt\u00e9s szerint k\u00f6tv\u00e9nyb\u0151l  600 milli\u00f3t kell visszafizetni, egy egri, Baktai \u00fat ingatlanra  jelz\u00e1logot is enged\u00e9lyeznek, s v\u00e1llalj\u00e1k, hogy 2012. j\u00fanius 30-ig 1,2  milli\u00e1rdra cs\u00f6kkentik a hitelkeretet.<\/p>\n<p>17.25<br \/>\n9 igen,\u00a02\u00a0nem, 4 tart\u00f3zkod\u00e1s mellett elfogadj\u00e1k a koncepci\u00f3t.<\/p>\n<p>17.22<\/p>\n<p>Horv\u00e1th szerint a koncepci\u00f3 egyik kulcsszava: az \u0151szintes\u00e9g. Azaz, ne \u00edg\u00e9rjenek olyat, amit nem lehet betartani.<\/p>\n<p>17.21<\/p>\n<p>Fekete hozz\u00e1sz\u00f3l\u00e1s\u00e1ra reag\u00e1lva az eln\u00f6k elmondja: h\u00f3napok \u00f3ta  tr\u00fckk\u00f6znek \u00e9s megpr\u00f3b\u00e1lj\u00e1k kij\u00e1tszani a p\u00e9nzint\u00e9zetet, hogy ki tudj\u00e1k  fizetni a dolgoz\u00f3k b\u00e9r\u00e9t. Nem \u00e9rti p\u00e9ld\u00e1ul, hopgy lehetett hagyni  elrohadni a par\u00e1df\u00fcrd\u0151i szoci\u00e1lis otthont, amikor ingatlan-elad\u00e1sb\u00f3l  p\u00e9nzhez juthatna az \u00f6nkorm\u00e1nyzat.<\/p>\n<p>17.17<\/p>\n<p>Horv\u00e1th L\u00e1szl\u00f3 szerint eddig folymatosan, hossz\u00fa \u00e9vekig,  koncepci\u00f3zusan t\u00f6rt\u00e9nt forr\u00e1skivon\u00e1s, ez\u00e9rt v\u00e1lasztott\u00e1k az  \u00f6nkorm\u00e1nyzatok a k\u00f6tv\u00e9nykibocs\u00e1t\u00e1st. Hozz\u00e1teszi: amikor a ny\u00e1ron az  el\u0151z\u0151 vezet\u00e9s 1,5 milli\u00e1rdra fesz\u00edtette ki a hitelkeretet, m\u00e1r tudni  kellett volna, hogy ezt vissza kell fizetni.<\/p>\n<p>17.15<\/p>\n<p>Dr. Nagy Imre gratul\u00e1l Oroj\u00e1nnak. Szerinte a k\u00e9toldalas nyomtat\u00e1s ugyanakkor nem oldja meg a havi sz\u00e1zmilli\u00f3s illet\u00e9kkies\u00e9st.<\/p>\n<p>A szocialista politikus hozz\u00e1teszi, ha az Orb\u00e1n-korm\u00e1ny nem hoz olyan  d\u00f6nt\u00e9st, hogy most cs\u00f6kken az illet\u00e9kbev\u00e9tel, most visszafizetn\u00e9k a  hitelt, s nem \u00fajabbat venn\u00e9nek fel.<\/p>\n<p>17.14<\/p>\n<p>Oroj\u00e1n szerint \u00e1t kell tekinteni az \u00f6nkorm\u00e1nyzat \u00e9s int\u00e9zm\u00e9nyeinek  eszk\u00f6zeit.\u00a0Fontosnak tartja a &#8222;z\u00f6ld&#8221; \u00e9s energiahat\u00e9kony megold\u00e1sokat.  Kiemeli p\u00e9ld\u00e1ul a k\u00e9toldalas nyomtat\u00e1st, ami szerinte nem egy  science\u00a0fiction elv\u00e1r\u00e1s.<\/p>\n<p>17.12<\/p>\n<p>Oroj\u00e1n S\u00e1ndor ismerteti m\u00f3dos\u00edt\u00f3 javaslatait (amelyeket a bizotts\u00e1gi  \u00fcl\u00e9sen mindenki t\u00e1mogatott). Szerinte ez a koncepci\u00f3 mindennek az  orig\u00f3ja, amely kijel\u00f6li azt az ir\u00e1nyt, amerre haladni szeretn\u00e9nek. Azt  mondja a szocialista \u00f6r\u00f6ks\u00e9g miatt rossz a megye gazdas\u00e1gi helyzete.<\/p>\n<p>Az MSZP frakci\u00f3 fel\u0151l morg\u00e1s hallatszik.<\/p>\n<p>17.10<\/p>\n<p>Fekete L\u00e1szl\u00f3 (MSZP) azt k\u00e9ri Horv\u00e1th L\u00e1szl\u00f3t\u00f3l, hogy a Parlamentben lobbizzon a k\u00f6zszf\u00e9ra dolgoz\u00f3inak b\u00e9remel\u00e9s\u00e9\u00e9rt.<\/p>\n<p>17.08<\/p>\n<p>A 12 perces hozz\u00e1sz\u00f3l\u00e1s\u00e1t \u00f6sszegezve elmondja: nem l\u00e1tja azt az ir\u00e1nyt, ami kifel\u00e9 vezetn\u00e9 az \u00f6nkorm\u00e1nyzatot.<\/p>\n<p>17.03<\/p>\n<p>Dr. Nagy Imre az el\u0151terjeszt\u00e9sr\u0151l elmondja, hogy\u00a038,6 milli\u00f3val  tervezhet kevesebbet a sz\u00ednh\u00e1z \u00e9s a b\u00e1bsz\u00ednh\u00e1z.\u00a0A k\u00e9pvisel\u0151 szerint ez  70 milli\u00f3s kies\u00e9s az int\u00e9zm\u00e9nyeknek.<\/p>\n<p>Visszautal\u00a0T\u00f3th Csaba napirend el\u0151tt felsz\u00f3lal\u00e1s\u00e1ra: dr. Nagy Imre  szerint nem a megy\u00e9nek kellene seg\u00edtenie a hatvani int\u00e9zm\u00e9nyeket, hanem a  Zagyva-parti v\u00e1rosnak kellene saj\u00e1t kez\u00e9be venni int\u00e9zm\u00e9nyeinek  finansz\u00edroz\u00e1s\u00e1t.<\/p>\n<p>Fontosnak \u00e9rzi, hogy milyen egy\u00e9b bev\u00e9teleket tud hozni a megye.  \u00d6r\u00f6mmel l\u00e1tja, hogy az \u00f6nhib\u00e1jukon k\u00edv\u00fcl h\u00e1tr\u00e1nyos helyzetbe ker\u00fclt  \u00f6nkorm\u00e1nyzatokat t\u00e1mogatj\u00e1k, de szerinte a Heves megy\u00e9be \u00e9rkez\u0151 20  milli\u00f3, mind\u00f6ssze egy B\u00e9lap\u00e1tfalva m\u00e9ret\u0171 \u00f6nkorm\u00e1nyzatnak el\u00e9g.<\/p>\n<p>17.01<\/p>\n<p>Az MSZP-s k\u00e9pvisel\u0151 szerint szigor\u00fa k\u00f6lts\u00e9gvet\u00e9s kell, az \u00e9v m\u00e1sodik  fel\u00e9ben tapasztaltak szerint ugyanis jelent\u0151s bev\u00e9tel-cs\u00f6kken\u00e9s v\u00e1rhat\u00f3.  Emellett el kell kezdeni a hitel t\u00f6rleszt\u00e9s\u00e9t is. A legf\u0151bb probl\u00e9m\u00e1ja a  koncepci\u00f3val, hogy szerinte nem tartalmaz olyan ir\u00e1nyt, amib\u0151l  l\u00e1thatn\u00e1k merre tartanak, mi az ami miatt majd &#8222;nem \u00e1ll fejre az  \u00f6nkorm\u00e1nyzat&#8221;.<\/p>\n<p>Dr. Nagy Imre szerint k\u00e9ts\u00e9ges, hogy tudj\u00e1k-e tartani az egyens\u00falyt. A  koncepci\u00f3 600 milli\u00f3s illet\u00e9kbev\u00e9tel kies\u00e9ssel sz\u00e1mol, szerinte azonban  ez az \u00f6szeg 1 milli\u00e1rd is lehet. Mivel ez az egyik f\u0151 bev\u00e9teli forr\u00e1sa  az \u00f6nkorm\u00e1nyzatnak, nehezen tervezhet\u0151 \u00e9vre sz\u00e1m\u00edt.<\/p>\n<p>16.55<\/p>\n<p>A megyei bizotts\u00e1gok t\u00e1rgyal\u00e1sra alkalmasnak tal\u00e1lt\u00e1k a koncepci\u00f3t.  Dr. Nagy Imre k\u00e9r sz\u00f3t. Elmondja: neh\u00e9z id\u0151szak j\u00f6n. A p\u00e9nz\u00fcgyi  bizotts\u00e1g kisebbs\u00e9gi v\u00e9lem\u00e9ny\u00e9t sz\u00f3ban terjeszti el\u0151, \u0151\u00a0 maga ugyanis  nem t\u00e1mogatta a koncepci\u00f3t.<\/p>\n<p>16.52<\/p>\n<p>A k\u00f6nyvvizsg\u00e1l\u00f3i besz\u00e1mol\u00f3t elfogadta\u00a0 a test\u00fclet. A j\u00f6v\u0151 \u00e9vi  k\u00f6lts\u00e9gvet\u00e9si koncepci\u00f3r\u00f3l Horv\u00e1th elmondja: priorit\u00e1st \u00e9lveznek a  k\u00f6telez\u0151 feladatok \u00e9s a k\u00f6zalkalmazotti b\u00e9rek k\u00e9rd\u00e9se.<\/p>\n<p>Horv\u00e1th hags\u00falyozza: az int\u00e9zm\u00e9nyekben egys\u00e9ges elvek szerint  indokolt tervezni a b\u00e9ren k\u00edv\u00fcli juttat\u00e1sokat. Az int\u00e9zm\u00e9nyvezet\u0151knek  megold\u00e1st kell keresni a megv\u00e1ltozott munkak\u00e9pess\u00e9g\u0171ek  foglalkoztat\u00e1s\u00e1ra. A koncepci\u00f3 nem tartalmaz semmilyen elbocs\u00e1t\u00e1st &#8211;  emeli ki az eln\u00f6k.<\/p>\n<p>16.49<\/p>\n<p>A szocialista k\u00e9pvisel\u0151 szavaira reag\u00e1lva Horv\u00e1th L\u00e1szl\u00f3 elmondja:  nem\u00a0 arr\u00f3l volt vita, hogy sz\u00fcks\u00e9g van-e a k\u00f6tv\u00e9nykibocs\u00e1t\u00e1sra, ugyanis  az \u00f6nkorm\u00e1nyzatoknak &#8211; a forr\u00e1selvon\u00e1sok miatt &#8211; csak ez az \u00fat lett  kinyitva.<\/p>\n<p>(Backstage: Am\u00edg dr. Nagy Imre besz\u00e9lt, kaptunk egy sms-t a  szocialista sajt\u00f3oszt\u00e1lyr\u00f3l: cs\u00fct\u00f6rt\u00f6k\u00f6n d\u00e9lel\u0151tt dr. Nagy Imre  sajt\u00f3t\u00e1j\u00e9koztat\u00f3t tart a j\u00f6v\u0151 \u00e9vi k\u00f6lts\u00e9gvet\u00e9sr\u0151l)<\/p>\n<p>16.43<\/p>\n<p>A megyei bizotts\u00e1gok elfogadt\u00e1k az I-III. negyed\u00e9vi k\u00f6lts\u00e9gvet\u00e9si gazd\u00e1lkod\u00e1sr\u00f3l sz\u00f3l\u00f3 besz\u00e1mol\u00f3t.<\/p>\n<p>Dr. Nagy Imre megk\u00f6sz\u00f6ni a p\u00e9nz\u00fcgyi iroda dolgoz\u00f3inak a munk\u00e1j\u00e1t.  Hozz\u00e1teszi: nem volt sikert\u00f6rt\u00e9net az elm\u00falt id\u0151szak. Elmondja: vita  volt arr\u00f3l, mennyire ad\u00f3sodott el az \u00f6nkorm\u00e1nyzat,\u00a0\u00e9s a  k\u00f6tv\u00e9nykibocs\u00e1t\u00e1sr\u00f3l is.<\/p>\n<p>16.40<\/p>\n<p>\u00d6nkorm\u00e1nyzati rendeletet m\u00f3dos\u00edtanak a k\u00e9pvisel\u0151k. A k\u00f6lts\u00e9gvet\u00e9sr\u0151l  eddig bonyolultan, k\u00e9t fordul\u00f3ban szavazhattak. A k\u00e9t voksol\u00e1s k\u00f6z\u00f6tt  k\u00f6zmeghallgat\u00e1st kellett tartani. Most ezen m\u00f3dos\u00edtanak. (Az \u00fcl\u00e9s ut\u00e1n  egy\u00e9bk\u00e9nt\u00a0 mindenk\u00e9ppen lesz k\u00f6zmeghallgat\u00e1s, egy jelentkez\u0151 m\u00e1r n\u00e9gy  \u00f3ra el\u0151tt volt. Szakszervezeti t\u00e9m\u00e1ban k\u00edv\u00e1n megsz\u00f3lalni)<\/p>\n<p>16.34<\/p>\n<p>Horv\u00e1th hozz\u00e1teszi: a f\u0151jegyz\u0151 \u00e9s az aljegyz\u0151 illetm\u00e9nye kevesebb,  mint az el\u0151djeik\u00e9 volt. Dr. Kov\u00e1cs Csab\u00e1nak havi 800 ezer forintot  szazvnak meg a k\u00e9pvisel\u0151k.<\/p>\n<p>16.30<\/p>\n<p>A megyei aljegyz\u0151 illetm\u00e9ny\u00e9r\u0151l szavaznak. Legut\u00f3bb megv\u00e1lasztott\u00e1k, de nem szavaztak neki illetm\u00e9nyt.<\/p>\n<p>Fekete L\u00e1szl\u00f3 (MSZP) \u00fagy eml\u00e9kszik legut\u00f3bb meg\u00e1llap\u00edtott\u00e1k az illetm\u00e9nyt. Horv\u00e1th eml\u00e9kezteti, a <a href=\"http:\/\/www.heol.hu\/heves\/kozelet\/dr-barta-viktor-a-megyei-fojegyzo-348316\" target=\"_blank\">technikai probl\u00e9m\u00e1ra<\/a>. Ez\u00e9rt tudtak csak szem\u00e9lyi \u00fcgyben d\u00f6nteni.<\/p>\n<p>16.27<\/p>\n<p>Szab\u00f3 Gyula (MSZP) azt mondja, a bizotts\u00e1gi \u00fcl\u00e9seken nem ismerik a  jel\u00f6lt deleg\u00e1lt tagok neveit. Azt k\u00e9ri, hogy ezent\u00fal m\u00e1r a bizotts\u00e1gi  \u00fcl\u00e9sen is ismerhess\u00e9k a nevet. Horv\u00e1th v\u00e1lasz\u00e1ban k\u00f6zli: akkor m\u00e9g nem  sz\u00fcletett egyezs\u00e9g. Sweizert mindemellett megszavazz\u00e1k a fel\u00fcgyel\u0151  bizotts\u00e1gba tagk\u00e9nt.<\/p>\n<p>16.24<\/p>\n<p>A Heves Megyei V\u00edzm\u0171 Zrt. fel\u00fcgyel\u0151 bizotts\u00e1g\u00e1ba Sweizer S\u00e1ndor P\u00e9tert (Fidesz-KDNP) jel\u00f6lik. Elfogadja a jel\u00f6l\u00e9st.<\/p>\n<p>16.20<\/p>\n<p>A Br\u00f3dy S\u00e1ndor Megyei \u00e9s V\u00e1rosi K\u00f6nyvt\u00e1rat a megye \u00e9s Eger k\u00f6z\u00f6sen  tartja fenn. 50-50 sz\u00e1zal\u00e9kban v\u00e1llalnak r\u00e9szt. E szerz\u0151d\u00e9s az \u00e9v v\u00e9g\u00e9n  lej\u00e1rna, ez\u00e9rt meghosszab\u00edtja a test\u00fclet. A t\u00e1rsul\u00e1si tan\u00e1csba k\u00e9t  k\u00e9pvisel\u0151t v\u00e1lasztanak: Boss\u00e1nyi L\u00e1szl\u00f3t (Fidesz-KDNP) \u00e9s\u00a0Sz\u0171csn\u00e9 Major  Ildik\u00f3t (Jobbik).<\/p>\n<p>16.18<\/p>\n<p>T\u00f3th Csaba, az Oktat\u00e1s Ifj\u00fas\u00e1gi \u00e9s Sport Bizotts\u00e1g eln\u00f6k\u00e9nek  besz\u00e1mol\u00f3j\u00e1t fogadj\u00e1k el a k\u00e9pvisel\u0151k. T\u00f6bbek k\u00f6z\u00f6tt ez tartalmazza, a  sz\u00ednh\u00e1zigazgat\u00f3i p\u00e1ly\u00e1zat kihirdet\u00e9s\u00e9t. Csizmadia Tibor sz\u00ednidirektor  nincs a teremben.<\/p>\n<p>16.16<\/p>\n<p>Dr. Gondos Istv\u00e1n, az \u00fcgyrendi \u00e9s Ksiebbs\u00e9gi Bizotts\u00e1g eln\u00f6kek\u00e9nt  elmondja: minden k\u00e9pvisel\u0151\u00a0betartotta a vagyonnyilatkozat-lead\u00e1si  hat\u00e1rid\u0151t.<\/p>\n<p>16.14<\/p>\n<p>Ormossy elb\u00facs\u00fazik. T\u00f3th Csaba (Fidesz-KDNP) napirend el\u0151l sz\u00f3lal  fel. Elmondja: az el\u0151z\u0151 hatvani \u00e9s megyei vezet\u00e9s nem tudott megegyezni  gazdas\u00e1gi \u00fcgyekben. A szocialist\u00e1kkal ellent\u00e9tben a mostani polg\u00e1ri  egy\u00fcttm\u0171k\u00f6d\u00e9s p\u00e9lda\u00e9rt\u00e9k\u0171, ugyanis az \u00faj vezet\u00e9s a megold\u00e1sra t\u00f6rekszik.<\/p>\n<p>16.12<\/p>\n<p>Tizen\u00f6ten vannak itt. Jelen van a megyei rend\u0151rf\u0151kapit\u00e1ny, dr. Ormossy Attila is. A k\u00e9pvisel\u0151k k\u00e9rdezhetnek t\u0151le. Nem akarnak.<\/p>\n<p>16.10<\/p>\n<p>Horv\u00e1th L\u00e1szl\u00f3 levette a zak\u00f3j\u00e1t. Nekikezd\u00fcnk.<\/p>\n<p>16.05<\/p>\n<p>Meg\u00e9rkezett Horv\u00e1th L\u00e1szl\u00f3, m\u00e9g interj\u00fat ad a v\u00e1rosi telev\u00edzi\u00f3nak. Hamarosan kezd\u00fcnk.<\/p>\n<p>15.45<\/p>\n<p>A megh\u00edv\u00f3n 14 napirnedi pont szerepel. A k\u00f6zgy\u0171l\u00e9s ut\u00e1n  k\u00f6zmeghallgat\u00e1st tart a megyei \u00f6nkorm\u00e1nyzat. Pontos id\u0151pont nincs, csak  annyi, hogy az \u00fcl\u00e9s ut\u00e1n.<\/p>\n<p>A Nemzeti Er\u0151forr\u00e1s Miniszt\u00e9rium honlapj\u00e1n m\u00e1r megjelent G\u00e1rdonyi G\u00e9za Sz\u00ednh\u00e1z <a href=\"http:\/\/www.nefmi.gov.hu\/palyazatok\/allaspalyazatok\/gardonyi-geza-szinhaz-igazgato\" target=\"_blank\">igazgat\u00f3i posztj\u00e1ra ki\u00edrt p\u00e1ly\u00e1zat<\/a>. V\u00e9lhet\u0151en <strong>Csizmadia Tibor<\/strong> sz\u00ednidirektor is szerepet kap a k\u00f6zgy\u0171l\u00e9sen.<\/p>\n<p>Forr\u00e1s: Heol<\/p>\n<div id=\"zonakod_1629\"><a href=\"http:\/\/heol.hu\/heves\/kozelet\/horvath-laszlo-elkoszont-350836#p2\"><\/a><\/div>\n","protected":false},"excerpt":{"rendered":"<p>Az idei \u00e9v utols\u00f3 megyei k\u00f6zgy\u0171l\u00e9s\u00e9re gy\u0171ltek \u00f6ssze a k\u00e9pvisel\u0151k  szerda d\u00e9lut\u00e1n a Megyeh\u00e1z\u00e1n. D\u00f6nt\u00f6ttek a hitelkeret emel\u00e9s\u00e9r\u0151l \u00e9s j\u00f6v\u0151  \u00e9vi k\u00f6lts\u00e9gvet\u00e9si koncepci\u00f3r\u00f3l is.<br \/>\n18.35<br \/>\nA terem ki\u00fcr\u00fclt, janu\u00e1rban folytat\u00f3dik a munka. Eln\u00f6ki besz\u00e1mol\u00f3val \u00e9s\u00a0\u00faj eln\u00f6kkel.<br \/>\n18.20<br \/>\nA k\u00f6zmeghallgat\u00e1snak v\u00e9ge. Ugyanis senki nem \u00e9lt a lehet\u0151s\u00e9ggel.  Horv\u00e1th L\u00e1szl\u00f3 k\u00f6sz\u00f6netet mond mindenkinek: a k\u00f6zgy\u0171l\u00e9s tagjainak, a  [&#8230;]<\/p>\n","protected":false},"author":4,"featured_media":0,"comment_status":"open","ping_status":"closed","sticky":false,"template":"","format":"standard","meta":{"footnotes":""},"categories":[3],"tags":[],"class_list":["post-3078","post","type-post","status-publish","format-standard","hentry","category-politika"],"_links":{"self":[{"href":"https:\/\/www.agriatv.hu\/index.php?rest_route=\/wp\/v2\/posts\/3078","targetHints":{"allow":["GET"]}}],"collection":[{"href":"https:\/\/www.agriatv.hu\/index.php?rest_route=\/wp\/v2\/posts"}],"about":[{"href":"https:\/\/www.agriatv.hu\/index.php?rest_route=\/wp\/v2\/types\/post"}],"author":[{"embeddable":true,"href":"https:\/\/www.agriatv.hu\/index.php?rest_route=\/wp\/v2\/users\/4"}],"replies":[{"embeddable":true,"href":"https:\/\/www.agriatv.hu\/index.php?rest_route=%2Fwp%2Fv2%2Fcomments&post=3078"}],"version-history":[{"count":2,"href":"https:\/\/www.agriatv.hu\/index.php?rest_route=\/wp\/v2\/posts\/3078\/revisions"}],"predecessor-version":[{"id":3080,"href":"https:\/\/www.agriatv.hu\/index.php?rest_route=\/wp\/v2\/posts\/3078\/revisions\/3080"}],"wp:attachment":[{"href":"https:\/\/www.agriatv.hu\/index.php?rest_route=%2Fwp%2Fv2%2Fmedia&parent=3078"}],"wp:term":[{"taxonomy":"category","embeddable":true,"href":"https:\/\/www.agriatv.hu\/index.php?rest_route=%2Fwp%2Fv2%2Fcategories&post=3078"},{"taxonomy":"post_tag","embeddable":true,"href":"https:\/\/www.agriatv.hu\/index.php?rest_route=%2Fwp%2Fv2%2Ftags&post=3078"}],"curies":[{"name":"wp","href":"https:\/\/api.w.org\/{rel}","templated":true}]}}