{"id":3121,"date":"2010-12-31T12:22:59","date_gmt":"2010-12-31T12:22:59","guid":{"rendered":"http:\/\/www.agriatv.hu\/?p=3121"},"modified":"2010-12-31T12:22:59","modified_gmt":"2010-12-31T12:22:59","slug":"rendoroket-jutalmazott-az-autoklub","status":"publish","type":"post","link":"https:\/\/www.agriatv.hu\/?p=3121","title":{"rendered":"Rend\u0151r\u00f6ket jutalmazott az Aut\u00f3klub"},"content":{"rendered":"<p><a href=\"https:\/\/www.agriatv.hu\/wp-content\/uploads\/2010\/12\/1230police_v.jpg\"><img loading=\"lazy\" decoding=\"async\" class=\"alignleft size-medium wp-image-3122\" title=\"1230police_v\" src=\"https:\/\/www.agriatv.hu\/wp-content\/uploads\/2010\/12\/1230police_v-300x240.jpg\" alt=\"\" width=\"118\" height=\"94\" srcset=\"https:\/\/www.agriatv.hu\/wp-content\/uploads\/2010\/12\/1230police_v-300x240.jpg 300w, https:\/\/www.agriatv.hu\/wp-content\/uploads\/2010\/12\/1230police_v.jpg 720w\" sizes=\"auto, (max-width: 118px) 100vw, 118px\" \/><\/a>2005 \u00f3ta a Magyar Aut\u00f3klub \u00c9szak-Magyarorsz\u00e1gi  Ter\u00fcleti szervezete  minden \u00e9v  december\u00e9ben \u2013 az MBB javaslata alapj\u00e1n \u2013  jutalomban  r\u00e9szes\u00edti a  kimagasl\u00f3 munk\u00e1t v\u00e9gz\u0151 k\u00f6zleked\u00e9srend\u00e9szeti  ter\u00fcleten  szolg\u00e1latot  ell\u00e1t\u00f3 rend\u0151r\u00f6ket. Az idei esztend\u0151ben a Gy\u00f6ngy\u00f6si  Rk  illet\u00e9kess\u00e9gi  ter\u00fclet\u00e9r\u0151l J\u00f3n\u00e1s \u00c1d\u00e1m r. f\u0151t\u00f6rzs\u0151rmester, a Gy\u00f6ngy\u00f6si   Rk.  K\u00f6zleked\u00e9srend\u00e9szeti Aloszt\u00e1ly forgalomellen\u0151rz\u0151 j\u00e1r\u0151re, a   F\u00fczesabonyi  Rk. illet\u00e9kess\u00e9gi ter\u00fclet\u00e9r\u0151l pedig Kiss Zolt\u00e1n r.   f\u0151t\u00f6rzsz\u00e1szl\u00f3s, a  F\u00fczesabonyi Rk. K\u00f6zleked\u00e9srend\u00e9szeti Aloszt\u00e1ly  baleset   helysz\u00ednel\u0151-vizsg\u00e1l\u00f3ja r\u00e9szes\u00fcl jutalomban.<\/p>\n<div class=\"wordtube\">\n<div class=\"wordtube single188\" id=\"WT1_1\" style=\"width:320px; height:240px;\">\n<a href=\"http:\/\/www.macromedia.com\/go\/getflashplayer\">Get the Flash Player<\/a> to see the wordTube Media Player.\n<\/div><\/div>\n\t<script type=\"text\/javascript\" defer=\"defer\">\nvar WT1_1 = {\n\tparams : {\n\t\twmode : \"opaque\",\n\t\tallowscriptaccess : \"always\",\n\t\tallownetworking : \"all\",\n\t\tallowfullscreen : \"true\"},\n\tflashvars : {\n\t\tfile : \"http%3A%2F%2Fwww.agriatv.hu%2Fwp-content%2Fuploads%2F2010%2F12%2F1230police.flv\",\n\t\tvolume : \"80\",\n\t\tbufferlength : \"5\",\n\t\tquality : \"false\",\n\t\t'logo.hide' : \"false\",\n\t\timage : \"http%3A%2F%2Fwww.agriatv.hu%2Fwp-content%2Fuploads%2F2010%2F12%2F1230police.jpg\",\n\t\ttitle : \"1230police.flv\",\n\t\tlinktarget : \"_self\"},\n\tattr : {\n\t\tid : \"WT1\",\n\t\tname : \"WT1\"},\n\tstart : function() {\n\t\tswfobject.embedSWF(\"https:\/\/www.agriatv.hu\/\/player.swf\", \"WT1_1\", \"320\", \"240\", \"9.0.0\", false, this.flashvars, this.params , this.attr );\n\t}\n}\nWT1_1.start();\n\t<\/script>\n\n","protected":false},"excerpt":{"rendered":"<p>2005 \u00f3ta a Magyar Aut\u00f3klub \u00c9szak-Magyarorsz\u00e1gi  Ter\u00fcleti szervezete  minden \u00e9v  december\u00e9ben \u2013 az MBB javaslata alapj\u00e1n \u2013  jutalomban  r\u00e9szes\u00edti a  kimagasl\u00f3 munk\u00e1t v\u00e9gz\u0151 k\u00f6zleked\u00e9srend\u00e9szeti  ter\u00fcleten  szolg\u00e1latot  ell\u00e1t\u00f3 rend\u0151r\u00f6ket. Az idei esztend\u0151ben a Gy\u00f6ngy\u00f6si  Rk  illet\u00e9kess\u00e9gi  ter\u00fclet\u00e9r\u0151l J\u00f3n\u00e1s \u00c1d\u00e1m r. f\u0151t\u00f6rzs\u0151rmester, a Gy\u00f6ngy\u00f6si  [&#8230;]<\/p>\n","protected":false},"author":4,"featured_media":0,"comment_status":"open","ping_status":"closed","sticky":false,"template":"","format":"standard","meta":{"footnotes":""},"categories":[5],"tags":[],"class_list":["post-3121","post","type-post","status-publish","format-standard","hentry","category-kek-hirek"],"_links":{"self":[{"href":"https:\/\/www.agriatv.hu\/index.php?rest_route=\/wp\/v2\/posts\/3121","targetHints":{"allow":["GET"]}}],"collection":[{"href":"https:\/\/www.agriatv.hu\/index.php?rest_route=\/wp\/v2\/posts"}],"about":[{"href":"https:\/\/www.agriatv.hu\/index.php?rest_route=\/wp\/v2\/types\/post"}],"author":[{"embeddable":true,"href":"https:\/\/www.agriatv.hu\/index.php?rest_route=\/wp\/v2\/users\/4"}],"replies":[{"embeddable":true,"href":"https:\/\/www.agriatv.hu\/index.php?rest_route=%2Fwp%2Fv2%2Fcomments&post=3121"}],"version-history":[{"count":1,"href":"https:\/\/www.agriatv.hu\/index.php?rest_route=\/wp\/v2\/posts\/3121\/revisions"}],"predecessor-version":[{"id":3123,"href":"https:\/\/www.agriatv.hu\/index.php?rest_route=\/wp\/v2\/posts\/3121\/revisions\/3123"}],"wp:attachment":[{"href":"https:\/\/www.agriatv.hu\/index.php?rest_route=%2Fwp%2Fv2%2Fmedia&parent=3121"}],"wp:term":[{"taxonomy":"category","embeddable":true,"href":"https:\/\/www.agriatv.hu\/index.php?rest_route=%2Fwp%2Fv2%2Fcategories&post=3121"},{"taxonomy":"post_tag","embeddable":true,"href":"https:\/\/www.agriatv.hu\/index.php?rest_route=%2Fwp%2Fv2%2Ftags&post=3121"}],"curies":[{"name":"wp","href":"https:\/\/api.w.org\/{rel}","templated":true}]}}