{"id":3129,"date":"2011-01-01T22:18:10","date_gmt":"2011-01-01T22:18:10","guid":{"rendered":"http:\/\/www.agriatv.hu\/?p=3129"},"modified":"2011-04-28T12:25:04","modified_gmt":"2011-04-28T12:25:04","slug":"megszulettek-az-esztendo-elso-babai","status":"publish","type":"post","link":"https:\/\/www.agriatv.hu\/?p=3129","title":{"rendered":"Megsz\u00fclettek az esztend\u0151 els\u0151 bab\u00e1i"},"content":{"rendered":"<p><img loading=\"lazy\" decoding=\"async\" id=\"il_fi\" class=\"alignleft\" style=\"padding-right: 8px; padding-top: 8px; padding-bottom: 8px;\" src=\"http:\/\/ilovepecs.hu\/upload\/webdisk\/Baba4.jpg\" alt=\"\" width=\"119\" height=\"93\" \/><strong>Gy\u00f6ngy\u00f6s\u00f6n hajnali n\u00e9gykor, Egerben h\u00e1romnegyed hatkor sz\u00fcletett meg az \u00e9v els\u0151 bab\u00e1ja. <\/strong><\/p>\n<p>A gy\u00f6ngy\u00f6si k\u00f3rh\u00e1zban 4 \u00f3ra 5 perckor sz\u00fcletett meg az idei \u00e9v els\u0151  \u00fajsz\u00fcl\u00f6ttje. A kisl\u00e1ny Anett n\u00e9vre hallgat, 3500 grammal \u00e9s 54  centim\u00e9terrel j\u00f6tt a vil\u00e1gra. A baba kar\u00e1csondi sz\u00fcl\u0151k harmadik  gyermekek\u00e9nt j\u00f6tt a vil\u00e1gra. \u0150, \u00e9s \u00e9desanyja egyar\u00e1nt j\u00f3l vannak &#8211;  tudtuk meg a Bug\u00e1t P\u00e1l K\u00f3rh\u00e1z sajt\u00f3referens\u00e9t\u0151l.<\/p>\n<p>Egerben 5 \u00f3ra 45 perckor sz\u00fcletett az \u00faj \u00e9v els\u0151 kisbab\u00e1ja. Az egri  Franciska Csenge 2 kil\u00f3 75 dek\u00e1val j\u00f6tt a vil\u00e1gra, \u00e9desanyja el\u0151s  gyermekek\u00e9nt. A m\u00e1sodik cs\u00f6pps\u00e9g f\u00fczesabonyi sz\u00fcl\u0151k harmadik gyermeke,  aki az Istv\u00e1n nevet kapta. A kisf\u00fa 2900 grammal sz\u00fcletett. A hatvani k\u00f3rh\u00e1zban az \u00faj \u00e9v els\u0151 napj\u00e1n nem sz\u00fcletett gyermek, \u00e9s \u00fagy  t\u00e1j\u00e9koztattak, hogy nincs olyan v\u00e1rand\u00f3s kismama az int\u00e9zm\u00e9nyben, aki az  \u00e9v els\u0151 napj\u00e1n sz\u00fclne.<\/p>\n<p>Forr\u00e1s: HEOL<\/p>\n","protected":false},"excerpt":{"rendered":"<p>Gy\u00f6ngy\u00f6s\u00f6n hajnali n\u00e9gykor, Egerben h\u00e1romnegyed hatkor sz\u00fcletett meg az \u00e9v els\u0151 bab\u00e1ja.<br \/>\nA gy\u00f6ngy\u00f6si k\u00f3rh\u00e1zban 4 \u00f3ra 5 perckor sz\u00fcletett meg az idei \u00e9v els\u0151  \u00fajsz\u00fcl\u00f6ttje. A kisl\u00e1ny Anett n\u00e9vre hallgat, 3500 grammal \u00e9s 54  centim\u00e9terrel j\u00f6tt a vil\u00e1gra. A baba kar\u00e1csondi sz\u00fcl\u0151k harmadik  gyermekek\u00e9nt j\u00f6tt a vil\u00e1gra. \u0150, \u00e9s \u00e9desanyja egyar\u00e1nt [&#8230;]<\/p>\n","protected":false},"author":4,"featured_media":0,"comment_status":"open","ping_status":"closed","sticky":false,"template":"","format":"standard","meta":{"footnotes":""},"categories":[6],"tags":[],"class_list":["post-3129","post","type-post","status-publish","format-standard","hentry","category-belfold"],"_links":{"self":[{"href":"https:\/\/www.agriatv.hu\/index.php?rest_route=\/wp\/v2\/posts\/3129","targetHints":{"allow":["GET"]}}],"collection":[{"href":"https:\/\/www.agriatv.hu\/index.php?rest_route=\/wp\/v2\/posts"}],"about":[{"href":"https:\/\/www.agriatv.hu\/index.php?rest_route=\/wp\/v2\/types\/post"}],"author":[{"embeddable":true,"href":"https:\/\/www.agriatv.hu\/index.php?rest_route=\/wp\/v2\/users\/4"}],"replies":[{"embeddable":true,"href":"https:\/\/www.agriatv.hu\/index.php?rest_route=%2Fwp%2Fv2%2Fcomments&post=3129"}],"version-history":[{"count":4,"href":"https:\/\/www.agriatv.hu\/index.php?rest_route=\/wp\/v2\/posts\/3129\/revisions"}],"predecessor-version":[{"id":3131,"href":"https:\/\/www.agriatv.hu\/index.php?rest_route=\/wp\/v2\/posts\/3129\/revisions\/3131"}],"wp:attachment":[{"href":"https:\/\/www.agriatv.hu\/index.php?rest_route=%2Fwp%2Fv2%2Fmedia&parent=3129"}],"wp:term":[{"taxonomy":"category","embeddable":true,"href":"https:\/\/www.agriatv.hu\/index.php?rest_route=%2Fwp%2Fv2%2Fcategories&post=3129"},{"taxonomy":"post_tag","embeddable":true,"href":"https:\/\/www.agriatv.hu\/index.php?rest_route=%2Fwp%2Fv2%2Ftags&post=3129"}],"curies":[{"name":"wp","href":"https:\/\/api.w.org\/{rel}","templated":true}]}}