{"id":3132,"date":"2011-01-02T13:16:12","date_gmt":"2011-01-02T13:16:12","guid":{"rendered":"http:\/\/www.agriatv.hu\/?p=3132"},"modified":"2011-01-02T13:16:12","modified_gmt":"2011-01-02T13:16:12","slug":"katyu-karigenyek-bejelentese","status":"publish","type":"post","link":"https:\/\/www.agriatv.hu\/?p=3132","title":{"rendered":"K\u00e1ty\u00fa-k\u00e1rig\u00e9nyek bejelent\u00e9se"},"content":{"rendered":"<p><img loading=\"lazy\" decoding=\"async\" class=\"alignleft\" src=\"http:\/\/www.egriszin.hu\/RenderedContents\/IndexImages\/7\/7062-20110102041240-katyus.JPG\" alt=\"\" width=\"150\" height=\"113\" \/><\/p>\n<p><strong>Az ut\u00f3bbi h\u00f3napokban a r\u00e9gi\u00f3ban t\u00f6bb \u00fatszakaszt is fel\u00faj\u00edtottak,  de a csapad\u00e9kos id\u0151j\u00e1r\u00e1s \u00e9s a fagyok k\u00f6vetkezt\u00e9ben \u00fajra kialakultak a  k\u00e1ty\u00fak. A hideg miatt egyel\u0151re nem lehet helyre\u00e1ll\u00edtani az utakat, de  lehet\u0151s\u00e9g van k\u00e1rig\u00e9ny beny\u00fajt\u00e1s\u00e1ra.<\/strong><\/p>\n<p>P\u00e9csi Norbert, a Magyar K\u00f6z\u00fat Nonprofit Zrt.  kommunik\u00e1ci\u00f3s csoportvezet\u0151j\u00e9nek t\u00e1j\u00e9koztat\u00e1sa szerint  k\u00e1ty\u00fa-k\u00e1rig\u00e9nyeket mindig az adott \u00fat kezel\u0151j\u00e9n\u00e9l kell jelenteni.<\/p>\n<p>\u201eAmennyiben  a t\u00e1rsas\u00e1gunk \u00e1ltal \u00fczemeltetett orsz\u00e1gos k\u00f6z\u00fath\u00e1l\u00f3zaton k\u00e1ty\u00fak\u00e1r \u00e9ri a  k\u00f6zleked\u0151ket, akkor a k\u00e1rig\u00e9ny\u00fcket a Magyar K\u00f6z\u00fat Nonprofit Zrt.  illet\u00e9kes megyei igazgat\u00f3s\u00e1g\u00e1n lehet bejelenteni. Az el\u00e9rhet\u0151s\u00e9geket  megtal\u00e1lj\u00e1k a www.kozut.hu weboldalon kereszt\u00fcl. Az \u0171rlap let\u00f6lthet\u0151 a  weboldalunkon. A bejelent\u00e9st szem\u00e9lyesen vagy ak\u00e1r e-mailen is  megtehetik t\u00e1rsas\u00e1gunkn\u00e1l. A beny\u00fajtott adatlapot a munkat\u00e1rsaink  megvizsg\u00e1lj\u00e1k, s nyilv\u00e1ntart\u00e1sba veszik a k\u00e1resem\u00e9nyt\u201d \u2013 t\u00e1j\u00e9koztatott a  csoportvezet\u0151.<\/p>\n<p>Forr\u00e1s: <a href=\"http:\/\/egriszin.hu\">Egrisz\u00edn<\/a><\/p>\n","protected":false},"excerpt":{"rendered":"<p>Az ut\u00f3bbi h\u00f3napokban a r\u00e9gi\u00f3ban t\u00f6bb \u00fatszakaszt is fel\u00faj\u00edtottak,  de a csapad\u00e9kos id\u0151j\u00e1r\u00e1s \u00e9s a fagyok k\u00f6vetkezt\u00e9ben \u00fajra kialakultak a  k\u00e1ty\u00fak. A hideg miatt egyel\u0151re nem lehet helyre\u00e1ll\u00edtani az utakat, de  lehet\u0151s\u00e9g van k\u00e1rig\u00e9ny beny\u00fajt\u00e1s\u00e1ra.<br \/>\nP\u00e9csi Norbert, a Magyar K\u00f6z\u00fat Nonprofit Zrt.  kommunik\u00e1ci\u00f3s csoportvezet\u0151j\u00e9nek t\u00e1j\u00e9koztat\u00e1sa szerint  k\u00e1ty\u00fa-k\u00e1rig\u00e9nyeket mindig az adott \u00fat [&#8230;]<\/p>\n","protected":false},"author":4,"featured_media":0,"comment_status":"open","ping_status":"closed","sticky":false,"template":"","format":"standard","meta":{"footnotes":""},"categories":[6],"tags":[],"class_list":["post-3132","post","type-post","status-publish","format-standard","hentry","category-belfold"],"_links":{"self":[{"href":"https:\/\/www.agriatv.hu\/index.php?rest_route=\/wp\/v2\/posts\/3132","targetHints":{"allow":["GET"]}}],"collection":[{"href":"https:\/\/www.agriatv.hu\/index.php?rest_route=\/wp\/v2\/posts"}],"about":[{"href":"https:\/\/www.agriatv.hu\/index.php?rest_route=\/wp\/v2\/types\/post"}],"author":[{"embeddable":true,"href":"https:\/\/www.agriatv.hu\/index.php?rest_route=\/wp\/v2\/users\/4"}],"replies":[{"embeddable":true,"href":"https:\/\/www.agriatv.hu\/index.php?rest_route=%2Fwp%2Fv2%2Fcomments&post=3132"}],"version-history":[{"count":1,"href":"https:\/\/www.agriatv.hu\/index.php?rest_route=\/wp\/v2\/posts\/3132\/revisions"}],"predecessor-version":[{"id":3133,"href":"https:\/\/www.agriatv.hu\/index.php?rest_route=\/wp\/v2\/posts\/3132\/revisions\/3133"}],"wp:attachment":[{"href":"https:\/\/www.agriatv.hu\/index.php?rest_route=%2Fwp%2Fv2%2Fmedia&parent=3132"}],"wp:term":[{"taxonomy":"category","embeddable":true,"href":"https:\/\/www.agriatv.hu\/index.php?rest_route=%2Fwp%2Fv2%2Fcategories&post=3132"},{"taxonomy":"post_tag","embeddable":true,"href":"https:\/\/www.agriatv.hu\/index.php?rest_route=%2Fwp%2Fv2%2Ftags&post=3132"}],"curies":[{"name":"wp","href":"https:\/\/api.w.org\/{rel}","templated":true}]}}