{"id":3135,"date":"2011-01-03T14:40:44","date_gmt":"2011-01-03T14:40:44","guid":{"rendered":"http:\/\/www.agriatv.hu\/?p=3135"},"modified":"2011-01-16T22:50:11","modified_gmt":"2011-01-16T22:50:11","slug":"szuletesnapi-ajandek-koszontottek-az-ujszulotteket","status":"publish","type":"post","link":"https:\/\/www.agriatv.hu\/?p=3135","title":{"rendered":"Sz\u00fclet\u00e9snapi aj\u00e1nd\u00e9k- k\u00f6sz\u00f6nt\u00f6tt\u00e9k az \u00fajsz\u00fcl\u00f6tteket"},"content":{"rendered":"<p><a href=\"https:\/\/www.agriatv.hu\/wp-content\/uploads\/2011\/01\/0104baba_v.jpg\"><img loading=\"lazy\" decoding=\"async\" class=\"alignleft size-medium wp-image-3136\" title=\"0104baba_v\" src=\"https:\/\/www.agriatv.hu\/wp-content\/uploads\/2011\/01\/0104baba_v-300x240.jpg\" alt=\"\" width=\"108\" height=\"86\" srcset=\"https:\/\/www.agriatv.hu\/wp-content\/uploads\/2011\/01\/0104baba_v-300x240.jpg 300w, https:\/\/www.agriatv.hu\/wp-content\/uploads\/2011\/01\/0104baba_v.jpg 720w\" sizes=\"auto, (max-width: 108px) 100vw, 108px\" \/><\/a>A v\u00e1ros \u00a0\u00e9s a megye vezet\u0151i k\u00f6sz\u00f6nt\u00f6tt\u00e9k 2011. els\u0151 \u00fajsz\u00fcl\u00f6ttjeit, az  anyuk\u00e1knak vir\u00e1gokkal a gyermekeknek hasznos aj\u00e1nd\u00e9kokkal kedveskedtek.  Eger v\u00e1ros els\u0151 kisbab\u00e1ja, \u00e9desanyja \u00a0sz\u00fclet\u00e9snapi aj\u00e1nd\u00e9kak\u00e9nt  \u00e9rkezett janu\u00e1r 1-\u00e9n. Az eg\u00e9szs\u00e9ges kisl\u00e1nyt a Franciska Csenge n\u00e9vre  keresztelt\u00e9k, aki r\u00f6vid vaj\u00fad\u00e1s ut\u00e1n l\u00e1tta meg a napvil\u00e1got n\u00e9h\u00e1ny  perccel 5 \u00f3ra ut\u00e1n. A megye els\u0151 kisbab\u00e1ja fi\u00fa \u00e9s az Istv\u00e1n nevet kapta  sz\u00fcleit\u0151l. Dr. Hern\u00e1di L\u00e1szl\u00f3 oszt\u00e1lyvezet\u0151 f\u0151orvos \u00a0elmondta: az orsz\u00e1gos tendenci\u00e1val azonosan v\u00e1rosunkban is cs\u00f6kken a sz\u00fclet\u00e9sek  sz\u00e1ma, de kiemelkedik a term\u00e9szetes \u00faton \u00a0sz\u00fcletett gyermekek h\u00e1nyada.  Bababar\u00e1t k\u00f3rh\u00e1zk\u00e9nt m\u00e1r a terhess\u00e9g ideje alatt is megpr\u00f3b\u00e1lnak  kiemelked\u0151 ell\u00e1t\u00e1st biztos\u00edtani mint a kismam\u00e1knak, mint pedig a  sz\u00fcletend\u0151 csecsem\u0151knek.<div class=\"wordtube\">\n<div class=\"wordtube single189\" id=\"WT1_1\" style=\"width:320px; height:240px;\">\n<a href=\"http:\/\/www.macromedia.com\/go\/getflashplayer\">Get the Flash Player<\/a> to see the wordTube Media Player.\n<\/div><\/div>\n\t<script type=\"text\/javascript\" defer=\"defer\">\nvar WT1_1 = {\n\tparams : {\n\t\twmode : \"opaque\",\n\t\tallowscriptaccess : \"always\",\n\t\tallownetworking : \"all\",\n\t\tallowfullscreen : \"true\"},\n\tflashvars : {\n\t\tfile : \"http%3A%2F%2Fwww.agriatv.hu%2Fwp-content%2Fuploads%2F2011%2F01%2F0104baba.flv\",\n\t\tvolume : \"80\",\n\t\tbufferlength : \"5\",\n\t\tquality : \"false\",\n\t\t'logo.hide' : \"false\",\n\t\timage : \"http%3A%2F%2Fwww.agriatv.hu%2Fwp-content%2Fuploads%2F2011%2F01%2F0104baba.jpg\",\n\t\ttitle : \"0104baba.flv\",\n\t\tlinktarget : \"_self\"},\n\tattr : {\n\t\tid : \"WT1\",\n\t\tname : \"WT1\"},\n\tstart : function() {\n\t\tswfobject.embedSWF(\"https:\/\/www.agriatv.hu\/\/player.swf\", \"WT1_1\", \"320\", \"240\", \"9.0.0\", false, this.flashvars, this.params , this.attr );\n\t}\n}\nWT1_1.start();\n\t<\/script>\n<\/p>\n","protected":false},"excerpt":{"rendered":"<p>A v\u00e1ros \u00a0\u00e9s a megye vezet\u0151i k\u00f6sz\u00f6nt\u00f6tt\u00e9k 2011. els\u0151 \u00fajsz\u00fcl\u00f6ttjeit, az  anyuk\u00e1knak vir\u00e1gokkal a gyermekeknek hasznos aj\u00e1nd\u00e9kokkal kedveskedtek.  Eger v\u00e1ros els\u0151 kisbab\u00e1ja, \u00e9desanyja \u00a0sz\u00fclet\u00e9snapi aj\u00e1nd\u00e9kak\u00e9nt  \u00e9rkezett janu\u00e1r 1-\u00e9n. Az eg\u00e9szs\u00e9ges kisl\u00e1nyt a Franciska Csenge n\u00e9vre  keresztelt\u00e9k, aki r\u00f6vid vaj\u00fad\u00e1s ut\u00e1n l\u00e1tta meg a napvil\u00e1got n\u00e9h\u00e1ny  perccel 5 \u00f3ra ut\u00e1n. A [&#8230;]<\/p>\n","protected":false},"author":4,"featured_media":0,"comment_status":"open","ping_status":"closed","sticky":false,"template":"","format":"standard","meta":{"footnotes":""},"categories":[6],"tags":[],"class_list":["post-3135","post","type-post","status-publish","format-standard","hentry","category-belfold"],"_links":{"self":[{"href":"https:\/\/www.agriatv.hu\/index.php?rest_route=\/wp\/v2\/posts\/3135","targetHints":{"allow":["GET"]}}],"collection":[{"href":"https:\/\/www.agriatv.hu\/index.php?rest_route=\/wp\/v2\/posts"}],"about":[{"href":"https:\/\/www.agriatv.hu\/index.php?rest_route=\/wp\/v2\/types\/post"}],"author":[{"embeddable":true,"href":"https:\/\/www.agriatv.hu\/index.php?rest_route=\/wp\/v2\/users\/4"}],"replies":[{"embeddable":true,"href":"https:\/\/www.agriatv.hu\/index.php?rest_route=%2Fwp%2Fv2%2Fcomments&post=3135"}],"version-history":[{"count":3,"href":"https:\/\/www.agriatv.hu\/index.php?rest_route=\/wp\/v2\/posts\/3135\/revisions"}],"predecessor-version":[{"id":3254,"href":"https:\/\/www.agriatv.hu\/index.php?rest_route=\/wp\/v2\/posts\/3135\/revisions\/3254"}],"wp:attachment":[{"href":"https:\/\/www.agriatv.hu\/index.php?rest_route=%2Fwp%2Fv2%2Fmedia&parent=3135"}],"wp:term":[{"taxonomy":"category","embeddable":true,"href":"https:\/\/www.agriatv.hu\/index.php?rest_route=%2Fwp%2Fv2%2Fcategories&post=3135"},{"taxonomy":"post_tag","embeddable":true,"href":"https:\/\/www.agriatv.hu\/index.php?rest_route=%2Fwp%2Fv2%2Ftags&post=3135"}],"curies":[{"name":"wp","href":"https:\/\/api.w.org\/{rel}","templated":true}]}}