{"id":3138,"date":"2011-01-03T15:51:23","date_gmt":"2011-01-03T15:51:23","guid":{"rendered":"http:\/\/www.agriatv.hu\/?p=3138"},"modified":"2011-01-03T16:05:00","modified_gmt":"2011-01-03T16:05:00","slug":"kormanyablak-emberbarat-hivatali-ugyintezes","status":"publish","type":"post","link":"https:\/\/www.agriatv.hu\/?p=3138","title":{"rendered":"Korm\u00e1nyablak- emberbar\u00e1t hivatali \u00fcgyint\u00e9z\u00e9s"},"content":{"rendered":"<p><a href=\"https:\/\/www.agriatv.hu\/wp-content\/uploads\/2011\/01\/0104kormany_v.jpg\"><img loading=\"lazy\" decoding=\"async\" class=\"alignleft size-medium wp-image-3140\" title=\"0104kormany_v\" src=\"https:\/\/www.agriatv.hu\/wp-content\/uploads\/2011\/01\/0104kormany_v-300x240.jpg\" alt=\"\" width=\"117\" height=\"93\" srcset=\"https:\/\/www.agriatv.hu\/wp-content\/uploads\/2011\/01\/0104kormany_v-300x240.jpg 300w, https:\/\/www.agriatv.hu\/wp-content\/uploads\/2011\/01\/0104kormany_v.jpg 720w\" sizes=\"auto, (max-width: 117px) 100vw, 117px\" \/><\/a>2011. janu\u00e1r 1- t\u0151l az eddigi k\u00f6zigazgat\u00e1si hivatalok \u00e1ltal\u00e1nos  jogut\u00f3daik\u00e9nt megalakultak a a f\u0151v\u00e1rosi \u00e9s megyei korm\u00e1nyhivatalok,  ezzel elkezd\u0151d\u00f6tt a ter\u00fcleti \u00e1llamigazgat\u00e1s \u00e1talak\u00edt\u00e1sa. Ezekhez  szakigazgat\u00e1si szervk\u00e9nt Heves megy\u00e9ben 15 \u00e1llamigazgat\u00e1si szerv  integr\u00e1l\u00f3dik. \u00a0Megy\u00e9nkben Horv\u00e1th L\u00e1szl\u00f3t decemberben nevezt\u00e9k ki  korm\u00e1nymegb\u00edzottnak, aki dr. Bal\u00e1s Istv\u00e1nt a megyei k\u00f6zigazgat\u00e1si  hivatal eddigi vezet\u0151j\u00e9t javasolta f\u0151igazgat\u00f3nak,  aki jelenleg megb\u00edzott f\u0151igazgat\u00f3k\u00e9nt fel\u00fcgyeli a munkafolyamatokat.  Egerben a Klapka utca \u00a09. sz\u00e1m alatt v\u00e1rj\u00e1k az \u00fcgyfeleket reggel 8 \u00e9s  este 20 \u00f3ra k\u00f6z\u00f6tt h\u00e9tf\u0151t\u0151l p\u00e9ntekig. A Korm\u00e1nyablak seg\u00edts\u00e9g\u00e9vel  rendezettebb \u00e9s gyorsabb hivatali \u00fcgyint\u00e9z\u00e9sre van lehet\u0151s\u00e9g. H\u00e1rom f\u0151 ter\u00fcletre szakosodtak egyenl\u0151re, az  els\u0151dleges az \u00fcgyind\u00edt\u00e1s melyben szorosan egy\u00fcttm\u0171k\u00f6dnek szakigazgat\u00e1si  szervekkel, \u00edgy p\u00e9ld\u00e1ul m\u00e1r nem csak a Magyar \u00c1llamkincst\u00e1rn\u00e1l lehet  beadv\u00e1nyokat leadni. Felvil\u00e1gos\u00edtj\u00e1k az  \u00fcgyfeleket az elj\u00e1r\u00e1s menet\u00e9r\u0151l valamint az elj\u00e1r\u00e1ssal kapcsolatos  \u00fcgyf\u00e9li jogokr\u00f3l, valamint \u00fcgyseg\u00e9di szolg\u00e1ltat\u00e1st ny\u00fajtanak, mely sor\u00e1n \u00fcgyf\u00e9lkaput nyitnak \u00e9s azon kereszt\u00fcl az adott szolg\u00e1ltat\u00e1s  ig\u00e9nybev\u00e9tel\u00e9nek t\u00e1mogat\u00e1s\u00e1t \u00e9s eredm\u00e9ny\u00e9nek \u00e9rtelmez\u00e9s\u00e9t biztos\u00edtj\u00e1k. A  Korm\u00e1nyablakot 2013-ra egyablakos rendszerr\u00e9 k\u00edv\u00e1nj\u00e1k felfejleszteni,  ezzel emberbar\u00e1tt\u00e1, hat\u00e9konyabb\u00e1 \u00e9s gazdas\u00e1gosabb\u00e1 tenn\u00e9k a hivatalos  \u00fcgyek int\u00e9z\u00e9s\u00e9t.<div class=\"wordtube\">\n<div class=\"wordtube single190\" id=\"WT1_1\" style=\"width:320px; height:240px;\">\n<a href=\"http:\/\/www.macromedia.com\/go\/getflashplayer\">Get the Flash Player<\/a> to see the wordTube Media Player.\n<\/div><\/div>\n\t<script type=\"text\/javascript\" defer=\"defer\">\nvar WT1_1 = {\n\tparams : {\n\t\twmode : \"opaque\",\n\t\tallowscriptaccess : \"always\",\n\t\tallownetworking : \"all\",\n\t\tallowfullscreen : \"true\"},\n\tflashvars : {\n\t\tfile : \"http%3A%2F%2Fwww.agriatv.hu%2Fwp-content%2Fuploads%2F2011%2F01%2F0104kormany.flv\",\n\t\tvolume : \"80\",\n\t\tbufferlength : \"5\",\n\t\tquality : \"false\",\n\t\t'logo.hide' : \"false\",\n\t\timage : \"http%3A%2F%2Fwww.agriatv.hu%2Fwp-content%2Fuploads%2F2011%2F01%2F0104kormany.jpg\",\n\t\ttitle : \"0104kormany.flv\",\n\t\tlinktarget : \"_self\"},\n\tattr : {\n\t\tid : \"WT1\",\n\t\tname : \"WT1\"},\n\tstart : function() {\n\t\tswfobject.embedSWF(\"https:\/\/www.agriatv.hu\/\/player.swf\", \"WT1_1\", \"320\", \"240\", \"9.0.0\", false, this.flashvars, this.params , this.attr );\n\t}\n}\nWT1_1.start();\n\t<\/script>\n<\/p>\n","protected":false},"excerpt":{"rendered":"<p>2011. janu\u00e1r 1- t\u0151l az eddigi k\u00f6zigazgat\u00e1si hivatalok \u00e1ltal\u00e1nos  jogut\u00f3daik\u00e9nt megalakultak a a f\u0151v\u00e1rosi \u00e9s megyei korm\u00e1nyhivatalok,  ezzel elkezd\u0151d\u00f6tt a ter\u00fcleti \u00e1llamigazgat\u00e1s \u00e1talak\u00edt\u00e1sa. Ezekhez  szakigazgat\u00e1si szervk\u00e9nt Heves megy\u00e9ben 15 \u00e1llamigazgat\u00e1si szerv  integr\u00e1l\u00f3dik. \u00a0Megy\u00e9nkben Horv\u00e1th L\u00e1szl\u00f3t decemberben nevezt\u00e9k ki  korm\u00e1nymegb\u00edzottnak, aki dr. Bal\u00e1s Istv\u00e1nt a megyei k\u00f6zigazgat\u00e1si  hivatal eddigi vezet\u0151j\u00e9t [&#8230;]<\/p>\n","protected":false},"author":4,"featured_media":0,"comment_status":"open","ping_status":"closed","sticky":false,"template":"","format":"standard","meta":{"footnotes":""},"categories":[6],"tags":[],"class_list":["post-3138","post","type-post","status-publish","format-standard","hentry","category-belfold"],"_links":{"self":[{"href":"https:\/\/www.agriatv.hu\/index.php?rest_route=\/wp\/v2\/posts\/3138","targetHints":{"allow":["GET"]}}],"collection":[{"href":"https:\/\/www.agriatv.hu\/index.php?rest_route=\/wp\/v2\/posts"}],"about":[{"href":"https:\/\/www.agriatv.hu\/index.php?rest_route=\/wp\/v2\/types\/post"}],"author":[{"embeddable":true,"href":"https:\/\/www.agriatv.hu\/index.php?rest_route=\/wp\/v2\/users\/4"}],"replies":[{"embeddable":true,"href":"https:\/\/www.agriatv.hu\/index.php?rest_route=%2Fwp%2Fv2%2Fcomments&post=3138"}],"version-history":[{"count":5,"href":"https:\/\/www.agriatv.hu\/index.php?rest_route=\/wp\/v2\/posts\/3138\/revisions"}],"predecessor-version":[{"id":3143,"href":"https:\/\/www.agriatv.hu\/index.php?rest_route=\/wp\/v2\/posts\/3138\/revisions\/3143"}],"wp:attachment":[{"href":"https:\/\/www.agriatv.hu\/index.php?rest_route=%2Fwp%2Fv2%2Fmedia&parent=3138"}],"wp:term":[{"taxonomy":"category","embeddable":true,"href":"https:\/\/www.agriatv.hu\/index.php?rest_route=%2Fwp%2Fv2%2Fcategories&post=3138"},{"taxonomy":"post_tag","embeddable":true,"href":"https:\/\/www.agriatv.hu\/index.php?rest_route=%2Fwp%2Fv2%2Ftags&post=3138"}],"curies":[{"name":"wp","href":"https:\/\/api.w.org\/{rel}","templated":true}]}}