{"id":3148,"date":"2011-01-04T14:58:27","date_gmt":"2011-01-04T14:58:27","guid":{"rendered":"http:\/\/www.agriatv.hu\/?p=3148"},"modified":"2011-01-04T14:58:27","modified_gmt":"2011-01-04T14:58:27","slug":"ket-ferfit-utott-el-egy-szemelyauto","status":"publish","type":"post","link":"https:\/\/www.agriatv.hu\/?p=3148","title":{"rendered":"K\u00e9t f\u00e9rfit \u00fct\u00f6tt el egy szem\u00e9lyaut\u00f3"},"content":{"rendered":"<p><a href=\"https:\/\/www.agriatv.hu\/wp-content\/uploads\/2011\/01\/0105baleset_v.jpg\"><img loading=\"lazy\" decoding=\"async\" class=\"alignleft size-medium wp-image-3149\" title=\"0105baleset_v\" src=\"https:\/\/www.agriatv.hu\/wp-content\/uploads\/2011\/01\/0105baleset_v-300x240.jpg\" alt=\"\" width=\"120\" height=\"96\" srcset=\"https:\/\/www.agriatv.hu\/wp-content\/uploads\/2011\/01\/0105baleset_v-300x240.jpg 300w, https:\/\/www.agriatv.hu\/wp-content\/uploads\/2011\/01\/0105baleset_v.jpg 720w\" sizes=\"auto, (max-width: 120px) 100vw, 120px\" \/><\/a><strong>S\u00falyosak a s\u00e9r\u00fcl\u00e9sei, de nincs k\u00f6zvetlen \u00e9letvesz\u00e9lyben az az id\u0151s ember, akit egy t\u00e1rs\u00e1val egy\u00fctt \u00fct\u00f6tt el egy aut\u00f3. <\/strong><\/p>\n<p>\u00c9letvesz\u00e9lyes  s\u00e9r\u00fcl\u00e9ssel j\u00e1r\u00f3 k\u00f6zleked\u00e9si baleset t\u00f6rt\u00e9nt h\u00e9tf\u0151n k\u00e9s\u0151  d\u00e9lut\u00e1n az  Eger \u00e9s Egerszal\u00f3k k\u00f6z\u00f6tti \u00fatszakaszon, a megyesz\u00e9khelyt\u0151l  mintegy  h\u00e1rom kilom\u00e9teres t\u00e1vols\u00e1gban. Egy 63 \u00e9ves f\u00e9rfi Egerszal\u00f3k fel\u00e9   tartott ker\u00e9kp\u00e1rj\u00e1val, amikor meg\u00e1llt egy vele egy ir\u00e1nyba tart\u00f3,   biciklij\u00e9t tol\u00f3, 48 esztend\u0151s f\u00e9rfi mellett, s \u0151 is lesz\u00e1llt a   k\u00e9tkerek\u0171r\u0151l. A rend\u0151rs\u00e9g eddigi adatai szerint egy kanyar k\u00f6zel\u00e9ben egy   Egerszal\u00f3k fel\u00e9 tart\u00f3 aut\u00f3s &#8211; egy 68 \u00e9ves f\u00e9rfi &#8211; k\u00e9s\u0151n, f\u00e9kt\u00e1vols\u00e1gon   bel\u00fcl \u00e9szlelte a s\u00e1vj\u00e1ban l\u00e9v\u0151 gyalogosokat, akiket el\u00fct\u00f6tt.<\/p>\n<p>Az  \u00fctk\u00f6z\u00e9s k\u00f6vetkezt\u00e9ben az id\u0151sebb f\u00e9rfi a j\u00e1rm\u0171 sz\u00e9lv\u00e9d\u0151j\u00e9re, a   fiatalabb az \u00fatpadk\u00e1ra esett. A f\u00e9kez\u0151 kocsi tov\u00e1bb sodr\u00f3dott, mag\u00e1val   ragadva az egyik k\u00e9tkerek\u0171t is, majd az \u00fat sz\u00e9l\u00e9n \u00e1llt meg. A 63 \u00e9ves   f\u00e9rfit \u00e9letvesz\u00e9lyes s\u00e9r\u00fcl\u00e9sekkel sz\u00e1ll\u00edtott\u00e1k az egri k\u00f3rh\u00e1zba. Az aut\u00f3   vezet\u0151j\u00e9n\u00e9l alkalmazott alkoholszonda negat\u00edv eredm\u00e9nyt hozott. A   baleset k\u00f6r\u00fclm\u00e9nyeit az Egri Rend\u0151rkapit\u00e1nys\u00e1g vizsg\u00e1lja &#8211; tudatta a   megyei rend\u0151r-f\u0151kapit\u00e1nys\u00e1g sz\u00f3viv\u0151je.<\/p>\n<div class=\"wordtube\">\n<div class=\"wordtube single191\" id=\"WT1_1\" style=\"width:320px; height:240px;\">\n<a href=\"http:\/\/www.macromedia.com\/go\/getflashplayer\">Get the Flash Player<\/a> to see the wordTube Media Player.\n<\/div><\/div>\n\t<script type=\"text\/javascript\" defer=\"defer\">\nvar WT1_1 = {\n\tparams : {\n\t\twmode : \"opaque\",\n\t\tallowscriptaccess : \"always\",\n\t\tallownetworking : \"all\",\n\t\tallowfullscreen : \"true\"},\n\tflashvars : {\n\t\tfile : \"http%3A%2F%2Fwww.agriatv.hu%2Fwp-content%2Fuploads%2F2011%2F01%2F0105baleset.flv\",\n\t\tvolume : \"80\",\n\t\tbufferlength : \"5\",\n\t\tquality : \"false\",\n\t\t'logo.hide' : \"false\",\n\t\timage : \"http%3A%2F%2Fwww.agriatv.hu%2Fwp-content%2Fuploads%2F2011%2F01%2F0105baleset.jpg\",\n\t\ttitle : \"0105baleset.flv\",\n\t\tlinktarget : \"_self\"},\n\tattr : {\n\t\tid : \"WT1\",\n\t\tname : \"WT1\"},\n\tstart : function() {\n\t\tswfobject.embedSWF(\"https:\/\/www.agriatv.hu\/\/player.swf\", \"WT1_1\", \"320\", \"240\", \"9.0.0\", false, this.flashvars, this.params , this.attr );\n\t}\n}\nWT1_1.start();\n\t<\/script>\n\n<p>Mikor kedden d\u00e9lel\u0151tt az  egri k\u00f3rh\u00e1zban a s\u00e9r\u00fclt \u00e1llapot\u00e1r\u00f3l  \u00e9rdekl\u0151dt\u00fcnk, azt az inform\u00e1ci\u00f3t  kaptuk, hogy \u00e9jf\u00e9lkor Miskolcra, a  megyei k\u00f3rh\u00e1zba sz\u00e1ll\u00edtott\u00e1k tov\u00e1bbi  kezel\u00e9sre. S\u00e9r\u00fcl\u00e9sei s\u00falyosak, \u00e1m  nincs k\u00f6zvetlen \u00e9letvesz\u00e9lyben.<\/p>\n<p>Forr\u00e1s: HEOL<\/p>\n","protected":false},"excerpt":{"rendered":"<p>S\u00falyosak a s\u00e9r\u00fcl\u00e9sei, de nincs k\u00f6zvetlen \u00e9letvesz\u00e9lyben az az id\u0151s ember, akit egy t\u00e1rs\u00e1val egy\u00fctt \u00fct\u00f6tt el egy aut\u00f3.<br \/>\n\u00c9letvesz\u00e9lyes  s\u00e9r\u00fcl\u00e9ssel j\u00e1r\u00f3 k\u00f6zleked\u00e9si baleset t\u00f6rt\u00e9nt h\u00e9tf\u0151n k\u00e9s\u0151  d\u00e9lut\u00e1n az  Eger \u00e9s Egerszal\u00f3k k\u00f6z\u00f6tti \u00fatszakaszon, a megyesz\u00e9khelyt\u0151l  mintegy  h\u00e1rom kilom\u00e9teres t\u00e1vols\u00e1gban. Egy 63 \u00e9ves f\u00e9rfi Egerszal\u00f3k fel\u00e9   tartott ker\u00e9kp\u00e1rj\u00e1val, [&#8230;]<\/p>\n","protected":false},"author":4,"featured_media":0,"comment_status":"open","ping_status":"closed","sticky":false,"template":"","format":"standard","meta":{"footnotes":""},"categories":[5],"tags":[],"class_list":["post-3148","post","type-post","status-publish","format-standard","hentry","category-kek-hirek"],"_links":{"self":[{"href":"https:\/\/www.agriatv.hu\/index.php?rest_route=\/wp\/v2\/posts\/3148","targetHints":{"allow":["GET"]}}],"collection":[{"href":"https:\/\/www.agriatv.hu\/index.php?rest_route=\/wp\/v2\/posts"}],"about":[{"href":"https:\/\/www.agriatv.hu\/index.php?rest_route=\/wp\/v2\/types\/post"}],"author":[{"embeddable":true,"href":"https:\/\/www.agriatv.hu\/index.php?rest_route=\/wp\/v2\/users\/4"}],"replies":[{"embeddable":true,"href":"https:\/\/www.agriatv.hu\/index.php?rest_route=%2Fwp%2Fv2%2Fcomments&post=3148"}],"version-history":[{"count":2,"href":"https:\/\/www.agriatv.hu\/index.php?rest_route=\/wp\/v2\/posts\/3148\/revisions"}],"predecessor-version":[{"id":3151,"href":"https:\/\/www.agriatv.hu\/index.php?rest_route=\/wp\/v2\/posts\/3148\/revisions\/3151"}],"wp:attachment":[{"href":"https:\/\/www.agriatv.hu\/index.php?rest_route=%2Fwp%2Fv2%2Fmedia&parent=3148"}],"wp:term":[{"taxonomy":"category","embeddable":true,"href":"https:\/\/www.agriatv.hu\/index.php?rest_route=%2Fwp%2Fv2%2Fcategories&post=3148"},{"taxonomy":"post_tag","embeddable":true,"href":"https:\/\/www.agriatv.hu\/index.php?rest_route=%2Fwp%2Fv2%2Ftags&post=3148"}],"curies":[{"name":"wp","href":"https:\/\/api.w.org\/{rel}","templated":true}]}}