{"id":3154,"date":"2011-01-04T16:19:46","date_gmt":"2011-01-04T16:19:46","guid":{"rendered":"http:\/\/www.agriatv.hu\/?p=3154"},"modified":"2011-01-04T16:19:46","modified_gmt":"2011-01-04T16:19:46","slug":"varosi-sibajnoksag","status":"publish","type":"post","link":"https:\/\/www.agriatv.hu\/?p=3154","title":{"rendered":"V\u00e1rosi s\u00edbajnoks\u00e1g"},"content":{"rendered":"<p><a href=\"https:\/\/www.agriatv.hu\/wp-content\/uploads\/2011\/01\/01045s\u00ed_v.jpg\"><img loading=\"lazy\" decoding=\"async\" class=\"alignleft size-medium wp-image-3155\" title=\"01045s\u00ed_v\" src=\"https:\/\/www.agriatv.hu\/wp-content\/uploads\/2011\/01\/01045s\u00ed_v-300x240.jpg\" alt=\"\" width=\"112\" height=\"89\" srcset=\"https:\/\/www.agriatv.hu\/wp-content\/uploads\/2011\/01\/01045s\u00ed_v-300x240.jpg 300w, https:\/\/www.agriatv.hu\/wp-content\/uploads\/2011\/01\/01045s\u00ed_v.jpg 720w\" sizes=\"auto, (max-width: 112px) 100vw, 112px\" \/><\/a>Negyedik alkalommal rendezik meg egri lakosok sz\u00e1m\u00e1ra \u00a0Dolny Kubinban \u00a0az Egri V\u00e1rosi S\u00edbajnoks\u00e1got. \u00a0 15  kateg\u00f3ri\u00e1ban indulhatnak a r\u00e9sztvev\u0151k, \u00f3vod\u00e1s kort\u00f3l eg\u00e9szen a senior  koroszt\u00e1lyig, az els\u0151 3 helyezett nemenk\u00e9nt \u00e9s koroszt\u00e1lyonk\u00e9nt \u00e9rmet  vihet haza. R\u00e1zsi Botond alpolg\u00e1rmester elmondta, hogy az \u00f6nkorm\u00e1nyzat \u00e9s  a V\u00e1rosi sportiskola lehet\u0151s\u00e9geikhez m\u00e9rten t\u00e1mogatja ezt a rendezv\u00e9ny,  ami az egriek k\u00f6r\u00e9ben igen n\u00e9pszer\u0171. \u00a0A p\u00e1lya, melyen nagym\u00e9rt\u00e9k\u0171  fejleszt\u00e9seket hajtottak v\u00e9gre, k\u00f6nnyen s\u00edelhet\u0151 lesz a kev\u00e9sb\u00e9  gyakorlottak sz\u00e1m\u00e1ra is. A febru\u00e1r 25-27. k\u00f6z\u00f6tt megrendez\u00e9sre ker\u00fcl\u0151  versenyre, Fejes P\u00e9ter \u00e9s Petrovai \u00a0J\u00f3zsef szervez\u0151k janu\u00e1r 28-ig  v\u00e1rj\u00e1k a sport\u00e1g kedvel\u0151it, rem\u00e9lik \u00a0a r\u00e9sztvev\u0151k sz\u00e1ma ebben az \u00e9vben  is el\u00e9ri a 400 f\u0151t. Ez a verseny nem els\u0151sorban a gy\u0151zelemr\u0151l sz\u00f3l  majd, mint ahogy eddig sem ez volt a f\u0151 szempont, hanem a sport  szeretet\u00e9r\u0151l.<div class=\"wordtube\">\n<div class=\"wordtube single192\" id=\"WT1_1\" style=\"width:320px; height:240px;\">\n<a href=\"http:\/\/www.macromedia.com\/go\/getflashplayer\">Get the Flash Player<\/a> to see the wordTube Media Player.\n<\/div><\/div>\n\t<script type=\"text\/javascript\" defer=\"defer\">\nvar WT1_1 = {\n\tparams : {\n\t\twmode : \"opaque\",\n\t\tallowscriptaccess : \"always\",\n\t\tallownetworking : \"all\",\n\t\tallowfullscreen : \"true\"},\n\tflashvars : {\n\t\tfile : \"http%3A%2F%2Fwww.agriatv.hu%2Fwp-content%2Fuploads%2F2011%2F01%2F01045s%C3%AD.flv\",\n\t\tvolume : \"80\",\n\t\tbufferlength : \"5\",\n\t\tquality : \"false\",\n\t\t'logo.hide' : \"false\",\n\t\timage : \"http%3A%2F%2Fwww.agriatv.hu%2Fwp-content%2Fuploads%2F2011%2F01%2F0105s%C3%AD.jpg\",\n\t\ttitle : \"01045s%C3%AD.flv\",\n\t\tlinktarget : \"_self\"},\n\tattr : {\n\t\tid : \"WT1\",\n\t\tname : \"WT1\"},\n\tstart : function() {\n\t\tswfobject.embedSWF(\"https:\/\/www.agriatv.hu\/\/player.swf\", \"WT1_1\", \"320\", \"240\", \"9.0.0\", false, this.flashvars, this.params , this.attr );\n\t}\n}\nWT1_1.start();\n\t<\/script>\n<\/p>\n","protected":false},"excerpt":{"rendered":"<p>Negyedik alkalommal rendezik meg egri lakosok sz\u00e1m\u00e1ra \u00a0Dolny Kubinban \u00a0az Egri V\u00e1rosi S\u00edbajnoks\u00e1got. \u00a0 15  kateg\u00f3ri\u00e1ban indulhatnak a r\u00e9sztvev\u0151k, \u00f3vod\u00e1s kort\u00f3l eg\u00e9szen a senior  koroszt\u00e1lyig, az els\u0151 3 helyezett nemenk\u00e9nt \u00e9s koroszt\u00e1lyonk\u00e9nt \u00e9rmet  vihet haza. R\u00e1zsi Botond alpolg\u00e1rmester elmondta, hogy az \u00f6nkorm\u00e1nyzat \u00e9s  a V\u00e1rosi sportiskola lehet\u0151s\u00e9geikhez m\u00e9rten t\u00e1mogatja ezt a [&#8230;]<\/p>\n","protected":false},"author":4,"featured_media":0,"comment_status":"open","ping_status":"closed","sticky":false,"template":"","format":"standard","meta":{"footnotes":""},"categories":[11],"tags":[],"class_list":["post-3154","post","type-post","status-publish","format-standard","hentry","category-sport"],"_links":{"self":[{"href":"https:\/\/www.agriatv.hu\/index.php?rest_route=\/wp\/v2\/posts\/3154","targetHints":{"allow":["GET"]}}],"collection":[{"href":"https:\/\/www.agriatv.hu\/index.php?rest_route=\/wp\/v2\/posts"}],"about":[{"href":"https:\/\/www.agriatv.hu\/index.php?rest_route=\/wp\/v2\/types\/post"}],"author":[{"embeddable":true,"href":"https:\/\/www.agriatv.hu\/index.php?rest_route=\/wp\/v2\/users\/4"}],"replies":[{"embeddable":true,"href":"https:\/\/www.agriatv.hu\/index.php?rest_route=%2Fwp%2Fv2%2Fcomments&post=3154"}],"version-history":[{"count":2,"href":"https:\/\/www.agriatv.hu\/index.php?rest_route=\/wp\/v2\/posts\/3154\/revisions"}],"predecessor-version":[{"id":3157,"href":"https:\/\/www.agriatv.hu\/index.php?rest_route=\/wp\/v2\/posts\/3154\/revisions\/3157"}],"wp:attachment":[{"href":"https:\/\/www.agriatv.hu\/index.php?rest_route=%2Fwp%2Fv2%2Fmedia&parent=3154"}],"wp:term":[{"taxonomy":"category","embeddable":true,"href":"https:\/\/www.agriatv.hu\/index.php?rest_route=%2Fwp%2Fv2%2Fcategories&post=3154"},{"taxonomy":"post_tag","embeddable":true,"href":"https:\/\/www.agriatv.hu\/index.php?rest_route=%2Fwp%2Fv2%2Ftags&post=3154"}],"curies":[{"name":"wp","href":"https:\/\/api.w.org\/{rel}","templated":true}]}}