{"id":3158,"date":"2011-01-06T20:07:27","date_gmt":"2011-01-06T20:07:27","guid":{"rendered":"http:\/\/www.agriatv.hu\/?p=3158"},"modified":"2011-01-06T20:07:27","modified_gmt":"2011-01-06T20:07:27","slug":"dijaztak-az-ekmk-kezmuveseit","status":"publish","type":"post","link":"https:\/\/www.agriatv.hu\/?p=3158","title":{"rendered":"D\u00edjazt\u00e1k az EKMK k\u00e9zm\u0171veseit"},"content":{"rendered":"<p><img loading=\"lazy\" decoding=\"async\" class=\"alignleft\" src=\"http:\/\/www.egriszin.hu\/RenderedContents\/IndexImages\/7\/7083-20110106095502-EKMK_logo_021.jpg\" alt=\"\" width=\"150\" height=\"143\" \/><strong>A Nemzeti Er\u0151forr\u00e1s Miniszt\u00e9rium egyik f\u0151d\u00edj\u00e1t kapta meg az Egri   Kultur\u00e1lis \u00e9s M\u0171v\u00e9szeti K\u00f6zpont Berzsenyi Mariann \u00e9s Kov\u00e1cs Katalin   \u00e1ltal vezetett k\u00e9zm\u0171ves szakk\u00f6re. A csoport m\u0171v\u00e9szeti tan\u00e1csad\u00f3ja: K\u00e1tai   Mih\u00e1ly Munk\u00e1csy-d\u00edjas fest\u0151m\u0171v\u00e9sz.<\/strong><\/p>\n<p>A szakk\u00f6r alkot\u00e1sait a Magyar K\u00e9zm\u0171vess\u00e9g\u00e9rt  Alap\u00edtv\u00e1ny XVII. Betlehemi J\u00e1szol c\u00edm\u0171 ki\u00e1ll\u00edt\u00e1s\u00e1n 2010. december 8 \u2013  2011. janu\u00e1r 2. k\u00f6z\u00f6tt a Vajdahunyadv\u00e1rban mutatt\u00e1k be, m\u00e1s hazai \u00e9s  hat\u00e1ron t\u00fali hivat\u00e1sos \u00e9s amat\u0151r m\u0171v\u00e9szek, J\u00e9zus sz\u00fclet\u00e9s\u00e9hez kapcsol\u00f3d\u00f3  k\u00e9zm\u0171ves, n\u00e9pm\u0171v\u00e9szeti, k\u00e9pz\u0151- \u00e9s iparm\u0171v\u00e9szeti alkot\u00e1sai mellett.<br \/>\nA  ki\u00e1ll\u00edt\u00e1son a k\u00e9zm\u0171ves szakk\u00f6r hat tagj\u00e1nak \u2013 Kiss Csill\u00e1nak, Kiss  Krist\u00f3fnak, Bal\u00e1zs Bor\u00f3ka Ann\u00e1nak, Bal\u00e1zs Kamilla Mann\u00e1nak, B\u00f3ta  Bogl\u00e1rk\u00e1nak, B\u00f3ta Blank\u00e1nak \u2013 a m\u0171v\u00e9t d\u00edjazt\u00e1k. Ut\u00f3bbi k\u00e9t alkot\u00f3  t\u0171zzom\u00e1nc remek\u00e9t a zs\u0171ri k\u00fcl\u00f6n kiemelte.<\/p>\n<p>Forr\u00e1s: <a href=\"www.egriszin.hu\">Egrisz\u00edn<\/a><\/p>\n","protected":false},"excerpt":{"rendered":"<p>A Nemzeti Er\u0151forr\u00e1s Miniszt\u00e9rium egyik f\u0151d\u00edj\u00e1t kapta meg az Egri   Kultur\u00e1lis \u00e9s M\u0171v\u00e9szeti K\u00f6zpont Berzsenyi Mariann \u00e9s Kov\u00e1cs Katalin   \u00e1ltal vezetett k\u00e9zm\u0171ves szakk\u00f6re. A csoport m\u0171v\u00e9szeti tan\u00e1csad\u00f3ja: K\u00e1tai   Mih\u00e1ly Munk\u00e1csy-d\u00edjas fest\u0151m\u0171v\u00e9sz.<br \/>\nA szakk\u00f6r alkot\u00e1sait a Magyar K\u00e9zm\u0171vess\u00e9g\u00e9rt  Alap\u00edtv\u00e1ny XVII. Betlehemi J\u00e1szol c\u00edm\u0171 ki\u00e1ll\u00edt\u00e1s\u00e1n 2010. december 8 \u2013  2011. [&#8230;]<\/p>\n","protected":false},"author":4,"featured_media":0,"comment_status":"open","ping_status":"closed","sticky":false,"template":"","format":"standard","meta":{"footnotes":""},"categories":[8,4],"tags":[],"class_list":["post-3158","post","type-post","status-publish","format-standard","hentry","category-kultura","category-szabadido"],"_links":{"self":[{"href":"https:\/\/www.agriatv.hu\/index.php?rest_route=\/wp\/v2\/posts\/3158","targetHints":{"allow":["GET"]}}],"collection":[{"href":"https:\/\/www.agriatv.hu\/index.php?rest_route=\/wp\/v2\/posts"}],"about":[{"href":"https:\/\/www.agriatv.hu\/index.php?rest_route=\/wp\/v2\/types\/post"}],"author":[{"embeddable":true,"href":"https:\/\/www.agriatv.hu\/index.php?rest_route=\/wp\/v2\/users\/4"}],"replies":[{"embeddable":true,"href":"https:\/\/www.agriatv.hu\/index.php?rest_route=%2Fwp%2Fv2%2Fcomments&post=3158"}],"version-history":[{"count":1,"href":"https:\/\/www.agriatv.hu\/index.php?rest_route=\/wp\/v2\/posts\/3158\/revisions"}],"predecessor-version":[{"id":3159,"href":"https:\/\/www.agriatv.hu\/index.php?rest_route=\/wp\/v2\/posts\/3158\/revisions\/3159"}],"wp:attachment":[{"href":"https:\/\/www.agriatv.hu\/index.php?rest_route=%2Fwp%2Fv2%2Fmedia&parent=3158"}],"wp:term":[{"taxonomy":"category","embeddable":true,"href":"https:\/\/www.agriatv.hu\/index.php?rest_route=%2Fwp%2Fv2%2Fcategories&post=3158"},{"taxonomy":"post_tag","embeddable":true,"href":"https:\/\/www.agriatv.hu\/index.php?rest_route=%2Fwp%2Fv2%2Ftags&post=3158"}],"curies":[{"name":"wp","href":"https:\/\/api.w.org\/{rel}","templated":true}]}}