{"id":3160,"date":"2011-01-06T20:08:59","date_gmt":"2011-01-06T20:08:59","guid":{"rendered":"http:\/\/www.agriatv.hu\/?p=3160"},"modified":"2011-01-06T20:10:17","modified_gmt":"2011-01-06T20:10:17","slug":"harman-palyaztak-a-gardonyi-geza-szinhaz-elere","status":"publish","type":"post","link":"https:\/\/www.agriatv.hu\/?p=3160","title":{"rendered":"H\u00e1rman p\u00e1ly\u00e1ztak a G\u00e1rdonyi G\u00e9za Sz\u00ednh\u00e1z \u00e9l\u00e9re"},"content":{"rendered":"<p><span class=\"rg_ctlv\"><a id=\"rg_hl\" class=\"rg_hl\" href=\"http:\/\/www.google.hu\/imgres?imgurl=http:\/\/kultura.hu\/img\/upload\/200902\/gardonyi_geza_szinhaz_eger.jpg&amp;imgrefurl=http:\/\/kultura.hu\/main.php%3FfolderID%3D1263%26articleID%3D281182%26ctag%3Darticlelist%26iid%3D1&amp;usg=__oAcATSLAGXSjrWQVwuG1rI8_tFo=&amp;h=233&amp;w=526&amp;sz=61&amp;hl=hu&amp;start=0&amp;zoom=1&amp;tbnid=FrtBl3MpsXGUdM:&amp;tbnh=81&amp;tbnw=183&amp;prev=\/images%3Fq%3Dg%25C3%25A1rdonyi%2Bsz%25C3%25ADnh%25C3%25A1z%2Beger%26um%3D1%26hl%3Dhu%26sa%3DN%26biw%3D1280%26bih%3D867%26tbs%3Disch:1&amp;um=1&amp;itbs=1&amp;iact=hc&amp;vpx=91&amp;vpy=105&amp;dur=831&amp;hovh=149&amp;hovw=338&amp;tx=147&amp;ty=84&amp;ei=oSEmTc_YA8aK4Qarrc2EAg&amp;oei=oSEmTc_YA8aK4Qarrc2EAg&amp;esq=1&amp;page=1&amp;ndsp=30&amp;ved=1t:429,r:0,s:0\"><img loading=\"lazy\" decoding=\"async\" id=\"rg_hi\" class=\"rg_hi alignleft\" src=\"http:\/\/t1.gstatic.com\/images?q=tbn:ANd9GcQtuoT8gGSso96pyFF1wc_ecIpZshUQFFqK6zVs6i75zgepCqwp\" alt=\"\" width=\"191\" height=\"84\" \/><\/a><\/span><strong>A december 31-\u00e9n lej\u00e1rt bead\u00e1si hat\u00e1rid\u0151ig h\u00e1rom p\u00e1ly\u00e1zat  \u00e9rkezett be az egri G\u00e1rdonyi G\u00e9za Sz\u00ednh\u00e1z igazgat\u00f3i posztj\u00e1ra \u2013  t\u00e1j\u00e9koztatott dr. Kov\u00e1cs Csaba megyei aljegyz\u0151. <\/strong>Mint elmondta, az elb\u00edr\u00e1l\u00e1s menete szerint janu\u00e1r 17-\u00e9n egy kilenctag\u00fa \u2013  az idev\u00e1g\u00f3 t\u00f6rv\u00e9nyi szab\u00e1lyoz\u00e1s \u00e9rtelm\u00e9ben az El\u0151ad\u00f3-m\u0171v\u00e9szeti Tan\u00e1cs  szakmai koll\u00e9giuma \u00e1ltal n\u00e9gy, a Nemzeti Er\u0151forr\u00e1s Miniszt\u00e9riuma, a  G\u00e1rdonyi G\u00e9za Sz\u00ednh\u00e1z k\u00f6zalkalmazotti tan\u00e1csa, illetve a sz\u00ednh\u00e1zi  dolgoz\u00f3k reprezentat\u00edv szakszervezete r\u00e9sz\u00e9r\u0151l egy-egy, a munk\u00e1ltat\u00f3i  jogokat gyakorl\u00f3 megyei \u00f6nkorm\u00e1nyzat oldal\u00e1r\u00f3l pedig k\u00e9t f\u0151b\u0151l \u00e1ll\u00f3 \u2013  szakmai egyeztet\u0151 bizotts\u00e1g v\u00e9lem\u00e9nyezi a beadott munk\u00e1kat. A k\u00f6vetkez\u0151 l\u00e9p\u00e9sben \u2013 a szakmai bizotts\u00e1g \u00e1ll\u00e1sfoglal\u00e1s\u00e1t figyelembe  v\u00e9ve \u2013 a p\u00e1ly\u00e1zatokat \u00e9rt\u00e9keli a Heves Megyei \u00d6nkorm\u00e1nyzat K\u00f6zgy\u0171l\u00e9s\u00e9nek  Oktat\u00e1si, Kultur\u00e1lis, Ifj\u00fas\u00e1gi \u00e9s Sportbizotts\u00e1ga is. A megyei  k\u00f6zgy\u0171l\u00e9s idei els\u0151 rendes \u00fcl\u00e9s\u00e9n, janu\u00e1r 28-\u00e1n v\u00e1rhat\u00f3an pedig m\u00e1r  d\u00f6nt\u00e9s sz\u00fcletik a leend\u0151 vezet\u0151 szem\u00e9ly\u00e9t illet\u0151en, hiszen \u2013 mutatott r\u00e1  az aljegyz\u0151 \u2013 a p\u00e1ly\u00e1zati ki\u00edr\u00e1s \u00e9rtelm\u00e9ben a kinevez\u00e9s febru\u00e1r  elsej\u00e9vel l\u00e9p \u00e9letbe. Az \u00faj sz\u00ednh\u00e1zigazgat\u00f3 augusztus elsej\u00e9vel  foglalhatja majd el a posztj\u00e1t.<\/p>\n<p>Forr\u00e1s: Heol<\/p>\n","protected":false},"excerpt":{"rendered":"<p>A december 31-\u00e9n lej\u00e1rt bead\u00e1si hat\u00e1rid\u0151ig h\u00e1rom p\u00e1ly\u00e1zat  \u00e9rkezett be az egri G\u00e1rdonyi G\u00e9za Sz\u00ednh\u00e1z igazgat\u00f3i posztj\u00e1ra \u2013  t\u00e1j\u00e9koztatott dr. Kov\u00e1cs Csaba megyei aljegyz\u0151. Mint elmondta, az elb\u00edr\u00e1l\u00e1s menete szerint janu\u00e1r 17-\u00e9n egy kilenctag\u00fa \u2013  az idev\u00e1g\u00f3 t\u00f6rv\u00e9nyi szab\u00e1lyoz\u00e1s \u00e9rtelm\u00e9ben az El\u0151ad\u00f3-m\u0171v\u00e9szeti Tan\u00e1cs  szakmai koll\u00e9giuma \u00e1ltal n\u00e9gy, a Nemzeti Er\u0151forr\u00e1s Miniszt\u00e9riuma, [&#8230;]<\/p>\n","protected":false},"author":4,"featured_media":0,"comment_status":"open","ping_status":"closed","sticky":false,"template":"","format":"standard","meta":{"footnotes":""},"categories":[8,4],"tags":[],"class_list":["post-3160","post","type-post","status-publish","format-standard","hentry","category-kultura","category-szabadido"],"_links":{"self":[{"href":"https:\/\/www.agriatv.hu\/index.php?rest_route=\/wp\/v2\/posts\/3160","targetHints":{"allow":["GET"]}}],"collection":[{"href":"https:\/\/www.agriatv.hu\/index.php?rest_route=\/wp\/v2\/posts"}],"about":[{"href":"https:\/\/www.agriatv.hu\/index.php?rest_route=\/wp\/v2\/types\/post"}],"author":[{"embeddable":true,"href":"https:\/\/www.agriatv.hu\/index.php?rest_route=\/wp\/v2\/users\/4"}],"replies":[{"embeddable":true,"href":"https:\/\/www.agriatv.hu\/index.php?rest_route=%2Fwp%2Fv2%2Fcomments&post=3160"}],"version-history":[{"count":3,"href":"https:\/\/www.agriatv.hu\/index.php?rest_route=\/wp\/v2\/posts\/3160\/revisions"}],"predecessor-version":[{"id":3162,"href":"https:\/\/www.agriatv.hu\/index.php?rest_route=\/wp\/v2\/posts\/3160\/revisions\/3162"}],"wp:attachment":[{"href":"https:\/\/www.agriatv.hu\/index.php?rest_route=%2Fwp%2Fv2%2Fmedia&parent=3160"}],"wp:term":[{"taxonomy":"category","embeddable":true,"href":"https:\/\/www.agriatv.hu\/index.php?rest_route=%2Fwp%2Fv2%2Fcategories&post=3160"},{"taxonomy":"post_tag","embeddable":true,"href":"https:\/\/www.agriatv.hu\/index.php?rest_route=%2Fwp%2Fv2%2Ftags&post=3160"}],"curies":[{"name":"wp","href":"https:\/\/api.w.org\/{rel}","templated":true}]}}