{"id":3164,"date":"2011-01-06T21:17:37","date_gmt":"2011-01-06T21:17:37","guid":{"rendered":"http:\/\/www.agriatv.hu\/?p=3164"},"modified":"2011-01-06T21:18:08","modified_gmt":"2011-01-06T21:18:08","slug":"kamarai-evnyito-erosodo-szlovak-magyar-kapcsolatokkal","status":"publish","type":"post","link":"https:\/\/www.agriatv.hu\/?p=3164","title":{"rendered":"Kamarai \u00e9vnyit\u00f3 &#8211; er\u0151s\u00f6d\u0151 szlov\u00e1k-magyar kapcsolatokkal"},"content":{"rendered":"<p><a href=\"https:\/\/www.agriatv.hu\/wp-content\/uploads\/2011\/01\/01065hkik_v.jpg\"><img loading=\"lazy\" decoding=\"async\" class=\"alignleft size-medium wp-image-3167\" title=\"01065hkik_v\" src=\"https:\/\/www.agriatv.hu\/wp-content\/uploads\/2011\/01\/01065hkik_v-300x240.jpg\" alt=\"\" width=\"139\" height=\"111\" srcset=\"https:\/\/www.agriatv.hu\/wp-content\/uploads\/2011\/01\/01065hkik_v-300x240.jpg 300w, https:\/\/www.agriatv.hu\/wp-content\/uploads\/2011\/01\/01065hkik_v.jpg 720w\" sizes=\"auto, (max-width: 139px) 100vw, 139px\" \/><\/a>\u00c9vnyit\u00f3 tan\u00e1cskoz\u00e1s\u00e1t tartotta Egerszal\u00f3kon a Heves       Megyei Kereskedelmi \u00e9s Ipar Kamara.\u00a0 Minden \u00e9vben\u00a0 rendezv\u00e9ny\u00fck k\u00f6z\u00e9ppontj\u00e1ban egy olyan gondolat       \u00e1ll,  mely aktualit\u00e1sa \u00e9s jelent\u0151s\u00e9ge miatt kiemelt szerepet kap az        \u00fczleti \u00e9letben, erre \u00e9p\u00edtik az eg\u00e9sz \u00e9ves programjukat. Ebben az        \u00e9vben a szlov\u00e1k-magyar egy\u00fcttm\u0171k\u00f6d\u00e9s \u00e9s a az elmaradott r\u00e9gi\u00f3k        felz\u00e1rk\u00f3ztat\u00e1sa a c\u00e9lkit\u0171z\u00e9s, mondta el nyit\u00f3 szavaiban dr. B\u00e1nhidy        P\u00e9ter a HKIK eln\u00f6ke. A 2011-es \u00e9vet fontos       m\u00e9rf\u00f6ldk\u0151nek tartj\u00e1k a v\u00e1llalkoz\u00e1sok az EU soros eln\u00f6ks\u00e9g miatt       is. A rendezv\u00e9nyen r\u00e9szt vett Simon Zsolt a szlov\u00e1k mez\u0151gazdas\u00e1gi \u00e9s       vid\u00e9kfejleszt\u00e9si miniszter, valamint Dr. Fazekas S\u00e1ndor vid\u00e9kfejleszt\u00e9si       miniszter a Magyar Korm\u00e1ny tagja.<\/p>\n<p><div class=\"wordtube\">\n<div class=\"wordtube single193\" id=\"WT1_1\" style=\"width:320px; height:240px;\">\n<a href=\"http:\/\/www.macromedia.com\/go\/getflashplayer\">Get the Flash Player<\/a> to see the wordTube Media Player.\n<\/div><\/div>\n\t<script type=\"text\/javascript\" defer=\"defer\">\nvar WT1_1 = {\n\tparams : {\n\t\twmode : \"opaque\",\n\t\tallowscriptaccess : \"always\",\n\t\tallownetworking : \"all\",\n\t\tallowfullscreen : \"true\"},\n\tflashvars : {\n\t\tfile : \"http%3A%2F%2Fwww.agriatv.hu%2Fwp-content%2Fuploads%2F2011%2F01%2F01065hkik.flv\",\n\t\tvolume : \"80\",\n\t\tbufferlength : \"5\",\n\t\tquality : \"false\",\n\t\t'logo.hide' : \"false\",\n\t\timage : \"http%3A%2F%2Fwww.agriatv.hu%2Fwp-content%2Fuploads%2F2011%2F01%2F0106hkik.jpg\",\n\t\ttitle : \"01065hkik.flv\",\n\t\tlinktarget : \"_self\"},\n\tattr : {\n\t\tid : \"WT1\",\n\t\tname : \"WT1\"},\n\tstart : function() {\n\t\tswfobject.embedSWF(\"https:\/\/www.agriatv.hu\/\/player.swf\", \"WT1_1\", \"320\", \"240\", \"9.0.0\", false, this.flashvars, this.params , this.attr );\n\t}\n}\nWT1_1.start();\n\t<\/script>\nA kamarai megnyit\u00f3 el\u0151tt m\u00e1r       el\u0151zetes t\u00e1rgyal\u00e1sokat folytattak a k\u00e9t orsz\u00e1g k\u00f6z\u00f6tt l\u00e9trej\u00f6v\u0151       lehets\u00e9ges kapcsolatokr\u00f3l. Simon Zsolt besz\u00e9d\u00e9ben elmondta:       az \u00e9szaki r\u00e9gi\u00f3 \u00e9s a d\u00e9l szlov\u00e1kiai r\u00e9sz Eur\u00f3pa motorja volt az       elm\u00falt sz\u00e1zadban \u00e9s rem\u00e9li, hogy k\u00f6z\u00f6s akarattal megn\u0151het ism\u00e9t\u00a0 a t\u00e9rs\u00e9g gazdas\u00e1gi szerepe. Fontos, hogy az       el\u0151rel\u00e9p\u00e9s felt\u00e9telei megteremt\u0151djenek \u00e9s amit a politika nem tud       megoldani, a kamar\u00e1k megel\u0151legezz\u00e9k.\u00a0 A p\u00e1rhuzamosan fut\u00f3 probl\u00e9m\u00e1k,       mint a rossz infrastrukt\u00fara, a gazdas\u00e1gi elmaradotts\u00e1g, az       agr\u00e1r jelleg\u0171 vid\u00e9k \u00e9s nem utols\u00f3 sorban a magyar anyanyelv ami       k\u00f6z\u00f6s h\u00faz\u00f3er\u0151 lehet a t\u00e9rs\u00e9g fejleszt\u00e9s\u00e9ben. Az Eu-ban szabad \u00e1ru       \u00e9s t\u0151ke\u00e1raml\u00e1s politikailag is el\u0151re mozd\u00edthatj\u00e1k a       beruh\u00e1z\u00e1sokat, folyamatban l\u00e9v\u0151 \u00e9s m\u00e1r kivitelezett fejleszt\u00e9sek       sora \u00e1ll rendelkez\u00e9sre a v\u00e1llalkoz\u00e1sok megalapoz\u00e1s\u00e1hoz. A       l\u00e1tszatpolitika megsz\u00fcntet\u00e9s\u00e9re h\u00edvta fel a figyelmet, amivel       megakad\u00e1lyozhatj\u00e1k, hogy mindk\u00e9t t\u00e9rs\u00e9g vesz\u00e9lybe ker\u00fclhessen.       \u00cdg\u00e9retet tett a t\u00e1rgyal\u00e1sok tov\u00e1bbfolytat\u00e1s\u00e1ra, hogy       felemelkedhessen \u00e9s gy\u00fcm\u00f6lcs\u00f6z\u0151 legyen a k\u00e9t orsz\u00e1g k\u00f6z\u00f6tti       kapcsolat. A turizmusban, az informatikai port\u00e1lok l\u00e9trehoz\u00e1s\u00e1ban       \u00e9s fejleszt\u00e9s\u00e9ben, a feldolgoz\u00f3 \u00fczemek felt\u00e9rk\u00e9pez\u00e9s\u00e9ben,       valamint az infrastrukt\u00fara \u00e9s a vas\u00fath\u00e1l\u00f3zat fejleszt\u00e9s\u00e9ben \u00e9s       fel\u00faj\u00edt\u00e1s\u00e1ban l\u00e1tja a j\u00f6v\u0151t. Dr. fazekas\u00a0 S\u00e1ndor is az intenz\u00edv       diplom\u00e1ciai kapcsolatban l\u00e1tja a megold\u00e1st \u00e9s a kor\u00e1bbi gazdas\u00e1gi       szervez\u0151d\u00e9sek rekonstrukci\u00f3j\u00e1t helyezi el\u0151t\u00e9rbe.\u00a0 Dr. Parragh       L\u00e1szl\u00f3 a Magyar Kereskedelmi \u00e9s Iparkamara eln\u00f6ke, az oktat\u00e1sban,       szakk\u00e9pz\u00e9sben, munkaer\u0151-piaci egy\u00fcttm\u0171k\u00f6d\u00e9s ter\u00fclet\u00e9n\u00a0 a hum\u00e1n forr\u00e1sok kiakn\u00e1z\u00e1s\u00e1t is fontosnak tartja. Az       el\u0151ad\u00e1sok ut\u00e1n a kamara eln\u00f6ks\u00e9ge gazdas\u00e1gi illetve       szakter\u00fcleteinek fejl\u0151d\u00e9s\u00e9t szolg\u00e1l\u00f3 kiemelked\u0151 teljes\u00edtm\u00e9ny       el\u00e9r\u00e9s\u00e9rt kit\u00fcntet\u0151 d\u00edjakat adott \u00e1t, majd ezt k\u00f6vet\u0151en\u00a0 a       mestervizsga-bizotts\u00e1g\u00a0 eln\u00f6ki kinevez\u00e9seit adt\u00e1k \u00e1t.<\/p>\n","protected":false},"excerpt":{"rendered":"<p>\u00c9vnyit\u00f3 tan\u00e1cskoz\u00e1s\u00e1t tartotta Egerszal\u00f3kon a Heves       Megyei Kereskedelmi \u00e9s Ipar Kamara.\u00a0 Minden \u00e9vben\u00a0 rendezv\u00e9ny\u00fck k\u00f6z\u00e9ppontj\u00e1ban egy olyan gondolat       \u00e1ll,  mely aktualit\u00e1sa \u00e9s jelent\u0151s\u00e9ge miatt kiemelt szerepet kap az        \u00fczleti \u00e9letben, erre \u00e9p\u00edtik az eg\u00e9sz \u00e9ves [&#8230;]<\/p>\n","protected":false},"author":4,"featured_media":0,"comment_status":"open","ping_status":"closed","sticky":false,"template":"","format":"standard","meta":{"footnotes":""},"categories":[6],"tags":[],"class_list":["post-3164","post","type-post","status-publish","format-standard","hentry","category-belfold"],"_links":{"self":[{"href":"https:\/\/www.agriatv.hu\/index.php?rest_route=\/wp\/v2\/posts\/3164","targetHints":{"allow":["GET"]}}],"collection":[{"href":"https:\/\/www.agriatv.hu\/index.php?rest_route=\/wp\/v2\/posts"}],"about":[{"href":"https:\/\/www.agriatv.hu\/index.php?rest_route=\/wp\/v2\/types\/post"}],"author":[{"embeddable":true,"href":"https:\/\/www.agriatv.hu\/index.php?rest_route=\/wp\/v2\/users\/4"}],"replies":[{"embeddable":true,"href":"https:\/\/www.agriatv.hu\/index.php?rest_route=%2Fwp%2Fv2%2Fcomments&post=3164"}],"version-history":[{"count":6,"href":"https:\/\/www.agriatv.hu\/index.php?rest_route=\/wp\/v2\/posts\/3164\/revisions"}],"predecessor-version":[{"id":3171,"href":"https:\/\/www.agriatv.hu\/index.php?rest_route=\/wp\/v2\/posts\/3164\/revisions\/3171"}],"wp:attachment":[{"href":"https:\/\/www.agriatv.hu\/index.php?rest_route=%2Fwp%2Fv2%2Fmedia&parent=3164"}],"wp:term":[{"taxonomy":"category","embeddable":true,"href":"https:\/\/www.agriatv.hu\/index.php?rest_route=%2Fwp%2Fv2%2Fcategories&post=3164"},{"taxonomy":"post_tag","embeddable":true,"href":"https:\/\/www.agriatv.hu\/index.php?rest_route=%2Fwp%2Fv2%2Ftags&post=3164"}],"curies":[{"name":"wp","href":"https:\/\/api.w.org\/{rel}","templated":true}]}}