{"id":3191,"date":"2011-01-09T18:53:40","date_gmt":"2011-01-09T18:53:40","guid":{"rendered":"http:\/\/www.agriatv.hu\/?p=3191"},"modified":"2011-01-09T18:56:31","modified_gmt":"2011-01-09T18:56:31","slug":"ismet-egri-demeter-csaba-az-ev-fiatal-magyar-borasza","status":"publish","type":"post","link":"https:\/\/www.agriatv.hu\/?p=3191","title":{"rendered":"Ism\u00e9t egri: Demeter Csaba az \u00e9v Fiatal Magyar Bor\u00e1sza"},"content":{"rendered":"<p><img loading=\"lazy\" decoding=\"async\" class=\"alignleft\" title=\"fot\u00f3: Zipp.hu\" src=\"http:\/\/heol.hu\/lapokkepek\/cikkek\/140000\/140962_Demeter-Csaba.jpg\" alt=\"fot\u00f3: Zipp.hu\" width=\"108\" height=\"54\" \/><strong>Az egri Demeter Csaba kapta a legt\u00f6bb szavazatot, \u0151 lett teh\u00e1t 2010-ben az \u00c9v fiatal bor\u00e1sza. A Bor-agora \u00e1ltal szervezett internetes szavaz\u00e1son 59 fiatalra voksolhattak a borkedvel\u0151k. <\/strong><strong>Demeter Csaba<\/strong> lett az \u00e9v fiatal bor\u00e1sza szavaz\u00e1s gy\u0151ztese 2010-ben.\u00a0Az eredm\u00e9nyt szombat este hirdett\u00e9k ki. Tavaly szint\u00e9n egy egri, Bolyki J\u00e1nos kapta a legt\u00f6bb voksot az internetes szavaz\u00e1son. Az\u00a0vil\u00e1gh\u00e1l\u00f3n k\u00f6zz\u00e9tett list\u00e1n 59 n\u00e9v szerepelt, k\u00f6zte \u00f6t megy\u00e9nkbeli is.\u00a0 A szombat esti d\u00edj\u00e1tad\u00f3n Demeter Csaba elmondta, fiatal bor\u00e1szk\u00e9nt h\u00e1rom p\u00e9ldak\u00e9pe volt: G\u00e1l Tibor, Malatinszky Csaba \u00e9s Szepsy Istv\u00e1n. A 36 \u00e9ves megyesz\u00e9khelyi szakember sz\u00e1mos d\u00edjat nyert m\u00e1r boraival, \u00e1prilisban p\u00e9ld\u00e1ul t\u00f6bb\u00a0\u00e9remmel t\u00e9rt haza a legrangosabb a Bordeaux-i versenyr\u0151l. A Bor-Agora p\u00e1ly\u00e1zat\u00e1n egyszer\u0171en csak a &#8222;l\u00e1zad\u00f3 bor\u00e1sz&#8221;-k\u00e9nt aposztrof\u00e1lt\u00e1k.<\/p>\n<p>Forr\u00e1s: HEOL<\/p>\n","protected":false},"excerpt":{"rendered":"<p>Az egri Demeter Csaba kapta a legt\u00f6bb szavazatot, \u0151 lett teh\u00e1t 2010-ben az \u00c9v fiatal bor\u00e1sza. A Bor-agora \u00e1ltal szervezett internetes szavaz\u00e1son 59 fiatalra voksolhattak a borkedvel\u0151k. Demeter Csaba lett az \u00e9v fiatal bor\u00e1sza szavaz\u00e1s gy\u0151ztese 2010-ben.\u00a0Az eredm\u00e9nyt szombat este hirdett\u00e9k ki. Tavaly szint\u00e9n egy egri, Bolyki J\u00e1nos kapta a legt\u00f6bb voksot az internetes szavaz\u00e1son. [&#8230;]<\/p>\n","protected":false},"author":4,"featured_media":0,"comment_status":"open","ping_status":"closed","sticky":false,"template":"","format":"standard","meta":{"footnotes":""},"categories":[6],"tags":[],"class_list":["post-3191","post","type-post","status-publish","format-standard","hentry","category-belfold"],"_links":{"self":[{"href":"https:\/\/www.agriatv.hu\/index.php?rest_route=\/wp\/v2\/posts\/3191","targetHints":{"allow":["GET"]}}],"collection":[{"href":"https:\/\/www.agriatv.hu\/index.php?rest_route=\/wp\/v2\/posts"}],"about":[{"href":"https:\/\/www.agriatv.hu\/index.php?rest_route=\/wp\/v2\/types\/post"}],"author":[{"embeddable":true,"href":"https:\/\/www.agriatv.hu\/index.php?rest_route=\/wp\/v2\/users\/4"}],"replies":[{"embeddable":true,"href":"https:\/\/www.agriatv.hu\/index.php?rest_route=%2Fwp%2Fv2%2Fcomments&post=3191"}],"version-history":[{"count":3,"href":"https:\/\/www.agriatv.hu\/index.php?rest_route=\/wp\/v2\/posts\/3191\/revisions"}],"predecessor-version":[{"id":3193,"href":"https:\/\/www.agriatv.hu\/index.php?rest_route=\/wp\/v2\/posts\/3191\/revisions\/3193"}],"wp:attachment":[{"href":"https:\/\/www.agriatv.hu\/index.php?rest_route=%2Fwp%2Fv2%2Fmedia&parent=3191"}],"wp:term":[{"taxonomy":"category","embeddable":true,"href":"https:\/\/www.agriatv.hu\/index.php?rest_route=%2Fwp%2Fv2%2Fcategories&post=3191"},{"taxonomy":"post_tag","embeddable":true,"href":"https:\/\/www.agriatv.hu\/index.php?rest_route=%2Fwp%2Fv2%2Ftags&post=3191"}],"curies":[{"name":"wp","href":"https:\/\/api.w.org\/{rel}","templated":true}]}}