{"id":320,"date":"2010-07-05T16:52:10","date_gmt":"2010-07-05T16:52:10","guid":{"rendered":"http:\/\/www.agriatv.hu\/?p=320"},"modified":"2010-07-06T13:52:42","modified_gmt":"2010-07-06T13:52:42","slug":"turistasegito-pavilonok-a-varosban","status":"publish","type":"post","link":"https:\/\/www.agriatv.hu\/?p=320","title":{"rendered":"Turistaseg\u00edt\u0151 pavilonok a v\u00e1rosban"},"content":{"rendered":"<p class=\"cikkcikkei\">&nbsp;<\/p>\n<h5 onclick=\"window.location.href='?c=cikk&amp;id=5740'\">\n\t<span> <img decoding=\"async\" align=\"left\" class=\"kiskepcikkhez\" src=\"http:\/\/www.egriszin.hu\/RenderedContents\/MImages\/5\/5740-20100706102419-P1040684.JPG\" \/><\/span><\/h5>\n<p align=\"justify\"><b>A turist&aacute;k hat&eacute;konyabb inform&aacute;l&aacute;s&aacute;t&nbsp; j&uacute;lius elsej&eacute;t\u0151l augusztus 31-ig t&aacute;j&eacute;koztat&oacute; pavilonok seg&iacute;tik, melyeket&nbsp; az egri Tutisztikai Desztin&aacute;ci&oacute;s Menedzsment &aacute;ll&iacute;tott fel. A k&eacute;t belv&aacute;rosi pult mellett a strandon mobil inform&aacute;torok is seg&iacute;tik a v&aacute;rosunkba &eacute;rkez\u0151 f&uuml;rd\u0151z\u0151ket.<\/b><\/p>\n<p align=\"justify\">Az inform&aacute;ci&oacute;s pontok d&eacute;lut&aacute;n h&aacute;rom &oacute;r&aacute;t&oacute;l este kilencig v&aacute;rj&aacute;k az arra &eacute;rkez\u0151ket, hogy a nevezetess&eacute;gekr\u0151l, sz&aacute;ll&aacute;shelyek lehet\u0151s&eacute;geir\u0151l &eacute;s a v&aacute;rosban zajl&oacute; aktu&aacute;lis rendezv&eacute;nyekr\u0151l adjanak t&aacute;j&eacute;koztat&aacute;st. Dancs&oacute;k &Aacute;gnes, a Tourinform csoportvezet\u0151je azt nyilatkozta, hogy ez a d&eacute;lut&aacute;ni, illetve koraesti id\u0151szak valamint a helysz&iacute;nek igen praktikusak a kitelep&uuml;l&eacute;sre, mert &iacute;gy sokkal k&ouml;nnyebben tudj&aacute;k el&eacute;rni az ide &eacute;rkez\u0151 vend&eacute;geket. Elmond&aacute;sa szerint a pultokat c&eacute;lzottan felkeres\u0151k sz&aacute;ma a b&aacute;m&eacute;szkod&oacute;k&eacute;hoz k&eacute;pest igen csek&eacute;ly. Hozz&aacute;tette, hogy a Sz&eacute;chenyi utc&aacute;n m&eacute;g a helyiek is szoktak k&eacute;rdez\u0151sk&ouml;dni a v&aacute;rosban t&ouml;rt&eacute;n\u0151 programok kapcs&aacute;n.<\/p>\n<p align=\"justify\">A strand ter&uuml;let&eacute;n naponta k&eacute;tszer, egy d&eacute;lel\u0151tti, &eacute;s d&eacute;lut&aacute;ni &oacute;r&aacute;ban &uacute;gynevezett mozg&oacute; inform&aacute;torok Tourinformos p&oacute;l&oacute;ban &eacute;s t&aacute;sk&aacute;ban s&eacute;t&aacute;lnak v&eacute;gig, v&aacute;rva az inform&aacute;ci&oacute;ra &eacute;hez\u0151ket. Ezt az id\u0151tartamot az iroda egyel\u0151re elegend\u0151nek l&aacute;tja, b&aacute;r amennyiben sokan vannak a strandon, a turist&aacute;kat p&aacute;szt&aacute;z&oacute; alkalmazottak ak&aacute;r tov&aacute;bb is maradnak majd.&nbsp;<\/p>\n<p align=\"justify\">Els\u0151sorban angol &eacute;s n&eacute;met nyelven adnak felvil&aacute;gos&iacute;t&aacute;st &eacute;s prospektusokat. Amennyiben ig&eacute;ny van r&aacute;, az anyagok el&eacute;rhet\u0151ek cseh, olasz, valamint spanyol nyelven is.<\/p>\n<p align=\"justify\">Forr&aacute;s: Egrisz&iacute;n<\/p>\n","protected":false},"excerpt":{"rendered":"<p>&nbsp;<\/p>\n<p>A turist&aacute;k hat&eacute;konyabb inform&aacute;l&aacute;s&aacute;t&nbsp; j&uacute;lius elsej&eacute;t\u0151l augusztus 31-ig t&aacute;j&eacute;koztat&oacute; pavilonok seg&iacute;tik, melyeket&nbsp; az egri Tutisztikai Desztin&aacute;ci&oacute;s Menedzsment &aacute;ll&iacute;tott fel. A k&eacute;t belv&aacute;rosi pult mellett a strandon mobil inform&aacute;torok is seg&iacute;tik a v&aacute;rosunkba &eacute;rkez\u0151 f&uuml;rd\u0151z\u0151ket.<br \/>\nAz inform&aacute;ci&oacute;s pontok d&eacute;lut&aacute;n h&aacute;rom &oacute;r&aacute;t&oacute;l este kilencig v&aacute;rj&aacute;k az arra &eacute;rkez\u0151ket, hogy a nevezetess&eacute;gekr\u0151l, sz&aacute;ll&aacute;shelyek lehet\u0151s&eacute;geir\u0151l &eacute;s a v&aacute;rosban zajl&oacute; [&#8230;]<\/p>\n","protected":false},"author":4,"featured_media":0,"comment_status":"closed","ping_status":"open","sticky":false,"template":"","format":"standard","meta":{"footnotes":""},"categories":[4],"tags":[],"class_list":["post-320","post","type-post","status-publish","format-standard","hentry","category-szabadido"],"_links":{"self":[{"href":"https:\/\/www.agriatv.hu\/index.php?rest_route=\/wp\/v2\/posts\/320","targetHints":{"allow":["GET"]}}],"collection":[{"href":"https:\/\/www.agriatv.hu\/index.php?rest_route=\/wp\/v2\/posts"}],"about":[{"href":"https:\/\/www.agriatv.hu\/index.php?rest_route=\/wp\/v2\/types\/post"}],"author":[{"embeddable":true,"href":"https:\/\/www.agriatv.hu\/index.php?rest_route=\/wp\/v2\/users\/4"}],"replies":[{"embeddable":true,"href":"https:\/\/www.agriatv.hu\/index.php?rest_route=%2Fwp%2Fv2%2Fcomments&post=320"}],"version-history":[{"count":3,"href":"https:\/\/www.agriatv.hu\/index.php?rest_route=\/wp\/v2\/posts\/320\/revisions"}],"predecessor-version":[{"id":338,"href":"https:\/\/www.agriatv.hu\/index.php?rest_route=\/wp\/v2\/posts\/320\/revisions\/338"}],"wp:attachment":[{"href":"https:\/\/www.agriatv.hu\/index.php?rest_route=%2Fwp%2Fv2%2Fmedia&parent=320"}],"wp:term":[{"taxonomy":"category","embeddable":true,"href":"https:\/\/www.agriatv.hu\/index.php?rest_route=%2Fwp%2Fv2%2Fcategories&post=320"},{"taxonomy":"post_tag","embeddable":true,"href":"https:\/\/www.agriatv.hu\/index.php?rest_route=%2Fwp%2Fv2%2Ftags&post=320"}],"curies":[{"name":"wp","href":"https:\/\/api.w.org\/{rel}","templated":true}]}}