{"id":3200,"date":"2011-01-10T13:56:22","date_gmt":"2011-01-10T13:56:22","guid":{"rendered":"http:\/\/www.agriatv.hu\/?p=3200"},"modified":"2011-01-10T13:56:22","modified_gmt":"2011-01-10T13:56:22","slug":"az-utazo-%e2%80%93-kamera-a-szobrasz-kezeben","status":"publish","type":"post","link":"https:\/\/www.agriatv.hu\/?p=3200","title":{"rendered":"Az utaz\u00f3 \u2013 kamera a szobr\u00e1sz kez\u00e9ben"},"content":{"rendered":"<p><img loading=\"lazy\" decoding=\"async\" class=\"kiskepcikkhez alignleft\" src=\"http:\/\/www.egriszin.hu\/RenderedContents\/IndexImages\/7\/7095-20110110063248-meghivo_web.jpg\" alt=\"\" width=\"131\" height=\"150\" \/><strong>A Br\u00f3dy S\u00e1ndor Megyei \u00e9s V\u00e1rosi K\u00f6nyvt\u00e1rban ny\u00edlt meg az egri sz\u00fclet\u00e9s\u0171 Rost\u00e1s Bea Piros szobr\u00e1sz fot\u00f3ki\u00e1ll\u00edt\u00e1sa \u201eAz utaz\u00f3 &#8211; kamera a szobr\u00e1sz kez\u00e9ben\u201d c\u00edmmel. A m\u0171v\u00e9sz a k\u00fclf\u00f6ldi utaz\u00e1sai sor\u00e1n k\u00e9sz\u00edtett szobrait mutatja be egy-egy k\u00e9pkock\u00e1ban.<\/strong><\/p>\n<p>Sohajd\u00e1n\u00e9 Bajnok Katalin, a Br\u00f3dy S\u00e1ndor Megyei \u00e9s V\u00e1rosi K\u00f6nyvt\u00e1r igazgat\u00f3helyettese \u00e9s G\u00e1l G\u00e1bor, a Heves Megyei H\u00edrlap fot\u00f3riportere nyitotta meg a t\u00e1rlatot, amelyet janu\u00e1r 19-ig tekinthet meg a k\u00f6z\u00f6ns\u00e9g. Rost\u00e1s Bea Piros g\u00f6r\u00f6gorsz\u00e1gi, olaszorsz\u00e1gi, t\u00f6r\u00f6korsz\u00e1gi, k\u00ednai, egyiptomi \u00e9s num\u00edbiai \u00fatj\u00e1n k\u00e9sz\u00fclt szobrokat fot\u00f3zta le, amelyeket akkor k\u00e9sz\u00edtett, amikor megragadta egy-egy arc vagy egy-egy sz\u00edn.<\/p>\n<p>Az egri szobr\u00e1szn\u0151 ki\u00e1ll\u00edt\u00e1s\u00e1val szeretn\u00e9 felh\u00edvni a figyelmet arra, hogy fontos m\u00e1s kult\u00far\u00e1k, emberek \u00e9s vall\u00e1sok fel\u00e9 nyitni.<\/p>\n<p>Forr\u00e1s: R\u00e1di\u00f31<\/p>\n","protected":false},"excerpt":{"rendered":"<p>A Br\u00f3dy S\u00e1ndor Megyei \u00e9s V\u00e1rosi K\u00f6nyvt\u00e1rban ny\u00edlt meg az egri sz\u00fclet\u00e9s\u0171 Rost\u00e1s Bea Piros szobr\u00e1sz fot\u00f3ki\u00e1ll\u00edt\u00e1sa \u201eAz utaz\u00f3 &#8211; kamera a szobr\u00e1sz kez\u00e9ben\u201d c\u00edmmel. A m\u0171v\u00e9sz a k\u00fclf\u00f6ldi utaz\u00e1sai sor\u00e1n k\u00e9sz\u00edtett szobrait mutatja be egy-egy k\u00e9pkock\u00e1ban.<br \/>\nSohajd\u00e1n\u00e9 Bajnok Katalin, a Br\u00f3dy S\u00e1ndor Megyei \u00e9s V\u00e1rosi K\u00f6nyvt\u00e1r igazgat\u00f3helyettese \u00e9s G\u00e1l G\u00e1bor, a Heves Megyei H\u00edrlap fot\u00f3riportere [&#8230;]<\/p>\n","protected":false},"author":4,"featured_media":0,"comment_status":"open","ping_status":"closed","sticky":false,"template":"","format":"standard","meta":{"footnotes":""},"categories":[8,4],"tags":[],"class_list":["post-3200","post","type-post","status-publish","format-standard","hentry","category-kultura","category-szabadido"],"_links":{"self":[{"href":"https:\/\/www.agriatv.hu\/index.php?rest_route=\/wp\/v2\/posts\/3200","targetHints":{"allow":["GET"]}}],"collection":[{"href":"https:\/\/www.agriatv.hu\/index.php?rest_route=\/wp\/v2\/posts"}],"about":[{"href":"https:\/\/www.agriatv.hu\/index.php?rest_route=\/wp\/v2\/types\/post"}],"author":[{"embeddable":true,"href":"https:\/\/www.agriatv.hu\/index.php?rest_route=\/wp\/v2\/users\/4"}],"replies":[{"embeddable":true,"href":"https:\/\/www.agriatv.hu\/index.php?rest_route=%2Fwp%2Fv2%2Fcomments&post=3200"}],"version-history":[{"count":1,"href":"https:\/\/www.agriatv.hu\/index.php?rest_route=\/wp\/v2\/posts\/3200\/revisions"}],"predecessor-version":[{"id":3201,"href":"https:\/\/www.agriatv.hu\/index.php?rest_route=\/wp\/v2\/posts\/3200\/revisions\/3201"}],"wp:attachment":[{"href":"https:\/\/www.agriatv.hu\/index.php?rest_route=%2Fwp%2Fv2%2Fmedia&parent=3200"}],"wp:term":[{"taxonomy":"category","embeddable":true,"href":"https:\/\/www.agriatv.hu\/index.php?rest_route=%2Fwp%2Fv2%2Fcategories&post=3200"},{"taxonomy":"post_tag","embeddable":true,"href":"https:\/\/www.agriatv.hu\/index.php?rest_route=%2Fwp%2Fv2%2Ftags&post=3200"}],"curies":[{"name":"wp","href":"https:\/\/api.w.org\/{rel}","templated":true}]}}