{"id":3202,"date":"2011-01-10T14:32:35","date_gmt":"2011-01-10T14:32:35","guid":{"rendered":"http:\/\/www.agriatv.hu\/?p=3202"},"modified":"2011-01-10T14:32:35","modified_gmt":"2011-01-10T14:32:35","slug":"dr-balas-istvan-a-megyei-kormanyhivatal-foigazgatoja","status":"publish","type":"post","link":"https:\/\/www.agriatv.hu\/?p=3202","title":{"rendered":"Dr. Bal\u00e1s Istv\u00e1n a megyei korm\u00e1nyhivatal f\u0151igazgat\u00f3ja"},"content":{"rendered":"<p><img loading=\"lazy\" decoding=\"async\" id=\"il_fi\" class=\"alignleft\" style=\"padding-right: 8px; padding-top: 8px; padding-bottom: 8px;\" src=\"http:\/\/www.magyarhirlap.hu\/images\/ups\/70\/70649.jpg\" alt=\"\" width=\"147\" height=\"131\" \/><strong>Dr. Bal\u00e1s Istv\u00e1nt nevezte ki Navracsics Tibor kancell\u00e1riaminiszter a Heves Megyei Korm\u00e1nyhivatal f\u0151igazgat\u00f3j\u00e1v\u00e1. <\/strong>Az MTI besz\u00e1mol\u00f3ja szerint a korm\u00e1nyhivatalok szakmai vezet\u0151i a K\u00f6zigazgat\u00e1si \u00e9s Igazs\u00e1g\u00fcgyi Miniszt\u00e9riumban h\u00e9tf\u0151n letett\u00e9k \u00fcnnep\u00e9lyes esk\u00fcj\u00fcket \u00e9s \u00e1tvett\u00e9k kinevez\u00e9si okm\u00e1nyaikat. Az esem\u00e9nyen jelen volt <strong>Szab\u00f3 Erika<\/strong> ter\u00fcleti k\u00f6zigazgat\u00e1s\u00e9rt \u00e9s v\u00e1laszt\u00e1sok\u00e9rt felel\u0151s \u00e1llamtitk\u00e1r, valamint a ter\u00fcleti korm\u00e1nyhivatalok vezet\u0151i, a korm\u00e1nymegb\u00edzottak.<\/p>\n<p>A f\u0151igazgat\u00f3kat a korm\u00e1nymegb\u00edzottak javaslat\u00e1ra a k\u00f6zigazgat\u00e1si \u00e9s igazs\u00e1g\u00fcgyi miniszter nevezi ki hat\u00e1rozatlan id\u0151re. A korm\u00e1nyhivatalok vezet\u00e9se t\u00f6bbszint\u0171: az int\u00e9zm\u00e9nyek politikai vezet\u00e9s\u00e9\u00e9rt felel\u0151s korm\u00e1nymegb\u00edzottakat decemberben nevezte ki a minisztereln\u00f6k.<\/p>\n<p><strong>Dr. Bal\u00e1s Istv\u00e1n<\/strong> kinevez\u00e9s\u00e9ig a Heves Megyei K\u00f6zigazgat\u00e1si Hivatal vezet\u0151je volt.<\/p>\n<p><strong>A kinevezett f\u0151igazgat\u00f3k n\u00e9vsora:<\/strong><\/p>\n<p>Budapest F\u0151v\u00e1ros Korm\u00e1nyhivatala: Haszonicsn\u00e9 \u00c1d\u00e1m M\u00e1ria<br \/>\nPest Megyei Korm\u00e1nyhivatal: J\u00f3zsa Veronika<br \/>\nGy\u0151r-Moson-Sopron Megyei Korm\u00e1nyhivatal: Nagyn\u00e9 L\u00e1szl\u00f3 Edit<br \/>\nVeszpr\u00e9m Megyei Korm\u00e1nyhivatal: Nagylaki Csilla<br \/>\nVas Megyei Korm\u00e1nyhivatal: \u00c1gh Ern\u0151n\u00e9<br \/>\nZala Megyei Korm\u00e1nyhivatal: Sifter R\u00f3zsa<br \/>\nB\u00e1cs-Kiskun Megyei Korm\u00e1nyhivatal: Kov\u00e1cs Mikl\u00f3sn\u00e9 \u00e9s Moln\u00e1r Ilona<br \/>\nB\u00e9k\u00e9s Megyei Korm\u00e1nyhivatal: T\u00f3th Ildik\u00f3<br \/>\nCsongr\u00e1d Megyei Korm\u00e1nyhivatal: Polner E\u00f6rs<br \/>\nBaranya Megyei Korm\u00e1nyhivatal: B\u00e9rcesi Ferenc<br \/>\nFej\u00e9r Megyei Korm\u00e1nyhivatal: Balogh Ibolya<br \/>\nSomogy Megyei Korm\u00e1nyhivatal: Neszm\u00e9nyi Zsolt<br \/>\nTolna Megyei Korm\u00e1nyhivatal: L\u00e1szl\u00f3-Varga Zsuzsanna<br \/>\nBorsod Megyei Korm\u00e1nyhivatal: Luk\u00e1cs Ir\u00e9n<br \/>\nHeves Megyei Korm\u00e1nyhivatal: Bal\u00e1s Istv\u00e1n<br \/>\nHajd\u00fa-Bihar Megyei Korm\u00e1nyhivatal: Vasas L\u00e1szl\u00f3n\u00e9<br \/>\nJ\u00e1sz-Nagykun-Szolnok Megyei Korm\u00e1nyhivatal: Szakali Erzs\u00e9bet<\/p>\n<p>Forr\u00e1s: HEOL<\/p>\n","protected":false},"excerpt":{"rendered":"<p>Dr. Bal\u00e1s Istv\u00e1nt nevezte ki Navracsics Tibor kancell\u00e1riaminiszter a Heves Megyei Korm\u00e1nyhivatal f\u0151igazgat\u00f3j\u00e1v\u00e1. Az MTI besz\u00e1mol\u00f3ja szerint a korm\u00e1nyhivatalok szakmai vezet\u0151i a K\u00f6zigazgat\u00e1si \u00e9s Igazs\u00e1g\u00fcgyi Miniszt\u00e9riumban h\u00e9tf\u0151n letett\u00e9k \u00fcnnep\u00e9lyes esk\u00fcj\u00fcket \u00e9s \u00e1tvett\u00e9k kinevez\u00e9si okm\u00e1nyaikat. Az esem\u00e9nyen jelen volt Szab\u00f3 Erika ter\u00fcleti k\u00f6zigazgat\u00e1s\u00e9rt \u00e9s v\u00e1laszt\u00e1sok\u00e9rt felel\u0151s \u00e1llamtitk\u00e1r, valamint a ter\u00fcleti korm\u00e1nyhivatalok vezet\u0151i, a korm\u00e1nymegb\u00edzottak.<br \/>\nA f\u0151igazgat\u00f3kat a [&#8230;]<\/p>\n","protected":false},"author":4,"featured_media":0,"comment_status":"open","ping_status":"open","sticky":false,"template":"","format":"standard","meta":{"footnotes":""},"categories":[6,3],"tags":[],"class_list":["post-3202","post","type-post","status-publish","format-standard","hentry","category-belfold","category-politika"],"_links":{"self":[{"href":"https:\/\/www.agriatv.hu\/index.php?rest_route=\/wp\/v2\/posts\/3202","targetHints":{"allow":["GET"]}}],"collection":[{"href":"https:\/\/www.agriatv.hu\/index.php?rest_route=\/wp\/v2\/posts"}],"about":[{"href":"https:\/\/www.agriatv.hu\/index.php?rest_route=\/wp\/v2\/types\/post"}],"author":[{"embeddable":true,"href":"https:\/\/www.agriatv.hu\/index.php?rest_route=\/wp\/v2\/users\/4"}],"replies":[{"embeddable":true,"href":"https:\/\/www.agriatv.hu\/index.php?rest_route=%2Fwp%2Fv2%2Fcomments&post=3202"}],"version-history":[{"count":1,"href":"https:\/\/www.agriatv.hu\/index.php?rest_route=\/wp\/v2\/posts\/3202\/revisions"}],"predecessor-version":[{"id":3203,"href":"https:\/\/www.agriatv.hu\/index.php?rest_route=\/wp\/v2\/posts\/3202\/revisions\/3203"}],"wp:attachment":[{"href":"https:\/\/www.agriatv.hu\/index.php?rest_route=%2Fwp%2Fv2%2Fmedia&parent=3202"}],"wp:term":[{"taxonomy":"category","embeddable":true,"href":"https:\/\/www.agriatv.hu\/index.php?rest_route=%2Fwp%2Fv2%2Fcategories&post=3202"},{"taxonomy":"post_tag","embeddable":true,"href":"https:\/\/www.agriatv.hu\/index.php?rest_route=%2Fwp%2Fv2%2Ftags&post=3202"}],"curies":[{"name":"wp","href":"https:\/\/api.w.org\/{rel}","templated":true}]}}