{"id":3205,"date":"2011-01-11T18:05:25","date_gmt":"2011-01-11T18:05:25","guid":{"rendered":"http:\/\/www.agriatv.hu\/?p=3205"},"modified":"2011-01-11T18:05:25","modified_gmt":"2011-01-11T18:05:25","slug":"eloadas-a-hospice-mozgalomrol","status":"publish","type":"post","link":"https:\/\/www.agriatv.hu\/?p=3205","title":{"rendered":"El\u0151ad\u00e1s a Hospice mozgalomr\u00f3l"},"content":{"rendered":"<div><a href=\"https:\/\/www.agriatv.hu\/wp-content\/uploads\/2011\/01\/0111hospice_v.jpg\"><img loading=\"lazy\" decoding=\"async\" class=\"alignleft size-medium wp-image-3207\" title=\"0111hospice_v\" src=\"https:\/\/www.agriatv.hu\/wp-content\/uploads\/2011\/01\/0111hospice_v-300x240.jpg\" alt=\"\" width=\"134\" height=\"107\" srcset=\"https:\/\/www.agriatv.hu\/wp-content\/uploads\/2011\/01\/0111hospice_v-300x240.jpg 300w, https:\/\/www.agriatv.hu\/wp-content\/uploads\/2011\/01\/0111hospice_v.jpg 720w\" sizes=\"auto, (max-width: 134px) 100vw, 134px\" \/><\/a>&#8221; A Hospice Nem csak \u00e1pol\u00e1s&#8221; c\u00edmmel tartott el\u0151ad\u00e1st Lubai  S\u00e1ndorn\u00e9, az egri Markhot Ferenc k\u00f3rh\u00e1z Hospice \u00e9s \u00e1pol\u00e1si oszt\u00e1ly  f\u0151n\u0151v\u00e9re.<\/div>\n<p>A &#8222;HOSPICE&#8221; egy mozgalom, melynek alapja az a  szeml\u00e9let, hogy a k\u00f6z\u00f6ss\u00e9g a haldokl\u00f3t nem rekeszti ki a megszokott  k\u00f6rnyezet\u00e9b\u0151l, hanem v\u00e9gig mellette marad, a hal\u00e1l\u00e1ig. K\u00f6vet\u0151inek  hitvall\u00e1sa: &#8222;\u00d6n \u00e9lete utols\u00f3 perc\u00e9ig fontos nek\u00fcnk, s mi nem csak az\u00e9rt  fogunk mindent elk\u00f6vetni, hogy b\u00e9k\u00e9ben halhasson meg, hanem hogy  mindv\u00e9gig emberhez m\u00e9lt\u00f3an tudjon \u00e9lni. &#8221; A hospice ell\u00e1t\u00e1s csapat  munka, melynek tagjai egy hospice orvos, hospice n\u0151v\u00e9r, szoci\u00e1lis  gondoz\u00f3, szoci\u00e1lis munk\u00e1s, gy\u00f3gytorn\u00e1sz, di\u00e9t\u00e1sn\u0151v\u00e9r, term\u00e9szetgy\u00f3gy\u00e1sz,  gy\u00f3gymassz\u0151r , pszichol\u00f3gus \u00e9s \u00a0lelkigondoz\u00f3. Mindig az van a beteg  mellett, akire \u00e9ppen sz\u00fcks\u00e9ge van. A team minden tagja speci\u00e1lis  ismeretekkel rendelkezik, az orvostudom\u00e1ny jelenlegi legkorszer\u0171bb  v\u00edvm\u00e1nyait alkalmazza, megtervezve, a t\u00fcnetek, els\u0151sorban a f\u00e1jdalom  cs\u00f6kkent\u00e9se \u00e9rdek\u00e9ben. Az \u00e9let min\u0151s\u00e9ge, meg\u00e9lhet\u0151s\u00e9ge nagym\u00e9rt\u00e9kben  jav\u00edthat\u00f3 a gondos, mindenre kiterjed\u0151 ell\u00e1t\u00e1ssal.<\/p>\n<div class=\"wordtube\">\n<div class=\"wordtube single196\" id=\"WT1_1\" style=\"width:320px; height:240px;\">\n<a href=\"http:\/\/www.macromedia.com\/go\/getflashplayer\">Get the Flash Player<\/a> to see the wordTube Media Player.\n<\/div><\/div>\n\t<script type=\"text\/javascript\" defer=\"defer\">\nvar WT1_1 = {\n\tparams : {\n\t\twmode : \"opaque\",\n\t\tallowscriptaccess : \"always\",\n\t\tallownetworking : \"all\",\n\t\tallowfullscreen : \"true\"},\n\tflashvars : {\n\t\tfile : \"http%3A%2F%2Fwww.agriatv.hu%2Fwp-content%2Fuploads%2F2011%2F01%2F0111hospice.flv\",\n\t\tvolume : \"80\",\n\t\tbufferlength : \"5\",\n\t\tquality : \"false\",\n\t\t'logo.hide' : \"false\",\n\t\timage : \"http%3A%2F%2Fwww.agriatv.hu%2Fwp-content%2Fuploads%2F2011%2F01%2F0111hospice.jpg\",\n\t\ttitle : \"0111hospice.flv\",\n\t\tlinktarget : \"_self\"},\n\tattr : {\n\t\tid : \"WT1\",\n\t\tname : \"WT1\"},\n\tstart : function() {\n\t\tswfobject.embedSWF(\"https:\/\/www.agriatv.hu\/\/player.swf\", \"WT1_1\", \"320\", \"240\", \"9.0.0\", false, this.flashvars, this.params , this.attr );\n\t}\n}\nWT1_1.start();\n\t<\/script>\n\n","protected":false},"excerpt":{"rendered":"<p>&#8221; A Hospice Nem csak \u00e1pol\u00e1s&#8221; c\u00edmmel tartott el\u0151ad\u00e1st Lubai  S\u00e1ndorn\u00e9, az egri Markhot Ferenc k\u00f3rh\u00e1z Hospice \u00e9s \u00e1pol\u00e1si oszt\u00e1ly  f\u0151n\u0151v\u00e9re.<br \/>\nA &#8222;HOSPICE&#8221; egy mozgalom, melynek alapja az a  szeml\u00e9let, hogy a k\u00f6z\u00f6ss\u00e9g a haldokl\u00f3t nem rekeszti ki a megszokott  k\u00f6rnyezet\u00e9b\u0151l, hanem v\u00e9gig mellette marad, a hal\u00e1l\u00e1ig. K\u00f6vet\u0151inek  hitvall\u00e1sa: &#8222;\u00d6n \u00e9lete [&#8230;]<\/p>\n","protected":false},"author":4,"featured_media":0,"comment_status":"open","ping_status":"closed","sticky":false,"template":"","format":"standard","meta":{"footnotes":""},"categories":[4],"tags":[],"class_list":["post-3205","post","type-post","status-publish","format-standard","hentry","category-szabadido"],"_links":{"self":[{"href":"https:\/\/www.agriatv.hu\/index.php?rest_route=\/wp\/v2\/posts\/3205","targetHints":{"allow":["GET"]}}],"collection":[{"href":"https:\/\/www.agriatv.hu\/index.php?rest_route=\/wp\/v2\/posts"}],"about":[{"href":"https:\/\/www.agriatv.hu\/index.php?rest_route=\/wp\/v2\/types\/post"}],"author":[{"embeddable":true,"href":"https:\/\/www.agriatv.hu\/index.php?rest_route=\/wp\/v2\/users\/4"}],"replies":[{"embeddable":true,"href":"https:\/\/www.agriatv.hu\/index.php?rest_route=%2Fwp%2Fv2%2Fcomments&post=3205"}],"version-history":[{"count":1,"href":"https:\/\/www.agriatv.hu\/index.php?rest_route=\/wp\/v2\/posts\/3205\/revisions"}],"predecessor-version":[{"id":3208,"href":"https:\/\/www.agriatv.hu\/index.php?rest_route=\/wp\/v2\/posts\/3205\/revisions\/3208"}],"wp:attachment":[{"href":"https:\/\/www.agriatv.hu\/index.php?rest_route=%2Fwp%2Fv2%2Fmedia&parent=3205"}],"wp:term":[{"taxonomy":"category","embeddable":true,"href":"https:\/\/www.agriatv.hu\/index.php?rest_route=%2Fwp%2Fv2%2Fcategories&post=3205"},{"taxonomy":"post_tag","embeddable":true,"href":"https:\/\/www.agriatv.hu\/index.php?rest_route=%2Fwp%2Fv2%2Ftags&post=3205"}],"curies":[{"name":"wp","href":"https:\/\/api.w.org\/{rel}","templated":true}]}}