{"id":3209,"date":"2011-01-12T18:54:35","date_gmt":"2011-01-12T18:54:35","guid":{"rendered":"http:\/\/www.agriatv.hu\/?p=3209"},"modified":"2011-01-12T18:54:35","modified_gmt":"2011-01-12T18:54:35","slug":"emlekezes-wass-albertre","status":"publish","type":"post","link":"https:\/\/www.agriatv.hu\/?p=3209","title":{"rendered":"Eml\u00e9kez\u00e9s Wass Albertre"},"content":{"rendered":"<p><img loading=\"lazy\" decoding=\"async\" class=\"alignleft\" src=\"http:\/\/www.egriszin.hu\/RenderedContents\/IndexImages\/7\/7114-20110112101649-wass_albert_iv.jpg\" alt=\"\" width=\"113\" height=\"150\" \/><strong>Az erd\u00e9lyi magyar \u00edr\u00f3ra, k\u00f6lt\u0151re eml\u00e9keztek tegnap Egerben,  sz\u00fclet\u00e9s\u00e9nek  102. \u00e9vfordul\u00f3j\u00e1n. A G\u00e1rdonyi G\u00e9za Ciszterci Gimn\u00e1zium  el\u0151tt a k\u00f6lt\u0151  verseib\u0151l id\u00e9ztek a Wass Albert K\u00f6r tagjai.<\/strong><\/p>\n<p>A k\u00f6r vezet\u0151je, Sz\u00edki K\u00e1roly k\u00f6sz\u00f6nt\u0151j\u00e9ben  hangs\u00falyozta, hogy 2005-ben fel\u00e1ll\u00edtott k\u0151 nem \u0151rzi kell\u0151k\u00e9pp Wass  Albert eml\u00e9k\u00e9t, m\u00e1r r\u00e9g\u00f3ta tervezik, hogy egy k\u00f6zt\u00e9ri szobrot is  fel\u00e1ll\u00edtanak. Ennek \u00e9rdek\u00e9ben most egy alap\u00edtv\u00e1nyt is l\u00e9trehoznak, hogy  m\u00e9lt\u00f3 szobrot emelhessenek. Az irodalmi m\u0171sor mellett az eml\u00e9kez\u0151k  gyerty\u00e1kat gy\u00fajtottak, s koszor\u00fakat helyeztek el a k\u0151 el\u0151tt.<\/p>\n<p>Forr\u00e1s: R\u00e1di\u00f31<\/p>\n","protected":false},"excerpt":{"rendered":"<p>Az erd\u00e9lyi magyar \u00edr\u00f3ra, k\u00f6lt\u0151re eml\u00e9keztek tegnap Egerben,  sz\u00fclet\u00e9s\u00e9nek  102. \u00e9vfordul\u00f3j\u00e1n. A G\u00e1rdonyi G\u00e9za Ciszterci Gimn\u00e1zium  el\u0151tt a k\u00f6lt\u0151  verseib\u0151l id\u00e9ztek a Wass Albert K\u00f6r tagjai.<br \/>\nA k\u00f6r vezet\u0151je, Sz\u00edki K\u00e1roly k\u00f6sz\u00f6nt\u0151j\u00e9ben  hangs\u00falyozta, hogy 2005-ben fel\u00e1ll\u00edtott k\u0151 nem \u0151rzi kell\u0151k\u00e9pp Wass  Albert eml\u00e9k\u00e9t, m\u00e1r r\u00e9g\u00f3ta tervezik, hogy egy k\u00f6zt\u00e9ri szobrot [&#8230;]<\/p>\n","protected":false},"author":4,"featured_media":0,"comment_status":"open","ping_status":"closed","sticky":false,"template":"","format":"standard","meta":{"footnotes":""},"categories":[8],"tags":[],"class_list":["post-3209","post","type-post","status-publish","format-standard","hentry","category-kultura"],"_links":{"self":[{"href":"https:\/\/www.agriatv.hu\/index.php?rest_route=\/wp\/v2\/posts\/3209","targetHints":{"allow":["GET"]}}],"collection":[{"href":"https:\/\/www.agriatv.hu\/index.php?rest_route=\/wp\/v2\/posts"}],"about":[{"href":"https:\/\/www.agriatv.hu\/index.php?rest_route=\/wp\/v2\/types\/post"}],"author":[{"embeddable":true,"href":"https:\/\/www.agriatv.hu\/index.php?rest_route=\/wp\/v2\/users\/4"}],"replies":[{"embeddable":true,"href":"https:\/\/www.agriatv.hu\/index.php?rest_route=%2Fwp%2Fv2%2Fcomments&post=3209"}],"version-history":[{"count":1,"href":"https:\/\/www.agriatv.hu\/index.php?rest_route=\/wp\/v2\/posts\/3209\/revisions"}],"predecessor-version":[{"id":3210,"href":"https:\/\/www.agriatv.hu\/index.php?rest_route=\/wp\/v2\/posts\/3209\/revisions\/3210"}],"wp:attachment":[{"href":"https:\/\/www.agriatv.hu\/index.php?rest_route=%2Fwp%2Fv2%2Fmedia&parent=3209"}],"wp:term":[{"taxonomy":"category","embeddable":true,"href":"https:\/\/www.agriatv.hu\/index.php?rest_route=%2Fwp%2Fv2%2Fcategories&post=3209"},{"taxonomy":"post_tag","embeddable":true,"href":"https:\/\/www.agriatv.hu\/index.php?rest_route=%2Fwp%2Fv2%2Ftags&post=3209"}],"curies":[{"name":"wp","href":"https:\/\/api.w.org\/{rel}","templated":true}]}}