{"id":3211,"date":"2011-01-12T18:55:33","date_gmt":"2011-01-12T18:55:33","guid":{"rendered":"http:\/\/www.agriatv.hu\/?p=3211"},"modified":"2011-01-12T18:55:33","modified_gmt":"2011-01-12T18:55:33","slug":"nyilt-nap-a-foiskolan","status":"publish","type":"post","link":"https:\/\/www.agriatv.hu\/?p=3211","title":{"rendered":"Ny\u00edlt Nap a f\u0151iskol\u00e1n"},"content":{"rendered":"<p><img loading=\"lazy\" decoding=\"async\" class=\"alignleft\" src=\"http:\/\/www.egriszin.hu\/RenderedContents\/IndexImages\/7\/7112-20110112091041-ekf.jpg\" alt=\"\" width=\"150\" height=\"113\" \/><strong>A Le\u00e1nyka \u00fati Sportcsarnokban tartja janu\u00e1ri Ny\u00edlt Napj\u00e1t az  Eszterh\u00e1zy  K\u00e1roly F\u0151iskola. A j\u00f6v\u0151 h\u00e9t keddi programra reggel 9 \u00f3r\u00e1t\u00f3l  v\u00e1rj\u00e1k az \u00e9rdekl\u0151d\u0151ket.<\/strong><\/p>\n<p>Az EKF nagy hangs\u00falyt k\u00edv\u00e1n helyezni a  k\u00f6z\u00e9piskol\u00e1sok \u00e9s pedag\u00f3gusok szakszer\u0171 \u00e9s pontos t\u00e1j\u00e9koztat\u00e1sra a 2011.  \u00e9vi felv\u00e9teli elj\u00e1r\u00e1st \u00e9rint\u0151 \u00fcgyekben, a f\u0151iskola k\u00e9pz\u00e9si k\u00edn\u00e1lat\u00e1t \u00e9s  a hallgat\u00f3i szolg\u00e1ltat\u00e1sokat illet\u0151en. 9 \u00f3r\u00e1t\u00f3l a kialak\u00edtott  standokn\u00e1l bemutatkoznak a szaktansz\u00e9kek, alapk\u00e9pz\u00e9si szakok \u00e9s a  fels\u0151fok\u00fa szakk\u00e9pz\u00e9sek. 10-t\u0151l L\u0151rinczn\u00e9 dr. Thiel Katalin  oktat\u00e1sfejleszt\u00e9si rektorhelyettes mond k\u00f6sz\u00f6nt\u0151t, majd egy t\u00e1j\u00e9koztat\u00f3  keret\u00e9ben sz\u00e1mol be a k\u00e9pz\u00e9si form\u00e1kr\u00f3l, illetve a 2011-es felv\u00e9teli  elj\u00e1r\u00e1sr\u00f3l Kal\u00f3n\u00e9 Sz\u0171cs Erzs\u00e9bet a Tanulm\u00e1nyi \u00e9s Inform\u00e1ci\u00f3s K\u00f6zpont  igazgat\u00f3ja. Orsz\u00e1gh \u00c1kos a Hallgat\u00f3i Centrum igazgat\u00f3ja a hallgat\u00f3i  \u00e9letr\u0151l, hallgat\u00f3i szolg\u00e1ltat\u00e1sokr\u00f3l tart el\u0151ad\u00e1st. 12 \u00f3r\u00e1t\u00f3l int\u00e9zm\u00e9nyi  k\u00f6rs\u00e9t\u00e1ra is v\u00e1rj\u00e1k az \u00e9rdekl\u0151d\u0151ket.<\/p>\n","protected":false},"excerpt":{"rendered":"<p>A Le\u00e1nyka \u00fati Sportcsarnokban tartja janu\u00e1ri Ny\u00edlt Napj\u00e1t az  Eszterh\u00e1zy  K\u00e1roly F\u0151iskola. A j\u00f6v\u0151 h\u00e9t keddi programra reggel 9 \u00f3r\u00e1t\u00f3l  v\u00e1rj\u00e1k az \u00e9rdekl\u0151d\u0151ket.<br \/>\nAz EKF nagy hangs\u00falyt k\u00edv\u00e1n helyezni a  k\u00f6z\u00e9piskol\u00e1sok \u00e9s pedag\u00f3gusok szakszer\u0171 \u00e9s pontos t\u00e1j\u00e9koztat\u00e1sra a 2011.  \u00e9vi felv\u00e9teli elj\u00e1r\u00e1st \u00e9rint\u0151 \u00fcgyekben, a f\u0151iskola k\u00e9pz\u00e9si k\u00edn\u00e1lat\u00e1t \u00e9s  a [&#8230;]<\/p>\n","protected":false},"author":4,"featured_media":0,"comment_status":"open","ping_status":"closed","sticky":false,"template":"","format":"standard","meta":{"footnotes":""},"categories":[9],"tags":[],"class_list":["post-3211","post","type-post","status-publish","format-standard","hentry","category-oktatas"],"_links":{"self":[{"href":"https:\/\/www.agriatv.hu\/index.php?rest_route=\/wp\/v2\/posts\/3211","targetHints":{"allow":["GET"]}}],"collection":[{"href":"https:\/\/www.agriatv.hu\/index.php?rest_route=\/wp\/v2\/posts"}],"about":[{"href":"https:\/\/www.agriatv.hu\/index.php?rest_route=\/wp\/v2\/types\/post"}],"author":[{"embeddable":true,"href":"https:\/\/www.agriatv.hu\/index.php?rest_route=\/wp\/v2\/users\/4"}],"replies":[{"embeddable":true,"href":"https:\/\/www.agriatv.hu\/index.php?rest_route=%2Fwp%2Fv2%2Fcomments&post=3211"}],"version-history":[{"count":2,"href":"https:\/\/www.agriatv.hu\/index.php?rest_route=\/wp\/v2\/posts\/3211\/revisions"}],"predecessor-version":[{"id":3213,"href":"https:\/\/www.agriatv.hu\/index.php?rest_route=\/wp\/v2\/posts\/3211\/revisions\/3213"}],"wp:attachment":[{"href":"https:\/\/www.agriatv.hu\/index.php?rest_route=%2Fwp%2Fv2%2Fmedia&parent=3211"}],"wp:term":[{"taxonomy":"category","embeddable":true,"href":"https:\/\/www.agriatv.hu\/index.php?rest_route=%2Fwp%2Fv2%2Fcategories&post=3211"},{"taxonomy":"post_tag","embeddable":true,"href":"https:\/\/www.agriatv.hu\/index.php?rest_route=%2Fwp%2Fv2%2Ftags&post=3211"}],"curies":[{"name":"wp","href":"https:\/\/api.w.org\/{rel}","templated":true}]}}