{"id":323,"date":"2010-07-05T16:53:45","date_gmt":"2010-07-05T16:53:45","guid":{"rendered":"http:\/\/www.agriatv.hu\/?p=323"},"modified":"2010-07-05T16:53:45","modified_gmt":"2010-07-05T16:53:45","slug":"nyaron-kicsit-mas-a-konyvtar","status":"publish","type":"post","link":"https:\/\/www.agriatv.hu\/?p=323","title":{"rendered":"Ny\u00e1ron kicsit m\u00e1s a k\u00f6nyvt\u00e1r"},"content":{"rendered":"<p class=\"cikkcikkei\">&nbsp;<\/p>\n<p><img decoding=\"async\" align=\"left\" class=\"kiskepcikkhez\" src=\"http:\/\/www.egriszin.hu\/RenderedContents\/IndexImages\/5\/5739-20100705151913-SANY6679.JPG\" title=\"\" \/><\/p>\n<p><b>J&uacute;liusban pihennek a k&ouml;nyvek, &eacute;s az eg&eacute;sz &eacute;vben az olvas&oacute;k ig&eacute;nyeit kiel&eacute;g&iacute;teni igyekv\u0151 k&ouml;nyvt&aacute;rosok is. A szabads&aacute;gok idej&eacute;n v&aacute;ltozik a Br&oacute;dy S&aacute;ndor Megyei &eacute;s V&aacute;rosi K&ouml;nyvt&aacute;r nyitva tart&aacute;sa.<\/b><\/p>\n<p align=\"justify\">Az idei ny&aacute;ron is megv&aacute;ltozott nyitva tart&aacute;ssal, internethaszn&aacute;lattal, v&aacute;rja olthatatlan olvas&aacute;sv&aacute;gyban szenved\u0151 olvas&oacute;it a k&ouml;nyvt&aacute;r.<br \/>\n\tA K&ouml;zponti K&ouml;nyvt&aacute;r, a Gyermekk&ouml;nyvt&aacute;r &eacute;s a fi&oacute;kk&ouml;nyvt&aacute;rak j&uacute;liusban &eacute;s augusztusban szombatonk&eacute;nt z&aacute;rva tartanak. A K&ouml;zponti K&ouml;nyvt&aacute;r j&uacute;lius 26-t&oacute;l augusztus 24-ig lesz z&aacute;rva. A ny&aacute;ri z&aacute;rva tart&aacute;s alatt a K&ouml;zponti K&ouml;nyvt&aacute;rb&oacute;l kik&ouml;lcs&ouml;nz&ouml;tt k&ouml;nyvek a Zenei &eacute;s Idegen Nyelvi Gy\u0171jtem&eacute;nyben adhat&oacute;k le. Ez a r&eacute;szleg j&uacute;lius 1-t\u0151l 26-ig, a K&ouml;zigazgat&aacute;si Szakk&ouml;nyvt&aacute;r j&uacute;lius 15-t\u0151l augusztus 2-ig tart z&aacute;rva.<br \/>\n\tAz 1. sz.fi&oacute;kk&ouml;nyvt&aacute;r j&uacute;lius 1-t\u0151l augusztus 24-ig, a 2. sz. fi&oacute;kk&ouml;nyvt&aacute;r j&uacute;lius 12-t\u0151l augusztus 17-ig, a 3. sz. fi&oacute;kk&ouml;nyvt&aacute;r j&uacute;lius 1-t\u0151l augusztus 10-ig tart z&aacute;rva.<\/p>\n<p align=\"justify\">&Uacute;js&aacute;golvas&aacute;sra, internetez&eacute;sre szint&eacute;n a Zenei &eacute;s Idegen Nyelvi Gy\u0171jtem&eacute;nyben, valamint a K&ouml;zigazgat&aacute;si Szakk&ouml;nyvt&aacute;rban van lehet\u0151s&eacute;g.<br \/>\n\tA Gyermekk&ouml;nyvt&aacute;r is &aacute;t&aacute;llt a ny&aacute;ri nyitvatart&aacute;si rendre d&eacute;lel\u0151tt 9-12, d&eacute;lut&aacute;n 13-17, a meleg napokon pedig &#8211; a tavalyi &eacute;vhez hasonl&oacute;an &#8211; az &Eacute;rsekkertben is v&aacute;rja az olvasni v&aacute;gy&oacute;kat.<\/p>\n<p align=\"justify\">Forr&aacute;s: Egrisz&iacute;n<\/p>\n","protected":false},"excerpt":{"rendered":"<p>&nbsp;<\/p>\n<p>J&uacute;liusban pihennek a k&ouml;nyvek, &eacute;s az eg&eacute;sz &eacute;vben az olvas&oacute;k ig&eacute;nyeit kiel&eacute;g&iacute;teni igyekv\u0151 k&ouml;nyvt&aacute;rosok is. A szabads&aacute;gok idej&eacute;n v&aacute;ltozik a Br&oacute;dy S&aacute;ndor Megyei &eacute;s V&aacute;rosi K&ouml;nyvt&aacute;r nyitva tart&aacute;sa.<br \/>\nAz idei ny&aacute;ron is megv&aacute;ltozott nyitva tart&aacute;ssal, internethaszn&aacute;lattal, v&aacute;rja olthatatlan olvas&aacute;sv&aacute;gyban szenved\u0151 olvas&oacute;it a k&ouml;nyvt&aacute;r.<br \/>\n\tA K&ouml;zponti K&ouml;nyvt&aacute;r, a Gyermekk&ouml;nyvt&aacute;r &eacute;s a fi&oacute;kk&ouml;nyvt&aacute;rak j&uacute;liusban &eacute;s augusztusban szombatonk&eacute;nt z&aacute;rva tartanak. [&#8230;]<\/p>\n","protected":false},"author":4,"featured_media":0,"comment_status":"closed","ping_status":"open","sticky":false,"template":"","format":"standard","meta":{"footnotes":""},"categories":[4],"tags":[],"class_list":["post-323","post","type-post","status-publish","format-standard","hentry","category-szabadido"],"_links":{"self":[{"href":"https:\/\/www.agriatv.hu\/index.php?rest_route=\/wp\/v2\/posts\/323","targetHints":{"allow":["GET"]}}],"collection":[{"href":"https:\/\/www.agriatv.hu\/index.php?rest_route=\/wp\/v2\/posts"}],"about":[{"href":"https:\/\/www.agriatv.hu\/index.php?rest_route=\/wp\/v2\/types\/post"}],"author":[{"embeddable":true,"href":"https:\/\/www.agriatv.hu\/index.php?rest_route=\/wp\/v2\/users\/4"}],"replies":[{"embeddable":true,"href":"https:\/\/www.agriatv.hu\/index.php?rest_route=%2Fwp%2Fv2%2Fcomments&post=323"}],"version-history":[{"count":1,"href":"https:\/\/www.agriatv.hu\/index.php?rest_route=\/wp\/v2\/posts\/323\/revisions"}],"predecessor-version":[{"id":324,"href":"https:\/\/www.agriatv.hu\/index.php?rest_route=\/wp\/v2\/posts\/323\/revisions\/324"}],"wp:attachment":[{"href":"https:\/\/www.agriatv.hu\/index.php?rest_route=%2Fwp%2Fv2%2Fmedia&parent=323"}],"wp:term":[{"taxonomy":"category","embeddable":true,"href":"https:\/\/www.agriatv.hu\/index.php?rest_route=%2Fwp%2Fv2%2Fcategories&post=323"},{"taxonomy":"post_tag","embeddable":true,"href":"https:\/\/www.agriatv.hu\/index.php?rest_route=%2Fwp%2Fv2%2Ftags&post=323"}],"curies":[{"name":"wp","href":"https:\/\/api.w.org\/{rel}","templated":true}]}}