{"id":3248,"date":"2011-01-16T11:19:24","date_gmt":"2011-01-16T11:19:24","guid":{"rendered":"http:\/\/www.agriatv.hu\/?p=3248"},"modified":"2011-01-16T18:22:34","modified_gmt":"2011-01-16T18:22:34","slug":"lezuhant-egy-kisrepulo-a-pilota-meghalt","status":"publish","type":"post","link":"https:\/\/www.agriatv.hu\/?p=3248","title":{"rendered":"Lezuhant egy kisrep\u00fcl\u0151 &#8211; a pil\u00f3ta meghalt"},"content":{"rendered":"<p><a href=\"https:\/\/www.agriatv.hu\/wp-content\/uploads\/2011\/01\/0116repulo_v.jpg\"><img loading=\"lazy\" decoding=\"async\" class=\"alignleft size-medium wp-image-3250\" title=\"0116repulo_v\" src=\"https:\/\/www.agriatv.hu\/wp-content\/uploads\/2011\/01\/0116repulo_v-300x240.jpg\" alt=\"\" width=\"135\" height=\"108\" srcset=\"https:\/\/www.agriatv.hu\/wp-content\/uploads\/2011\/01\/0116repulo_v-300x240.jpg 300w, https:\/\/www.agriatv.hu\/wp-content\/uploads\/2011\/01\/0116repulo_v.jpg 720w\" sizes=\"auto, (max-width: 135px) 100vw, 135px\" \/><\/a>Az egri rep\u00fcl\u0151t\u00e9r mellett lezuhant egy ultrak\u00f6nny\u0171 kisrep\u00fcl\u0151. a Pil\u00f3ta meghalt a balesetben. A g\u00e9p berep\u00fcl\u00e9sen volt, szemtan\u00fak szerint a rep\u00fcl\u0151t\u00e9r felett le\u00e1llt a motorja. Ezt a rep\u00fcl\u0151g\u00e9pet egy\u00e9bk\u00e9nt nagyon megb\u00edzhat\u00f3nak tartj\u00e1k. A helysz\u00ednel\u00e9s idej\u00e9re a Noszvaj fel\u00e9 vezet\u0151 utat teljes sz\u00e9less\u00e9g\u00e9ben lez\u00e1rt\u00e1k.<\/p>\n<div class=\"wordtube\">\n<div class=\"wordtube single202\" id=\"WT1_1\" style=\"width:320px; height:240px;\">\n<a href=\"http:\/\/www.macromedia.com\/go\/getflashplayer\">Get the Flash Player<\/a> to see the wordTube Media Player.\n<\/div><\/div>\n\t<script type=\"text\/javascript\" defer=\"defer\">\nvar WT1_1 = {\n\tparams : {\n\t\twmode : \"opaque\",\n\t\tallowscriptaccess : \"always\",\n\t\tallownetworking : \"all\",\n\t\tallowfullscreen : \"true\"},\n\tflashvars : {\n\t\tfile : \"http%3A%2F%2Fwww.agriatv.hu%2Fwp-content%2Fuploads%2F2011%2F01%2F0116repolo.flv\",\n\t\tvolume : \"80\",\n\t\tbufferlength : \"5\",\n\t\tquality : \"false\",\n\t\t'logo.hide' : \"false\",\n\t\timage : \"http%3A%2F%2Fwww.agriatv.hu%2Fwp-content%2Fuploads%2F2011%2F01%2F0116repulo.jpg\",\n\t\ttitle : \"0116repolo.flv\",\n\t\tlinktarget : \"_self\"},\n\tattr : {\n\t\tid : \"WT1\",\n\t\tname : \"WT1\"},\n\tstart : function() {\n\t\tswfobject.embedSWF(\"https:\/\/www.agriatv.hu\/\/player.swf\", \"WT1_1\", \"320\", \"240\", \"9.0.0\", false, this.flashvars, this.params , this.attr );\n\t}\n}\nWT1_1.start();\n\t<\/script>\n\n","protected":false},"excerpt":{"rendered":"<p>Az egri rep\u00fcl\u0151t\u00e9r mellett lezuhant egy ultrak\u00f6nny\u0171 kisrep\u00fcl\u0151. a Pil\u00f3ta meghalt a balesetben. A g\u00e9p berep\u00fcl\u00e9sen volt, szemtan\u00fak szerint a rep\u00fcl\u0151t\u00e9r felett le\u00e1llt a motorja. Ezt a rep\u00fcl\u0151g\u00e9pet egy\u00e9bk\u00e9nt nagyon megb\u00edzhat\u00f3nak tartj\u00e1k. A helysz\u00ednel\u00e9s idej\u00e9re a Noszvaj fel\u00e9 vezet\u0151 utat teljes sz\u00e9less\u00e9g\u00e9ben lez\u00e1rt\u00e1k.<\/p>\n","protected":false},"author":4,"featured_media":0,"comment_status":"open","ping_status":"closed","sticky":false,"template":"","format":"standard","meta":{"footnotes":""},"categories":[5],"tags":[],"class_list":["post-3248","post","type-post","status-publish","format-standard","hentry","category-kek-hirek"],"_links":{"self":[{"href":"https:\/\/www.agriatv.hu\/index.php?rest_route=\/wp\/v2\/posts\/3248","targetHints":{"allow":["GET"]}}],"collection":[{"href":"https:\/\/www.agriatv.hu\/index.php?rest_route=\/wp\/v2\/posts"}],"about":[{"href":"https:\/\/www.agriatv.hu\/index.php?rest_route=\/wp\/v2\/types\/post"}],"author":[{"embeddable":true,"href":"https:\/\/www.agriatv.hu\/index.php?rest_route=\/wp\/v2\/users\/4"}],"replies":[{"embeddable":true,"href":"https:\/\/www.agriatv.hu\/index.php?rest_route=%2Fwp%2Fv2%2Fcomments&post=3248"}],"version-history":[{"count":3,"href":"https:\/\/www.agriatv.hu\/index.php?rest_route=\/wp\/v2\/posts\/3248\/revisions"}],"predecessor-version":[{"id":3252,"href":"https:\/\/www.agriatv.hu\/index.php?rest_route=\/wp\/v2\/posts\/3248\/revisions\/3252"}],"wp:attachment":[{"href":"https:\/\/www.agriatv.hu\/index.php?rest_route=%2Fwp%2Fv2%2Fmedia&parent=3248"}],"wp:term":[{"taxonomy":"category","embeddable":true,"href":"https:\/\/www.agriatv.hu\/index.php?rest_route=%2Fwp%2Fv2%2Fcategories&post=3248"},{"taxonomy":"post_tag","embeddable":true,"href":"https:\/\/www.agriatv.hu\/index.php?rest_route=%2Fwp%2Fv2%2Ftags&post=3248"}],"curies":[{"name":"wp","href":"https:\/\/api.w.org\/{rel}","templated":true}]}}