{"id":325,"date":"2010-07-05T16:56:40","date_gmt":"2010-07-05T16:56:40","guid":{"rendered":"http:\/\/www.agriatv.hu\/?p=325"},"modified":"2010-07-05T16:57:18","modified_gmt":"2010-07-05T16:57:18","slug":"eselyt-kaptak-egy-jobb-eletre","status":"publish","type":"post","link":"https:\/\/www.agriatv.hu\/?p=325","title":{"rendered":"Es\u00e9lyt kaptak egy jobb \u00e9letre"},"content":{"rendered":"<p><strong>A napokban z&aacute;rult le Sirokban a &bdquo;Tarnai k\u0151lyukak&rdquo; c&iacute;m\u0171 p&aacute;ly&aacute;zati program egy r&eacute;szeleme. <\/strong><\/p>\n<p>A SZETA Egri Szervezete, a Siroki Roma&ndash;Magyar Egyes&uuml;let &eacute;s a k&ouml;zs&eacute;gi &ouml;nkorm&aacute;nyzat alkotta konzorcium &aacute;ltal koordin&aacute;lt projekt c&eacute;lja, hogy el\u0151seg&iacute;tse a helybeli halmozottan h&aacute;tr&aacute;nyos helyzet\u0171, szeg&eacute;nys&eacute;gben &eacute;l\u0151 emberek, csal&aacute;dok sors&aacute;nak jav&iacute;t&aacute;s&aacute;t, illetve az, hogy a munkaer\u0151piacr&oacute;l kirekeszt\u0151d&ouml;tt feln\u0151ttek munk&aacute;hoz jut&aacute;s&aacute;t t&aacute;mogass&aacute;k.<\/p>\n<p>&Aacute;prilisban &eacute;s j&uacute;niusban, h&aacute;rom szakmacsoportban, 18 ember tett sikeres vizsg&aacute;t. Hatan erd\u0151m\u0171vel\u0151 &eacute;s motorf\u0171r&eacute;szg&eacute;p-kezel\u0151, hatan &eacute;p&uuml;letfalaz&oacute; &eacute;s vakol&oacute;, hatan pedig gyermek- &eacute;s ifj&uacute;s&aacute;g-fel&uuml;gyel\u0151k&eacute;nt dolgozhatnak az elk&ouml;vetkez\u0151 id\u0151szakban.<\/p>\n<p>Forr&aacute;s: Heol<\/p>\n","protected":false},"excerpt":{"rendered":"<p>A napokban z&aacute;rult le Sirokban a &bdquo;Tarnai k\u0151lyukak&rdquo; c&iacute;m\u0171 p&aacute;ly&aacute;zati program egy r&eacute;szeleme.<br \/>\nA SZETA Egri Szervezete, a Siroki Roma&ndash;Magyar Egyes&uuml;let &eacute;s a k&ouml;zs&eacute;gi &ouml;nkorm&aacute;nyzat alkotta konzorcium &aacute;ltal koordin&aacute;lt projekt c&eacute;lja, hogy el\u0151seg&iacute;tse a helybeli halmozottan h&aacute;tr&aacute;nyos helyzet\u0171, szeg&eacute;nys&eacute;gben &eacute;l\u0151 emberek, csal&aacute;dok sors&aacute;nak jav&iacute;t&aacute;s&aacute;t, illetve az, hogy a munkaer\u0151piacr&oacute;l kirekeszt\u0151d&ouml;tt feln\u0151ttek munk&aacute;hoz jut&aacute;s&aacute;t t&aacute;mogass&aacute;k.<br \/>\n&Aacute;prilisban &eacute;s [&#8230;]<\/p>\n","protected":false},"author":4,"featured_media":0,"comment_status":"closed","ping_status":"open","sticky":false,"template":"","format":"standard","meta":{"footnotes":""},"categories":[9],"tags":[],"class_list":["post-325","post","type-post","status-publish","format-standard","hentry","category-oktatas"],"_links":{"self":[{"href":"https:\/\/www.agriatv.hu\/index.php?rest_route=\/wp\/v2\/posts\/325","targetHints":{"allow":["GET"]}}],"collection":[{"href":"https:\/\/www.agriatv.hu\/index.php?rest_route=\/wp\/v2\/posts"}],"about":[{"href":"https:\/\/www.agriatv.hu\/index.php?rest_route=\/wp\/v2\/types\/post"}],"author":[{"embeddable":true,"href":"https:\/\/www.agriatv.hu\/index.php?rest_route=\/wp\/v2\/users\/4"}],"replies":[{"embeddable":true,"href":"https:\/\/www.agriatv.hu\/index.php?rest_route=%2Fwp%2Fv2%2Fcomments&post=325"}],"version-history":[{"count":2,"href":"https:\/\/www.agriatv.hu\/index.php?rest_route=\/wp\/v2\/posts\/325\/revisions"}],"predecessor-version":[{"id":327,"href":"https:\/\/www.agriatv.hu\/index.php?rest_route=\/wp\/v2\/posts\/325\/revisions\/327"}],"wp:attachment":[{"href":"https:\/\/www.agriatv.hu\/index.php?rest_route=%2Fwp%2Fv2%2Fmedia&parent=325"}],"wp:term":[{"taxonomy":"category","embeddable":true,"href":"https:\/\/www.agriatv.hu\/index.php?rest_route=%2Fwp%2Fv2%2Fcategories&post=325"},{"taxonomy":"post_tag","embeddable":true,"href":"https:\/\/www.agriatv.hu\/index.php?rest_route=%2Fwp%2Fv2%2Ftags&post=325"}],"curies":[{"name":"wp","href":"https:\/\/api.w.org\/{rel}","templated":true}]}}